{"id":152512,"date":"2025-10-08T04:38:18","date_gmt":"2025-10-08T04:38:18","guid":{"rendered":"https:\/\/www.europesays.com\/it\/152512\/"},"modified":"2025-10-08T04:38:18","modified_gmt":"2025-10-08T04:38:18","slug":"tumore-al-seno-farmaciste-insieme-rompere-il-silenzio-per-migliorare-la-qualita-di-vita-nel-percorso-di-cura","status":"publish","type":"post","link":"https:\/\/www.europesays.com\/it\/152512\/","title":{"rendered":"Tumore al seno, Farmaciste Insieme: rompere il silenzio per migliorare la qualit\u00e0 di vita nel percorso di cura"},"content":{"rendered":"<p>                              Oncologia<\/p>\n<p class=\"text-left oswald bold line-after text-uppercase\" style=\"font-size: 24px; margin: 25px 0; color:#A0B8A3 \">Tumori<\/p>\n<p>           07 Ottobre 2025<\/p>\n<p>Presentata al Ministero della Salute la nuova edizione del progetto &#8220;La Voce dell\u2019Intimit\u00e0&#8221; promosso da Pfizer e Farmaciste Insieme, per offrire sostegno psicofisico e relazionale alle pazienti oncologiche e valorizzare la qualit\u00e0 della vita accanto alle cure<\/p>\n<p>                                                    di  Redazione Farmacista33<\/p>\n<p>           <img decoding=\"async\" class=\"img-responsive\" src=\"https:\/\/www.europesays.com\/it\/wp-content\/uploads\/2025\/10\/20251007175853farmacistapazienteoncologiatumore.jpg\" style=\"margin-bottom: 25px;\" alt=\"Tumore al seno, Farmaciste Insieme: rompere il silenzio per migliorare la qualit\u00e0 di vita nel percorso di cura\"\/><\/p>\n<p>Un progetto curato da donne (farmaciste) pensato per le donne, pazienti oncologiche con affette da tumore metastatico al seno per offrire un supporto concreto nella gestione dei cambiamenti psicofisici che la malattia e le terapie comportano. Si chiama \u201cLa Voce dell\u2019Intimit\u00e0\u201d, e la nuova edizione \u00e8 stata presentata oggi, presso l\u2019Auditorium Cosimo Piccinno del Ministero della Salute promosso da Pfizer in collaborazione con l\u2019associazione Farmaciste Insieme.<\/p>\n<p><strong>Supporto concreto alle pazienti\u00a0<\/strong><\/p>\n<p>Il progetto intende offrire alle donne affette da tumore metastatico al seno un supporto concreto per conoscere, comprendere e gestire i cambiamenti psicofisici che la malattia e le terapie comportano. Anche quest\u2019anno, le farmaciste in farmacia potranno dare il loro contributo grazie alla formazione sull\u2019approccio psico-emotivo e relazionale, curata dalla psico-oncologa <strong>Gabriella De Benedetta<\/strong>, componente del direttivo della SIPO (Societ\u00e0 Italiana di Psico-Oncologia).\u00a0<\/p>\n<p>Il progetto ha la peculiarit\u00e0 di rivolgersi alle donne ed essere realizzato da donne \u2013 l\u201980% delle farmaciste, infatti, \u00e8 donna \u2013 e ci\u00f2 permette di creare un canale di comunicazione empatico ed intimo con le pazienti, che si sentono pi\u00f9 libere di affrontare temi delicati legati ai cambiamenti profondi del corpo e della sfera emotiva e relazionale.<\/p>\n<p>\u201cCon La Voce dell\u2019Intimit\u00e0 vogliamo portare nelle farmacie un approccio nuovo che inneschi un cambiamento culturale, aprendo un dialogo profondo con le donne e portando la qualit\u00e0 della vita delle pazienti oncologiche all\u2019attenzione di tutti\u201d afferma <strong>Angela Margiotta<\/strong>, presidente di Farmaciste Insieme. I progressi della ricerca hanno cambiato profondamente la prospettiva sul tumore al seno metastatico, che in molti casi oggi pu\u00f2 essere affrontato come una malattia cronica. \u201cQuesto mutato scenario \u2013 prosegue Margiotta &#8211; rende necessario lavorare non solo sulle terapie ma anche sulla qualit\u00e0 della vita: preservare la sfera affettiva e relazionale e la possibilit\u00e0 di vivere con pienezza ogni momento della propria vita diventa parte integrante del percorso di cura\u201d.<\/p>\n<p><strong>Formazione integrata con ascolto ed empatia valorizza il farmacista\u00a0<\/strong><\/p>\n<p>\u201cLa formazione rappresenta da sempre la cifra distintiva della professione farmaceutica. Attraverso percorsi qualificati come questo, intendiamo rafforzare la preparazione delle farmaciste su tematiche che incidono profondamente sulla qualit\u00e0 della vita delle pazienti\u201d dichiara <strong>Andrea Mandelli<\/strong>, presidente della FOFI. \u201cL\u2019aggiornamento continuo, integrato con capacit\u00e0 di ascolto ed empatia, valorizza il farmacista come professionista della salute di prossimit\u00e0, vicino alla persona, con empatia e capacit\u00e0 di ascolto\u201d.<\/p>\n<p>\u201cQuesta campagna \u00e8 coerente con la dimensione relazionale della farmacia dei servizi: una farmacia che accoglie, ascolta, orienta. Una farmacia che agisce in sinergia con gli altri professionisti della salute sul territorio e con le associazioni dei pazienti e dei cittadini\u201d afferma <strong>Marco Cossolo<\/strong>, presidente di Federfarma nazionale. \u201cCampagne come questa hanno il merito di attuare un modello di collaborazione virtuosa tra sanit\u00e0 pubblica, mondo farmaceutico e associazionismo per supportare la salute delle donne\u201d.<\/p>\n<p>\u201cL\u2019attenzione alla persona e alle sue esigenze \u00e8 parte integrante dell\u2019impegno di Pfizer in Oncologia \u2013 commenta <strong>Biagio Oppi<\/strong>, External Communications Director di Pfizer in Italia \u2013 che, oltre a concretizzarsi nella ricerca e nello sviluppo di farmaci efficaci e sicuri, si realizza con progetti e iniziative, svolti in collaborazione con tutti gli interlocutori del sistema salute (farmacisti, medici, istituzioni e associazioni di pazienti),che supportino i pazienti e i caregiver rispondendo ai loro bisogni di salute\u201d.<\/p>\n<p>La Voce dell\u2019intimit\u00e0 promuove con forza, in questa seconda edizione, una nuova cultura del diritto di vivere la vita pienamente, in tutti i suoi aspetti, anche da chi \u00e8 affetto da malattie come il tumore metastatico al seno. Per l\u2019intero mese di ottobre, nelle farmacie aderenti \u00e8 esposta la locandina dell\u2019iniziativa che rinvia, tramite QR CODE, al sito ufficiale della campagna, ricco di contenuti di approfondimento.\u00a0<\/p>\n<p>         <b style=\"font-size: 17px\" class=\"colore-primario\">TAG:<\/b> <a class=\"color-primario\" style=\"font-size: 17px;text-decoration:none\" href=\"https:\/\/www.farmacista33.it\/cerca\/?tag=Farmaciste\" rel=\"nofollow noopener\" target=\"_blank\">FARMACISTE<\/a>, <a class=\"color-primario\" style=\"font-size: 17px;text-decoration:none\" href=\"https:\/\/www.farmacista33.it\/cerca\/?tag=tumore al seno metastatico\" rel=\"nofollow noopener\" target=\"_blank\">TUMORE AL SENO METASTATICO<\/a>, <a class=\"color-primario\" style=\"font-size: 17px;text-decoration:none\" href=\"https:\/\/www.farmacista33.it\/cerca\/?tag=Pfizer\" rel=\"nofollow noopener\" target=\"_blank\">PFIZER<\/a>                    <\/p>\n<p class=\"light\" style=\"margin-top:3px; font-size:18px;\"> &#13;<br \/>\n\t\t\t\t\tSe l&#8217;articolo ti \u00e8 piaciuto rimani in contatto con noi sui nostri canali social seguendoci su:&#13;\n\t\t\t\t<\/p>\n<p class=\"light\" style=\"margin-top:3px; font-size:18px;\"> &#13;<br \/>\n\t\t\tOppure rimani sempre aggiornato in ambito farmaceutico iscrivendoti alla nostra newsletter!&#13;\n\t\t\t\t<\/p>\n<p class=\"text-left oswald bold line-after text-uppercase\" style=\"font-size: 24px; margin: 25px 0; color:#A0B8A3\">POTREBBERO INTERESSARTI ANCHE<\/p>\n","protected":false},"excerpt":{"rendered":"Oncologia Tumori 07 Ottobre 2025 Presentata al Ministero della Salute la nuova edizione del progetto &#8220;La Voce dell\u2019Intimit\u00e0&#8221;&hellip;\n","protected":false},"author":3,"featured_media":152513,"comment_status":"","ping_status":"","sticky":false,"template":"","format":"standard","meta":{"footnotes":""},"categories":[1480],"tags":[1944,239,1537,90,89,240,1942,1943,1940,1941],"class_list":{"0":"post-152512","1":"post","2":"type-post","3":"status-publish","4":"format-standard","5":"has-post-thumbnail","7":"category-salute-femminile","8":"tag-femminile","9":"tag-health","10":"tag-it","11":"tag-italia","12":"tag-italy","13":"tag-salute","14":"tag-salute-femminile","15":"tag-salutefemminile","16":"tag-womens-health","17":"tag-womenshealth"},"share_on_mastodon":{"url":"","error":""},"_links":{"self":[{"href":"https:\/\/www.europesays.com\/it\/wp-json\/wp\/v2\/posts\/152512","targetHints":{"allow":["GET"]}}],"collection":[{"href":"https:\/\/www.europesays.com\/it\/wp-json\/wp\/v2\/posts"}],"about":[{"href":"https:\/\/www.europesays.com\/it\/wp-json\/wp\/v2\/types\/post"}],"author":[{"embeddable":true,"href":"https:\/\/www.europesays.com\/it\/wp-json\/wp\/v2\/users\/3"}],"replies":[{"embeddable":true,"href":"https:\/\/www.europesays.com\/it\/wp-json\/wp\/v2\/comments?post=152512"}],"version-history":[{"count":0,"href":"https:\/\/www.europesays.com\/it\/wp-json\/wp\/v2\/posts\/152512\/revisions"}],"wp:featuredmedia":[{"embeddable":true,"href":"https:\/\/www.europesays.com\/it\/wp-json\/wp\/v2\/media\/152513"}],"wp:attachment":[{"href":"https:\/\/www.europesays.com\/it\/wp-json\/wp\/v2\/media?parent=152512"}],"wp:term":[{"taxonomy":"category","embeddable":true,"href":"https:\/\/www.europesays.com\/it\/wp-json\/wp\/v2\/categories?post=152512"},{"taxonomy":"post_tag","embeddable":true,"href":"https:\/\/www.europesays.com\/it\/wp-json\/wp\/v2\/tags?post=152512"}],"curies":[{"name":"wp","href":"https:\/\/api.w.org\/{rel}","templated":true}]}}