{"id":152514,"date":"2025-10-08T04:40:10","date_gmt":"2025-10-08T04:40:10","guid":{"rendered":"https:\/\/www.europesays.com\/it\/152514\/"},"modified":"2025-10-08T04:40:10","modified_gmt":"2025-10-08T04:40:10","slug":"la-citta-dal-grande-cuore-ecco-un-altro-defibrillatore-la-vita-bene-prezioso","status":"publish","type":"post","link":"https:\/\/www.europesays.com\/it\/152514\/","title":{"rendered":"La citt\u00e0 dal grande cuore. Ecco un altro defibrillatore: &#8220;La vita bene prezioso&#8221;"},"content":{"rendered":"<p>Il decimo <strong>defibrillatore<\/strong> donato alla citt\u00e0. Continua l\u2019impegno delle associazioni Bof e Never Give Up \u2018Memorial Nicola Ussia\u2019 per la <strong>prevenzione delle malattie cardiovascolari<\/strong>. E ieri mattina \u00e8 stato consegnato al centro sociale \u2018La Stalla\u2019 un dispositivo salvavita acquistato con i fondi raccolti durante le tante iniziative organizzate dalle due realt\u00e0. Lo strumento, che si trova nei pressi degli impianti sportivi del polo aggregativo, si aggiunge a quello gi\u00e0 in dotazione al bar e alle sale frequentate ogni giorno da centinaia di persone. &#8220;Sembra ieri che, insieme a mia sorella Giulia e ad alcuni parenti, abbiamo dato forma al progetto \u2013 ha spiegato Antonio Ussia, che ha fondato Never Give Up dopo la prematura scomparsa del padre nel 2009 a causa di un arresto cardiaco \u2013. Un percorso cresciuto di anno in anno tra tornei di sport, estivi e autunnali, e aste benefiche con oggetti donati dai campioni. La presenza e la mappatura dei defibrillatori nei luoghi pubblici, che abbiamo caldeggiato quasi da pionieri, oggi \u00e8 legge. Ma non ci fermeremo qui&#8221;. Gi\u00e0, perch\u00e9 all\u2019orizzonte c\u2019\u00e8 una nuova missione: &#8220;L\u2019acquisto di un <strong>sistema Lucas<\/strong> da donare al reparto di Emergenza Territoriale 118 dell\u2019Ausl di Imola capace di rianimare in sicurezza la persona colpita da criticit\u00e0 \u2013 aggiunge Ussia \u2013. Un dispositivo che ancora manca sul territorio&#8221;. Sulla stessa lunghezza d\u2019onda i presidenti dell\u2019associazione Bof, Alfonso Bottiglieri e del centro sociale \u2018La Stalla\u2019, Davide Cavini: &#8220;Questo defibrillatore \u2013 sottolineano \u2013 garantisce un ulteriore salto in avanti in termini di copertura di soccorso emergenziale dell\u2019area. In cantiere ci sono tanti eventi per finanziare il nuovo obiettivo&#8221;. Dai tornei di padel, calcio e beach volley ai cimeli battuti all\u2019incanto sul sito specializzato Memorabid. E i primi 12 lotti venduti hanno portato in cascina ben mille euro. Ora il percorso proseguir\u00e0 con oggetti firmati da Lewis Hamilton, Robert Kubica, Mark Cavendish, Marco Melandri, Antonio Giovinazzi e Antonio Tiberi. &#8220;La donazione del decimo defibrillatore e l\u2019avvio della <strong>raccolta fondi<\/strong> per il sistema Lucas rappresentano gesti di grande valore civico \u2013 sottolinea il sindaco di Imola, Marco Panieri, rappresentato all\u2019incontro dall\u2019assessore Pierangelo Raffini \u2013. La dimostrazione di come solidariet\u00e0 e partecipazione possano sfociare in azioni concrete di prevenzione e tutela della vita&#8221;. Preziose le parole dei dottori Rodolfo Ferrari, direttore del reparto di Pronto Soccorso e Medicina di Urgenza dell\u2019Ospedale di Imola, e Nicola Tancredi, coordinatore infermieristico del 118 in quota Ausl Imola: &#8220;Un gesto di grande valore per la nostra comunit\u00e0 \u2013 concludono \u2013. La tecnologia salvavita pu\u00f2 fare la differenza nei momenti pi\u00f9 critici migliorando la qualit\u00e0 e l\u2019efficacia delle manovre rianimatorie&#8221;.<\/p>\n","protected":false},"excerpt":{"rendered":"Il decimo defibrillatore donato alla citt\u00e0. Continua l\u2019impegno delle associazioni Bof e Never Give Up \u2018Memorial Nicola Ussia\u2019&hellip;\n","protected":false},"author":3,"featured_media":152515,"comment_status":"","ping_status":"","sticky":false,"template":"","format":"standard","meta":{"footnotes":""},"categories":[1474],"tags":[1819,6036,33943,1537,90,89,5891,245,244,1869],"class_list":{"0":"post-152514","1":"post","2":"type-post","3":"status-publish","4":"format-standard","5":"has-post-thumbnail","7":"category-volley","8":"tag-citta","9":"tag-cuore","10":"tag-defibrillatore","11":"tag-it","12":"tag-italia","13":"tag-italy","14":"tag-prezioso","15":"tag-sport","16":"tag-sports","17":"tag-volley"},"share_on_mastodon":{"url":"","error":""},"_links":{"self":[{"href":"https:\/\/www.europesays.com\/it\/wp-json\/wp\/v2\/posts\/152514","targetHints":{"allow":["GET"]}}],"collection":[{"href":"https:\/\/www.europesays.com\/it\/wp-json\/wp\/v2\/posts"}],"about":[{"href":"https:\/\/www.europesays.com\/it\/wp-json\/wp\/v2\/types\/post"}],"author":[{"embeddable":true,"href":"https:\/\/www.europesays.com\/it\/wp-json\/wp\/v2\/users\/3"}],"replies":[{"embeddable":true,"href":"https:\/\/www.europesays.com\/it\/wp-json\/wp\/v2\/comments?post=152514"}],"version-history":[{"count":0,"href":"https:\/\/www.europesays.com\/it\/wp-json\/wp\/v2\/posts\/152514\/revisions"}],"wp:featuredmedia":[{"embeddable":true,"href":"https:\/\/www.europesays.com\/it\/wp-json\/wp\/v2\/media\/152515"}],"wp:attachment":[{"href":"https:\/\/www.europesays.com\/it\/wp-json\/wp\/v2\/media?parent=152514"}],"wp:term":[{"taxonomy":"category","embeddable":true,"href":"https:\/\/www.europesays.com\/it\/wp-json\/wp\/v2\/categories?post=152514"},{"taxonomy":"post_tag","embeddable":true,"href":"https:\/\/www.europesays.com\/it\/wp-json\/wp\/v2\/tags?post=152514"}],"curies":[{"name":"wp","href":"https:\/\/api.w.org\/{rel}","templated":true}]}}