{"id":152520,"date":"2025-10-08T04:45:12","date_gmt":"2025-10-08T04:45:12","guid":{"rendered":"https:\/\/www.europesays.com\/it\/152520\/"},"modified":"2025-10-08T04:45:12","modified_gmt":"2025-10-08T04:45:12","slug":"kimi-antonelli-fame-vera-bello-il-risultato-ma-non-basta","status":"publish","type":"post","link":"https:\/\/www.europesays.com\/it\/152520\/","title":{"rendered":"Kimi Antonelli, fame vera: \u201cBello il risultato, ma non basta\u201d"},"content":{"rendered":"<p>A Singapore \u00e8 arrivato un risultato solido, concreto, importante. Kimi Antonelli, al quinto posto sotto le luci di Marina Bay, non ha esultato come un giovane rookie che si gode il suo miglior piazzamento stagionale. No, ha reagito da pilota vero: con fame, <strong>con quella scintilla negli occhi di chi sa che pu\u00f2 e deve puntare pi\u00f9 in alto<\/strong>.<\/p>\n<p>Un weekend da protagonista, ma non perfetto<\/p>\n<p>Il tracciato cittadino di Singapore non perdona, eppure Antonelli ha saputo domarlo. Quarto tempo in qualifica, dietro solo a Russell, Verstappen e Norris, e <strong>una gara corsa con maturit\u00e0 e controllo<\/strong>.<br \/>La Mercedes si \u00e8 mostrata viva e competitiva, <strong>ma Kimi ha voluto subito chiarire che non \u00e8 il tempo di accontentarsi<\/strong>.<\/p>\n<p>\u201cHo fatto una grossa sbavatura nel Q3, non sono stato lucido, sono andato oltre il limite della vettura e del grip. <strong>Peccato, perch\u00e9 almeno la prima fila era fattibile<\/strong>.\u201d<\/p>\n<p>La dichiarazione rilasciata dal bolognese a Sky Sport F1 riassume perfettamente la mentalit\u00e0 del pilota: <strong>anche quando centra un risultato da applausi, il pensiero \u00e8 gi\u00e0 a ci\u00f2 che non \u00e8 andato come avrebbe voluto<\/strong>.<\/p>\n<p>Partenza difficile, ritmo eccellente<\/p>\n<p>Il via non \u00e8 stato dei migliori. La casella sul lato umido della pista gli ha fatto perdere trazione e posizioni preziose. Ma, una volta trovato il ritmo, <strong>Antonelli ha mostrato tutto il suo talento<\/strong>.<\/p>\n<p>\u201cL&#8217;aderenza\u00a0era molto peggio sulla sinistra rispetto alla destra, la mia casella era ancora un po\u2019 umida e ho faticato. Il feeling e il passo per\u00f2 erano molto buoni. George ha fatto un ottimo weekend, <strong>eravamo molto veloci, quindi per le prossime gare baster\u00e0 partire pi\u00f9 avanti<\/strong>.\u201d (Skysport F1)<\/p>\n<p>La lucidit\u00e0 con cui analizza la situazione <strong>\u00e8 da veterano, non da debuttante<\/strong>. Niente frasi fatte, nessun \u201cva bene cos\u00ec\u201d: solo lavoro, numeri, e consapevolezza.<\/p>\n<p>Il talento che cresce, curva dopo curva<\/p>\n<p>Chi lo osserva da vicino, tecnici, analisti, ex piloti, concorda: <strong>Antonelli sta crescendo in modo impressionante<\/strong>. Lo ha sottolineato anche giornalisti affermati, dopo averlo visto andare di traverso in alcune curve, ma sempre sotto controllo, segno di una sensibilit\u00e0 rara.<br \/><strong>Un ragazzo che impara, reagisce e soprattutto non si accontenta<\/strong>.<\/p>\n<p>Il quinto posto di Singapore vale molto pi\u00f9 dei dieci punti presi in classifica. \u00c8 un segnale, un messaggio chiaro alla concorrenza e alla Formula 1 tutta: <strong>Antonelli \u00e8 qui per restare, ma soprattutto per vincere<\/strong>.<\/p>\n<p>E quando, a fine gara, ha sorriso solo a met\u00e0 davanti alle telecamere, il messaggio era chiaro: <strong>Kimi vuole di pi\u00f9<\/strong>.<br \/>E a giudicare dal passo mostrato a Marina Bay, <strong>presto lo otterr\u00e0<\/strong>.<\/p>\n<p>\u00a0<\/p>\n","protected":false},"excerpt":{"rendered":"A Singapore \u00e8 arrivato un risultato solido, concreto, importante. Kimi Antonelli, al quinto posto sotto le luci di&hellip;\n","protected":false},"author":3,"featured_media":152521,"comment_status":"","ping_status":"","sticky":false,"template":"","format":"standard","meta":{"footnotes":""},"categories":[1454],"tags":[1770,683,1771,1537,90,89,245,244],"class_list":{"0":"post-152520","1":"post","2":"type-post","3":"status-publish","4":"format-standard","5":"has-post-thumbnail","7":"category-f1","8":"tag-f1","9":"tag-formula-1","10":"tag-formula1","11":"tag-it","12":"tag-italia","13":"tag-italy","14":"tag-sport","15":"tag-sports"},"share_on_mastodon":{"url":"","error":""},"_links":{"self":[{"href":"https:\/\/www.europesays.com\/it\/wp-json\/wp\/v2\/posts\/152520","targetHints":{"allow":["GET"]}}],"collection":[{"href":"https:\/\/www.europesays.com\/it\/wp-json\/wp\/v2\/posts"}],"about":[{"href":"https:\/\/www.europesays.com\/it\/wp-json\/wp\/v2\/types\/post"}],"author":[{"embeddable":true,"href":"https:\/\/www.europesays.com\/it\/wp-json\/wp\/v2\/users\/3"}],"replies":[{"embeddable":true,"href":"https:\/\/www.europesays.com\/it\/wp-json\/wp\/v2\/comments?post=152520"}],"version-history":[{"count":0,"href":"https:\/\/www.europesays.com\/it\/wp-json\/wp\/v2\/posts\/152520\/revisions"}],"wp:featuredmedia":[{"embeddable":true,"href":"https:\/\/www.europesays.com\/it\/wp-json\/wp\/v2\/media\/152521"}],"wp:attachment":[{"href":"https:\/\/www.europesays.com\/it\/wp-json\/wp\/v2\/media?parent=152520"}],"wp:term":[{"taxonomy":"category","embeddable":true,"href":"https:\/\/www.europesays.com\/it\/wp-json\/wp\/v2\/categories?post=152520"},{"taxonomy":"post_tag","embeddable":true,"href":"https:\/\/www.europesays.com\/it\/wp-json\/wp\/v2\/tags?post=152520"}],"curies":[{"name":"wp","href":"https:\/\/api.w.org\/{rel}","templated":true}]}}