{"id":152560,"date":"2025-10-08T05:14:11","date_gmt":"2025-10-08T05:14:11","guid":{"rendered":"https:\/\/www.europesays.com\/it\/152560\/"},"modified":"2025-10-08T05:14:11","modified_gmt":"2025-10-08T05:14:11","slug":"largentina-non-convoca-soule-lagente-puo-giocare-per-litalia-se","status":"publish","type":"post","link":"https:\/\/www.europesays.com\/it\/152560\/","title":{"rendered":"L&#8217;Argentina non convoca Soule, l&#8217;agente: &#8220;Pu\u00f2 giocare per l&#8217;Italia se&#8230;&#8221;"},"content":{"rendered":"<p>Un assist per Gennaro Gattuso e la Nazionale? Le parole dell&#8217;agente di Soule, Martin Guastadisegno, sembrano esserlo<\/p>\n<p>Un assist per Gennaro Gattuso e la Nazionale? Le parole dell&#8217;agente di <a href=\"https:\/\/www.fcinter1908.it\/serie-a\/punizione-soule-gol-parma\/\" rel=\"nofollow noopener\" target=\"_blank\">Soule<\/a>, Martin Guastadisegno, sembrano essere un messaggio diretto anche ai piani alti della FIGC.<\/p>\n<p>&#8220;Lui sta lavorando tanto per la nazionale, \u00e8 l&#8217;unico dei giovani argentini che non ha ancora avuto la possibilit\u00e0 di giocare un minuto. Sta diventando un leader in una squadra importante come la Roma e merita una chance. Sappiamo che l&#8217;Argentina ha tanti calciatori in quel ruolo, ma la convocazione con questa continuit\u00e0 nelle prestazioni, Matias la meriterebbe. Il suo sogno \u00e8 giocare un Mondiale&#8221;, ha dichiarato Guastadisegno a LaRoma24.it, prima di aprire anche all&#8217;Italia:<\/p>\n<p>&#8220;Lui \u00e8 italo-argentino e non so che potrebbe succedere se la situazione con l&#8217;Albiceleste non si sbloccasse. Tutto \u00e8 in piedi in questo momento, le posso dire che avrebbe legalmente la possibilit\u00e0 di essere convocato con la nazionale italiana&#8221;.<\/p>\n<p class=\"is-copyright\">\u00a9 RIPRODUZIONE RISERVATA<\/p>\n","protected":false},"excerpt":{"rendered":"Un assist per Gennaro Gattuso e la Nazionale? Le parole dell&#8217;agente di Soule, Martin Guastadisegno, sembrano esserlo Un&hellip;\n","protected":false},"author":3,"featured_media":152561,"comment_status":"","ping_status":"","sticky":false,"template":"","format":"standard","meta":{"footnotes":""},"categories":[1452],"tags":[7169,94349,94350,2648,8235,94351,94352,721,1740,1889,94348,1537,90,89,1739,13635,245,244],"class_list":{"0":"post-152560","1":"post","2":"type-post","3":"status-publish","4":"format-standard","5":"has-post-thumbnail","7":"category-calcio","8":"tag-agente","9":"tag-agente-soule","10":"tag-agente-soule-martin","11":"tag-argentina","12":"tag-assist","13":"tag-assist-gennaro","14":"tag-assist-gennaro-gattuso","15":"tag-calcio","16":"tag-football","17":"tag-giocare","18":"tag-guastadisegno","19":"tag-it","20":"tag-italia","21":"tag-italy","22":"tag-soccer","23":"tag-soule","24":"tag-sport","25":"tag-sports"},"share_on_mastodon":{"url":"","error":""},"_links":{"self":[{"href":"https:\/\/www.europesays.com\/it\/wp-json\/wp\/v2\/posts\/152560","targetHints":{"allow":["GET"]}}],"collection":[{"href":"https:\/\/www.europesays.com\/it\/wp-json\/wp\/v2\/posts"}],"about":[{"href":"https:\/\/www.europesays.com\/it\/wp-json\/wp\/v2\/types\/post"}],"author":[{"embeddable":true,"href":"https:\/\/www.europesays.com\/it\/wp-json\/wp\/v2\/users\/3"}],"replies":[{"embeddable":true,"href":"https:\/\/www.europesays.com\/it\/wp-json\/wp\/v2\/comments?post=152560"}],"version-history":[{"count":0,"href":"https:\/\/www.europesays.com\/it\/wp-json\/wp\/v2\/posts\/152560\/revisions"}],"wp:featuredmedia":[{"embeddable":true,"href":"https:\/\/www.europesays.com\/it\/wp-json\/wp\/v2\/media\/152561"}],"wp:attachment":[{"href":"https:\/\/www.europesays.com\/it\/wp-json\/wp\/v2\/media?parent=152560"}],"wp:term":[{"taxonomy":"category","embeddable":true,"href":"https:\/\/www.europesays.com\/it\/wp-json\/wp\/v2\/categories?post=152560"},{"taxonomy":"post_tag","embeddable":true,"href":"https:\/\/www.europesays.com\/it\/wp-json\/wp\/v2\/tags?post=152560"}],"curies":[{"name":"wp","href":"https:\/\/api.w.org\/{rel}","templated":true}]}}