{"id":152593,"date":"2025-10-08T05:36:13","date_gmt":"2025-10-08T05:36:13","guid":{"rendered":"https:\/\/www.europesays.com\/it\/152593\/"},"modified":"2025-10-08T05:36:13","modified_gmt":"2025-10-08T05:36:13","slug":"scrivono-cose-terribili-la-denuncia-di-sabalenka","status":"publish","type":"post","link":"https:\/\/www.europesays.com\/it\/152593\/","title":{"rendered":"&#8220;Scrivono cose terribili&#8221;: la denuncia di Sabalenka"},"content":{"rendered":"<p>\u00c8 la regina del tennis mondiale e fresca vincitrice degli Us Open: la 27enne bielorussa <strong>Aryna Sabalenka<\/strong> \u00e8 al comando del ranking mondiale Wta per la cinquantunesima settimana consecutiva con quasi 2.500 punti di vantaggio sulla collega polacca Iga Swiatek ma stavolta fa parlare di s\u00e9 non tanto per le prestazioni in campo ma per l&#8217;<strong>odio gratuito<\/strong> che riceve sui <strong>social<\/strong> anche da persone &#8220;insospettabili&#8221; come tante altre donne.<\/p>\n<p>Cosa \u00e8 successo<\/p>\n<p>La tennista che ha quasi 4 milioni di follower su Instagram e 1,3 milioni su Tik Tok \u00e8 molto attiva soprattutto su queste piattaforme dove pubblica contenuti di vita lavorativa e privata. Quando ha un po&#8217; di tempo libero controlla ci\u00f2 che le scrive la gente comune e non ha nascosto lo choc per certi messaggi ricevuti. &#8220;Tutti riceviamo molto odio. Nella mia carriera ne ho affrontato tanto, per ragioni diverse \u2013 ha spiegato ai giornalisti presenti al torneo Wta di Wuhan \u2013. Pi\u00f9 ci presti attenzione, pi\u00f9 energia ti toglie. Credo sia meglio ignorarlo, anche se a volte, per curiosit\u00e0, guardo il profilo di chi mi scrive&#8221;.<\/p>\n<p>La denuncia<\/p>\n<p>Qui arriva la sorpresa, nel senso che gli haters della Sabalenka sono anche persone che non ci si aspetterebbe. &#8220;Mi sconvolge vedere chi c\u2019\u00e8 dietro a certi commenti. Persone comuni, persino madri, che scrivono cose terribili. Lo prendo come uno scherzo, ma mostra quanto possa essere oscuro il mondo dei social&#8221;, ha sottolineato. Purtroppo, la piaga dell&#8217;odio social \u00e8 una prassi comune anche ad altre sue colleghe come la numero due del mondo, Swiatek, ma anche Jessica Pegula o Eva Lys. &#8220;Non dobbiamo mai dimenticare chi siamo e cosa rappresentiamo&#8221;, ha aggiunto Sabalenka. &#8220;A volte ti accorgi che la persona non sta facendo nulla e commenta chi sta cercando di fare qualcosa nella vita, di motivare e ispirare la prossima generazione&#8221;.<\/p>\n<p>Cosa far\u00e0 Sabalenka<\/p>\n<p>Nonostante i commenti negativi, spesso da denuncia, la bielorussa ha deciso di andare avanti per la sua strada e continuare a usare i social come meglio crede condividendo scene di vita quotidiana e non tirandosi indietro per una sparuta minoranza. &#8220;Mi sento come un libro aperto in questo momento.<\/p>\n<p> A volte mi chiedono: che cosa di te sorprender\u00e0 la gente? E io rispondo: sanno tutto, letteralmente tutto di me! Io mostro tutto. Devo mostrare alla gente chi \u00e8 Aryna, tutto \u00e8 nato da l\u00ec, ed \u00e8 per questo che ho iniziato a condividere me stessa, solo per assicurarmi di poter rimanere in contatto con le persone&#8221;.<\/p>\n","protected":false},"excerpt":{"rendered":"\u00c8 la regina del tennis mondiale e fresca vincitrice degli Us Open: la 27enne bielorussa Aryna Sabalenka \u00e8&hellip;\n","protected":false},"author":3,"featured_media":152594,"comment_status":"","ping_status":"","sticky":false,"template":"","format":"standard","meta":{"footnotes":""},"categories":[1457],"tags":[18318,23705,1537,90,89,1686,245,244,1273],"class_list":{"0":"post-152593","1":"post","2":"type-post","3":"status-publish","4":"format-standard","5":"has-post-thumbnail","7":"category-tennis","8":"tag-aryna-sabalenka","9":"tag-haters","10":"tag-it","11":"tag-italia","12":"tag-italy","13":"tag-social","14":"tag-sport","15":"tag-sports","16":"tag-tennis"},"share_on_mastodon":{"url":"","error":""},"_links":{"self":[{"href":"https:\/\/www.europesays.com\/it\/wp-json\/wp\/v2\/posts\/152593","targetHints":{"allow":["GET"]}}],"collection":[{"href":"https:\/\/www.europesays.com\/it\/wp-json\/wp\/v2\/posts"}],"about":[{"href":"https:\/\/www.europesays.com\/it\/wp-json\/wp\/v2\/types\/post"}],"author":[{"embeddable":true,"href":"https:\/\/www.europesays.com\/it\/wp-json\/wp\/v2\/users\/3"}],"replies":[{"embeddable":true,"href":"https:\/\/www.europesays.com\/it\/wp-json\/wp\/v2\/comments?post=152593"}],"version-history":[{"count":0,"href":"https:\/\/www.europesays.com\/it\/wp-json\/wp\/v2\/posts\/152593\/revisions"}],"wp:featuredmedia":[{"embeddable":true,"href":"https:\/\/www.europesays.com\/it\/wp-json\/wp\/v2\/media\/152594"}],"wp:attachment":[{"href":"https:\/\/www.europesays.com\/it\/wp-json\/wp\/v2\/media?parent=152593"}],"wp:term":[{"taxonomy":"category","embeddable":true,"href":"https:\/\/www.europesays.com\/it\/wp-json\/wp\/v2\/categories?post=152593"},{"taxonomy":"post_tag","embeddable":true,"href":"https:\/\/www.europesays.com\/it\/wp-json\/wp\/v2\/tags?post=152593"}],"curies":[{"name":"wp","href":"https:\/\/api.w.org\/{rel}","templated":true}]}}