{"id":152620,"date":"2025-10-08T05:54:10","date_gmt":"2025-10-08T05:54:10","guid":{"rendered":"https:\/\/www.europesays.com\/it\/152620\/"},"modified":"2025-10-08T05:54:10","modified_gmt":"2025-10-08T05:54:10","slug":"il-figlio-di-liliana-segre-francesca-albanese-agisce-piu-da-militante-che-da-giurista-e-ossessionata-da-mia-madre","status":"publish","type":"post","link":"https:\/\/www.europesays.com\/it\/152620\/","title":{"rendered":"Il figlio di Liliana Segre: \u00abFrancesca Albanese agisce pi\u00f9 da militante che da giurista. \u00c8 ossessionata da mia madre\u00bb"},"content":{"rendered":"<p>    di<br \/>\n    Alessia Rastelli<\/p>\n<p class=\"summary-art is-line-h-12\">Luciano Belli Paci: \u00abDibattito militarizzato,  c\u2019\u00e8 una &#8220;polizia&#8221; del pensiero. La sinistra, di cui faccio parte, non minimizzi chi equipara Hamas alla Resistenza\u00bb<\/p>\n<p class=\"chapter-paragraph\">\u00abLa giusta indignazione verso quello che subisce il popolo palestinese rischia di  non essere, nel dibattito italiano, una leva per chiedere il cessate il fuoco e la pace. Ho l\u2019impressione che la discussione si sia come  militarizzata, con posizioni sempre pi\u00f9 estreme in cui siamo anche noi in guerra gli uni contro gli altri. C\u2019\u00e8 una crescente intolleranza e  <b>l\u2019episodio di Francesca Albanese <\/b>\u00e8 l\u2019espressione di un clima pi\u00f9 generale\u00bb.\u00a0<\/p>\n<p class=\"chapter-paragraph\">Commenta cos\u00ec <b>Luciano Belli Paci, figlio di Liliana Segre<\/b> ma anche membro  dell\u2019esecutivo nazionale dell\u2019associazione Sinistra per Israele, l\u2019episodio di domenica in cui la giurista, relatrice speciale dell\u2019Onu sui territori palestinesi occupati, ha abbandonato la trasmissione tv di La7 In onda quando \u00e8 stata nominata la posizione della senatrice sull\u2019uso della parola genocidio a Gaza.    &#13;<br \/>\n&#13;<br \/>\n&#13;<br \/>\n&#13;<br \/>\n&#13;<br \/>\n&#13;<br \/>\n&#13;<br \/>\n&#13;<br \/>\n&#13;<br \/>\n&#13;<br \/>\n&#13;<br \/>\n&#13;<br \/>\n&#13;<br \/>\n&#13;<br \/>\n&#13;<br \/>\n&#13;<br \/>\n&#13;<br \/>\n&#13;<br \/>\n&#13;<br \/>\n&#13;<br \/>\n&#13;<br \/>\n&#13;<br \/>\n&#13;<br \/>\n&#13;<br \/>\n&#13;<br \/>\n&#13;<br \/>\n&#13;<br \/>\n&#13;<br \/>\n&#13;<br \/>\n&#13;<br \/>\n&#13;<br \/>\n&#13;<br \/>\n&#13;<br \/>\n&#13;<br \/>\n&#13;<br \/>\n&#13;<br \/>\n&#13;<br \/>\n&#13;<br \/>\n&#13;<br \/>\n&#13;<br \/>\n&#13;<br \/>\n&#13;<br \/>\n&#13;<br \/>\n&#13;<br \/>\n&#13;<br \/>\n&#13;<br \/>\n&#13;<br \/>\n&#13;<br \/>\n&#13;<br \/>\n&#13;<br \/>\n&#13;<br \/>\n&#13;<br \/>\n&#13;\n<\/p>\n<p class=\"chapter-paragraph\"><b>Avvocato Belli Paci, <a href=\"https:\/\/video.corriere.it\/politica\/perche-francesca-albanese-non-puo-dire-a-liliana-segre-di-stare-zitta\/3e52f27f-043d-43b0-b2b5-82baad9e1xlk\" title=\"Perch\u00e9 Francesca Albanese non pu\u00f2 dire a Liliana Segre di stare zitta\" rel=\"nofollow noopener\" target=\"_blank\">ha visto la scena in televisione<\/a>?<\/b><br \/>\u00abS\u00ec, certamente. Purtroppo avevo gi\u00e0 l\u2019idea che la dottoressa Albanese facesse parte di quella categoria ahim\u00e8  ampia di persone che io definisco \u201cossessionate da Liliana Segre\u201d. C\u2019era infatti gi\u00e0 stato un precedente\u00bb.<\/p>\n<p class=\"chapter-paragraph\"><b>Si riferisce alla foto di Albanese, lo scorso agosto, davanti al murale della senatrice? <\/b><br \/>\u00abS\u00ec, la giurista   aveva postato una sua immagine davanti a un murale con il volto di mia madre  e la parola \u201cIndifferenza\u201d. L\u2019hashtag era #GazaGenocide, come a dire che le dichiarazioni fatte da Liliana Segre su Gaza fossero in contraddizione con il suo impegno di sempre a non voltarsi dall\u2019altra parte. Evidentemente Albanese non aveva letto le parole di mia madre in cui  afferma di provare repulsione per il governo  Netanyahu e la destra  fascistoide e razzista al potere oggi in Israele; quelle in cui dice che bisogna piangere per i bambini di ogni nazionalit\u00e0 ed esprime dolore per le vittime civili; quelle in cui denuncia i crimini di guerra e contro l\u2019umanit\u00e0 commessi sia da Hamas sia   dall\u2019esercito israeliano. \u00c8 bastato  che esprimesse il suo pensiero sull\u2019opportunit\u00e0 di  non usare la parola genocidio   per suscitare disprezzo\u00bb.<\/p>\n<p class=\"chapter-paragraph\"><b>Questa posizione di Liliana Segre ha scatenato    anche la reazione a \u00abIn onda\u00bb. <\/b><br \/>\u00abProprio lo scorso agosto, riflettendo su quanto dichiarato da David Grossman, mia madre aveva anche considerato il rischio di arrivare a un genocidio se Israele  avesse continuato a bloccare gli aiuti umanitari. Il fatto \u00e8 che  in Italia  sembra   in atto, non solo da parte di Albanese,  una sorta di \u201cpolizia del pensiero\u201d per cui non solo bisogna dire certe cose, ma dirle anche in un certo modo. Questo per\u00f2  distrugge il confronto democratico. In questa fase la guerra \u00e8 stata importata nel dibattito, lo contamina. \u00c8 come se  ci fosse un arruolamento  dall\u2019una  o dall\u2019altra parte.\u00a0E questo non porta benefici ai palestinesi, ma solo intolleranza. Non siamo ancora arrivati alla situazione degli anni Settanta,   ma dobbiamo tenere presente  che la violenza fisica parte  sempre da una violenza che prima \u00e8  stata verbale e morale\u00bb.<\/p>\n<p class=\"chapter-paragraph\"><b>Tornando a \u00abIn onda\u00bb, Albanese  sostiene  che la posizione di Liliana Segre sia stata strumentalizzata dall\u2019ospite Francesco Giubilei. <\/b><br \/>\u00abSicuramente ogni  parte politica tira l\u2019acqua al suo mulino. Ma nel dibattito sul genocidio \u2014 su cui  c\u2019\u00e8     un procedimento giudiziario internazionale in corso, con un\u2019accusa e una difesa \u2014  non pu\u00f2 essere  vietato sostenere una tesi diversa da quella di Albanese.  Gli storici  Marcello Flores e Andrea Graziosi, ad esempio, i maggiori  esperti in Italia di genocidio,  non concordano sull\u2019uso della parola per Gaza. Continuare  a concentrare  il dibattito in modo cos\u00ec parossistico su questa definizione rischia di   radicalizzare i fronti anzich\u00e9 trovare una strada comune per fermare ci\u00f2 che  accade\u00bb.<\/p>\n<p class=\"chapter-paragraph\"><b>In una intervista a \u00abFanpage\u00bb successiva all\u2019episodio di \u00abIn onda\u00bb, Albanese ha dichiarato che \u00abil condizionamento emotivo\u00bb non  rende la senatrice sopravvissuta alla Shoah   \u00abimparziale e lucida\u00bb.<\/b><br \/>\u00abCos\u00ec si toglie il diritto di parola ai pochissimi superstiti ancora tra noi. In questi mesi la giurista si \u00e8 posta pi\u00f9 come una militante che come un tecnico in posizione di terziet\u00e0, e se si entra nel dibattito cos\u00ec, poi bisogna accettare che tutti  partecipino senza essere silenziati. O  pubblicamente umiliati come il sindaco di Reggio Emilia che,   mentre la stava premiando, ha osato dire che per arrivare alla pace serve anche liberare gli ostaggi israeliani\u00bb.<\/p>\n<p class=\"chapter-paragraph\"><b>Mettendo in dubbio la legittimit\u00e0 del parere di Segre,   Albanese ha usato   l\u2019espressione  \u00abpietra di inciampo della logica\u00bb. Un riferimento  alle targhe  poste davanti alle abitazioni dei  deportati ebrei o politici uccisi nei lager nazisti.<\/b><br \/>\u00ab\u00c8 parte di quell\u2019atteggiamento per cui si richiama un concetto  legato  alla Shoah per poi  ribaltarlo contro gli ebrei. Ma il problema va oltre Albanese. C\u2019\u00e8  anche chi equipara  Hamas alla Resistenza.   E questo non dovrebbe essere minimizzato. La sinistra in particolare, che chiamo in causa proprio perch\u00e9 me ne sento parte, se ne dovrebbe fare carico. Invece c\u2019\u00e8 una certa tolleranza verso gli intolleranti\u00bb.<\/p>\n<p>        La newsletter Diario Politico<\/p>\n<p class=\"chapter-paragraph\">Se vuoi restare aggiornato sulle notizie di politica iscriviti alla newsletter &#8220;Diario Politico&#8221;. E&#8217; dedicata agli abbonati al Corriere della Sera e arriva due volte alla settimana alle 12. Basta cliccare <a style=\"text-decoration:underline;\" href=\"https:\/\/www.corriere.it\/newsletter\/?theme=51\" rel=\"nofollow noopener\" target=\"_blank\">qui<\/a>.<\/p>\n<p class=\"is-last-update\" datetime=\"2025-10-08T07:06:10+02:00\">8 ottobre 2025<\/p>\n<p class=\"is-copyright\">\n            \u00a9 RIPRODUZIONE RISERVATA\n        <\/p>\n","protected":false},"excerpt":{"rendered":"di Alessia Rastelli Luciano Belli Paci: \u00abDibattito militarizzato, c\u2019\u00e8 una &#8220;polizia&#8221; del pensiero. La sinistra, di cui faccio&hellip;\n","protected":false},"author":3,"featured_media":152621,"comment_status":"","ping_status":"","sticky":false,"template":"","format":"standard","meta":{"footnotes":""},"categories":[79],"tags":[2699,24444,2537,36,25909,94377,3439,14,93,94,2494,766,6018,11720,9162,94378,94379,94380,2604,2716,94381,94382,5701,26090,73,774,54672,77,75,94383,94384,72,1537,90,89,1847,92960,3418,94385,94386,4045,94387,8546,7,15,9167,94388,402,64109,771,7793,54433,21720,531,94389,6324,1848,2474,315,11,84,91,12,85,92],"class_list":{"0":"post-152620","1":"post","2":"type-post","3":"status-publish","4":"format-standard","5":"has-post-thumbnail","7":"category-italia","8":"tag-agosto","9":"tag-albanese","10":"tag-altra","11":"tag-arrivare","12":"tag-belli","13":"tag-belli-paci","14":"tag-bisogna","15":"tag-cronaca","16":"tag-cronaca-italiana","17":"tag-cronacaitaliana","18":"tag-dibattito","19":"tag-dichiarato","20":"tag-dovrebbe","21":"tag-ebrei","22":"tag-episodio","23":"tag-equipara","24":"tag-equipara-hamas","25":"tag-equipara-hamas-resistenza","26":"tag-espressione","27":"tag-figlio","28":"tag-figlio-liliana","29":"tag-figlio-liliana-segre","30":"tag-francesca","31":"tag-francesca-albanese","32":"tag-gaza","33":"tag-genocidio","34":"tag-giurista","35":"tag-guerra","36":"tag-hamas","37":"tag-hamas-resistenza","38":"tag-intolleranza","39":"tag-israele","40":"tag-it","41":"tag-italia","42":"tag-italy","43":"tag-liliana","44":"tag-liliana-segre","45":"tag-luciano","46":"tag-luciano-belli","47":"tag-luciano-belli-paci","48":"tag-madre","49":"tag-militante","50":"tag-murale","51":"tag-news","52":"tag-notizie","53":"tag-onda","54":"tag-onda-albanese","55":"tag-pace","56":"tag-paci","57":"tag-palestinesi","58":"tag-parola","59":"tag-parola-genocidio","60":"tag-pensiero","61":"tag-polizia","62":"tag-polizia-pensiero","63":"tag-posizione","64":"tag-segre","65":"tag-senatrice","66":"tag-sinistra","67":"tag-ultime-notizie","68":"tag-ultime-notizie-e-news-di-oggi","69":"tag-ultime-notizie-italia","70":"tag-ultimenotizie","71":"tag-ultimenotizieenewsdioggi","72":"tag-ultimenotizieitalia"},"share_on_mastodon":{"url":"","error":""},"_links":{"self":[{"href":"https:\/\/www.europesays.com\/it\/wp-json\/wp\/v2\/posts\/152620","targetHints":{"allow":["GET"]}}],"collection":[{"href":"https:\/\/www.europesays.com\/it\/wp-json\/wp\/v2\/posts"}],"about":[{"href":"https:\/\/www.europesays.com\/it\/wp-json\/wp\/v2\/types\/post"}],"author":[{"embeddable":true,"href":"https:\/\/www.europesays.com\/it\/wp-json\/wp\/v2\/users\/3"}],"replies":[{"embeddable":true,"href":"https:\/\/www.europesays.com\/it\/wp-json\/wp\/v2\/comments?post=152620"}],"version-history":[{"count":0,"href":"https:\/\/www.europesays.com\/it\/wp-json\/wp\/v2\/posts\/152620\/revisions"}],"wp:featuredmedia":[{"embeddable":true,"href":"https:\/\/www.europesays.com\/it\/wp-json\/wp\/v2\/media\/152621"}],"wp:attachment":[{"href":"https:\/\/www.europesays.com\/it\/wp-json\/wp\/v2\/media?parent=152620"}],"wp:term":[{"taxonomy":"category","embeddable":true,"href":"https:\/\/www.europesays.com\/it\/wp-json\/wp\/v2\/categories?post=152620"},{"taxonomy":"post_tag","embeddable":true,"href":"https:\/\/www.europesays.com\/it\/wp-json\/wp\/v2\/tags?post=152620"}],"curies":[{"name":"wp","href":"https:\/\/api.w.org\/{rel}","templated":true}]}}