{"id":152658,"date":"2025-10-08T06:20:11","date_gmt":"2025-10-08T06:20:11","guid":{"rendered":"https:\/\/www.europesays.com\/it\/152658\/"},"modified":"2025-10-08T06:20:11","modified_gmt":"2025-10-08T06:20:11","slug":"putin-e-il-compleanno-nordcoreano-tra-inni-preghiere-e-auspici-di-immortalita","status":"publish","type":"post","link":"https:\/\/www.europesays.com\/it\/152658\/","title":{"rendered":"Putin e il compleanno \u00abnordcoreano\u00bb tra inni, preghiere e auspici di immortalit\u00e0"},"content":{"rendered":"<p>    di<br \/>\n    Marco Imarisio<\/p>\n<p class=\"summary-art is-line-h-12\">Il 73esimo genetliaco del presidente ha mostrato come in Russia stia dilagando il culto della personalit\u00e0<\/p>\n<p class=\"chapter-paragraph\">\u00abMnogaya leta\u00bb, che poi \u00e8 la traduzione quasi letterale del latino ad multos annos, insomma gli auguri di lunga vita e prosperit\u00e0. Era questa la scritta in sottofascia che ha accompagnato gran parte della programmazione televisiva di una giornata solo in apparenza normale per la Russia.\u00a0<\/p>\n<p class=\"chapter-paragraph\">Ieri, infatti, <b>si celebrava il 73esimo compleanno del Caro Leader<\/b>, e forse l\u2019utilizzo del soprannome che accompagnava Kim Jong-il ha persino una sua giustificazione oggettiva. Perch\u00e9 se \u00e8 vero che <b>Vladimir Putin ha sempre festeggiato il proprio genetliaco in maniera sobria<\/b>, in ossequio al riserbo che avvolge la sua famiglia, \u00e8 altrettanto<b> innegabile che in questi ultimi anni il culto della personalit\u00e0 sorto intorno alla sua figura ha assunto dimensioni quasi nordcoreane.<\/b>    &#13;<br \/>\n&#13;<br \/>\n&#13;<br \/>\n&#13;<br \/>\n&#13;<br \/>\n&#13;<br \/>\n&#13;<br \/>\n&#13;<br \/>\n&#13;<br \/>\n&#13;<br \/>\n&#13;<br \/>\n&#13;<br \/>\n&#13;<br \/>\n&#13;<br \/>\n&#13;<br \/>\n&#13;<br \/>\n&#13;<br \/>\n&#13;<br \/>\n&#13;<br \/>\n&#13;<br \/>\n&#13;<br \/>\n&#13;<br \/>\n&#13;<br \/>\n&#13;<br \/>\n&#13;<br \/>\n&#13;<br \/>\n&#13;<br \/>\n&#13;<br \/>\n&#13;<br \/>\n&#13;<br \/>\n&#13;<br \/>\n&#13;<br \/>\n&#13;<br \/>\n&#13;<br \/>\n&#13;<br \/>\n&#13;<br \/>\n&#13;<br \/>\n&#13;<br \/>\n&#13;<br \/>\n&#13;<br \/>\n&#13;<br \/>\n&#13;<br \/>\n&#13;<br \/>\n&#13;<br \/>\n&#13;<br \/>\n&#13;<br \/>\n&#13;<br \/>\n&#13;<br \/>\n&#13;<br \/>\n&#13;<br \/>\n&#13;<br \/>\n&#13;<br \/>\n&#13;\n<\/p>\n<p class=\"chapter-paragraph\">Sar\u00e0 per la guerra che dura ormai da quattro anni, sar\u00e0 perch\u00e9 il futuro \u00e8 avvolto nelle nubi. Mai come questa volta il giubilo per la lieta ricorrenza ha assunto proporzioni cos\u00ec evidenti. <b>Siccome l\u2019augurio usato come canto liturgico \u00e8 risuonato ieri nelle televisioni di tutto il Paese, proprio la Chiesa ortodossa \u00e8 stata la prima a felicitare <a href=\"https:\/\/www.corriere.it\/esteri\/25_settembre_28\/putin-malattia-misteri-09702632-774b-4f76-9085-748a246e5xlk.shtml\" rel=\"nofollow noopener\" target=\"_blank\">Putin<\/a>.<\/b> Alle nove del mattino, il patriarca Kirill ha fatto pubblicare un messaggio a \u00abSua Eccellenza, profondamente stimato Vladimir Vladimirovich\u00bb, augurandogli tra le altre cose, \u00abforze inesauribili, una generosa assistenza divina e successi benedetti\u00bb, per poi addentrarsi in una analisi dell\u2019operato di Putin tanto personale quanto spietata.\u00a0<\/p>\n<p>        <img decoding=\"async\" class=\"is_full_image\" loading=\"lazy\" alt=\"07 ott 2025\" src=\"https:\/\/www.europesays.com\/it\/wp-content\/uploads\/2025\/10\/68e56bc2a3aaf.jpeg\" data-full-src=\"https:\/\/www.europesays.com\/it\/wp-content\/uploads\/2025\/10\/68e56bc2a3aaf.jpeg\"\/><\/p>\n<p class=\"chapter-paragraph\"><b>\u00ab\u00c8 gratificante constatare come in tutti questi anni, sotto la Sua guida, la Russia si sia incamminata sulla strada dello sviluppo sociale ed economico<\/b>, superando le sfide del tempo, rafforzando la propria sovranit\u00e0, le proprie potenzialit\u00e0 scientifiche, tecniche e militari, garantendo cos\u00ec la sicurezza nazionale e costruendo relazioni internazionali eque\u00bb.<\/p>\n<p class=\"chapter-paragraph\">Innumerevoli basiliche e parrocchie hanno seguito l\u2019esempio del patriarca, celebrando messe speciali, e un altro prelato ortodosso, padre Ilia, ha creato una preghiera di nuovo conio.<b> \u00abSignore, Iddio, manda San Michele Arcangelo per assistere il Tuo servo Vladimir sottraendolo ai nemici visibili e invisibili&#8230;\u00bb<\/b>. Dal sacro al profano, nelle regioni di Belgorod, Voronezh, Samara e Ekaterinburg, in Siberia e nei territori ucraini annessi alla Russia, <b>i bambini degli asili nido sono stati riuniti per ascoltare racconti sulla vita del festeggiato e prendere parte all\u2019iniziativa \u00abLa mia Russia, il mio Presidente\u00bb, disegnando cartoline di auguri,<\/b> e mostrando cartelli con parole di saluto a lui dedicate.<\/p>\n<p>APPROFONDISCI CON IL PODCAST<\/p>\n<p class=\"chapter-paragraph\">E poi, l\u2019et\u00e0 \u00e8 solo un numero. Pi\u00f9 vivi, pi\u00f9 diventi giovane, diceva lo scorso settembre Putin all\u2019alleato di maggioranza Xi Jinping prima della parata militare a piazza Tienanmen. Citando quello <a href=\"https:\/\/www.corriere.it\/esteri\/25_settembre_03\/putin-xi-trapianto-organi-immortalita-biotecnologia-microfono-aperto-captato-7d6f0afa-dbc8-4924-817b-d2f10c28exlk.shtml\" target=\"_blank\" rel=\"nofollow noopener\">scambio di battute<\/a>, <b>Konstantin Malofeev, l\u2019oligarca religioso e imperialista, si \u00e8 fatto avanti per finanziare eventuali studi sull\u2019immortalit\u00e0 del presidente<\/b>, motivando la gentile offerta con queste parole. \u00abGli anni del governo di Putin sono diventati un periodo di rinascita politica ed economica. Con lui abbiamo vinto la guerra nel Caucaso e ora riconquistiamo le terre perse sotto Eltsin nella guerra santa in Ucraina&#8230; Con Putin vinceremo sempre. L\u2019essenziale \u00e8 che sia sano e ci governi il pi\u00f9 a lungo possibile: cos\u00ec <b>ricorderemo la sua epoca come il Secolo d\u2019Oro. Che non finisca mai!<\/b>\u00bb La Russia ha i suoi problemi, sempre pi\u00f9 pesanti ed evidenti. Ma come dicevano i compagni Fantozzi&amp;Filini, Lui \u00e8 pur sempre un bel presidente, un santo, un apostolo.<\/p>\n<p class=\"is-last-update\" datetime=\"2025-10-08T08:04:33+02:00\">8 ottobre 2025 ( modifica il 8 ottobre 2025 | 08:04)<\/p>\n<p class=\"is-copyright\">\n            \u00a9 RIPRODUZIONE RISERVATA\n        <\/p>\n","protected":false},"excerpt":{"rendered":"di Marco Imarisio Il 73esimo genetliaco del presidente ha mostrato come in Russia stia dilagando il culto della&hellip;\n","protected":false},"author":3,"featured_media":152659,"comment_status":"","ping_status":"","sticky":false,"template":"","format":"standard","meta":{"footnotes":""},"categories":[160],"tags":[5413,94458,94459,27848,94460,94461,94462,94463,94464,3819,94465,94466,1495,94467,94468,9486,94469,94470,5143,94471,21639,9522,5163,14,396,94455,164,165,84287,26113,94456,77,94457,166,7,15,4979,800,3458,135,383,171,11,167,12,168,4494,161,162,163],"class_list":{"0":"post-152658","1":"post","2":"type-post","3":"status-publish","4":"format-standard","5":"has-post-thumbnail","7":"category-mondo","8":"tag-accompagnato","9":"tag-accompagnato-gran","10":"tag-accompagnato-gran-programmazione","11":"tag-accompagnava","12":"tag-accompagnava-kim","13":"tag-accompagnava-kim-jong","14":"tag-addentrarsi","15":"tag-addentrarsi-analisi","16":"tag-addentrarsi-analisi-operato","17":"tag-alleato","18":"tag-alleato-maggioranza","19":"tag-alleato-maggioranza-xi","20":"tag-altre","21":"tag-altre-cose","22":"tag-altre-cose-forze","23":"tag-altrettanto","24":"tag-altrettanto-innegabile","25":"tag-altrettanto-innegabile-ultimi","26":"tag-analisi","27":"tag-analisi-operato","28":"tag-assunto","29":"tag-auguri","30":"tag-compleanno","31":"tag-cronaca","32":"tag-culto","33":"tag-culto-personalita","34":"tag-dal-mondo","35":"tag-dalmondo","36":"tag-evidenti","37":"tag-festeggiato","38":"tag-genetliaco","39":"tag-guerra","40":"tag-immortalita","41":"tag-mondo","42":"tag-news","43":"tag-notizie","44":"tag-parole","45":"tag-patriarca","46":"tag-personalita","47":"tag-presidente","48":"tag-putin","49":"tag-russia","50":"tag-ultime-notizie","51":"tag-ultime-notizie-di-mondo","52":"tag-ultimenotizie","53":"tag-ultimenotiziedimondo","54":"tag-vladimir","55":"tag-world","56":"tag-world-news","57":"tag-worldnews"},"share_on_mastodon":{"url":"","error":""},"_links":{"self":[{"href":"https:\/\/www.europesays.com\/it\/wp-json\/wp\/v2\/posts\/152658","targetHints":{"allow":["GET"]}}],"collection":[{"href":"https:\/\/www.europesays.com\/it\/wp-json\/wp\/v2\/posts"}],"about":[{"href":"https:\/\/www.europesays.com\/it\/wp-json\/wp\/v2\/types\/post"}],"author":[{"embeddable":true,"href":"https:\/\/www.europesays.com\/it\/wp-json\/wp\/v2\/users\/3"}],"replies":[{"embeddable":true,"href":"https:\/\/www.europesays.com\/it\/wp-json\/wp\/v2\/comments?post=152658"}],"version-history":[{"count":0,"href":"https:\/\/www.europesays.com\/it\/wp-json\/wp\/v2\/posts\/152658\/revisions"}],"wp:featuredmedia":[{"embeddable":true,"href":"https:\/\/www.europesays.com\/it\/wp-json\/wp\/v2\/media\/152659"}],"wp:attachment":[{"href":"https:\/\/www.europesays.com\/it\/wp-json\/wp\/v2\/media?parent=152658"}],"wp:term":[{"taxonomy":"category","embeddable":true,"href":"https:\/\/www.europesays.com\/it\/wp-json\/wp\/v2\/categories?post=152658"},{"taxonomy":"post_tag","embeddable":true,"href":"https:\/\/www.europesays.com\/it\/wp-json\/wp\/v2\/tags?post=152658"}],"curies":[{"name":"wp","href":"https:\/\/api.w.org\/{rel}","templated":true}]}}