{"id":152666,"date":"2025-10-08T06:25:11","date_gmt":"2025-10-08T06:25:11","guid":{"rendered":"https:\/\/www.europesays.com\/it\/152666\/"},"modified":"2025-10-08T06:25:11","modified_gmt":"2025-10-08T06:25:11","slug":"fine-vita-secondo-il-governo-ci-sono-ancora-spazi-per-un-testo-condiviso","status":"publish","type":"post","link":"https:\/\/www.europesays.com\/it\/152666\/","title":{"rendered":"Fine vita, secondo il Governo ci sono ancora spazi per un testo condiviso"},"content":{"rendered":"<p>            <a href=\"https:\/\/www.publicpolicy.it\/wp-content\/uploads\/2025\/06\/pexels-vafphotos-14553829-scaled.jpg\" data-caption=\"\" rel=\"nofollow noopener\" target=\"_blank\"><img loading=\"lazy\" decoding=\"async\" width=\"696\" height=\"464\" class=\"entry-thumb td-modal-image\" src=\"https:\/\/www.europesays.com\/it\/wp-content\/uploads\/2025\/10\/pexels-vafphotos-14553829-696x464.jpg\"   alt=\"\" title=\"fine vita sanit\u00e0\"\/><\/a><\/p>\n<p>\u201cQuesto \u00e8<strong> un tema etico<\/strong>, su cui se si riuscisse a trovare un\u2019intesa sarebbe un bel merito per per il Parlamento e per ciascun gruppo. Ci vuole un po\u2019 di buona volont\u00e0 da parte di tutti, noi ce ne abbiamo messa gi\u00e0 tanta, abbiamo gi\u00e0 accolto numerose richieste dell\u2019opposizione, ma io credo che qualche spazio ancora ci sia per poter raggiungere l\u2019obiettivo: <strong>seguire quello che la Corte ha detto nelle quattro sentenze, ma soprattutto dare al Paese una legge condivisa<\/strong>. E su questo punto, sul dolore, sulla difficolt\u00e0 di un rapporto fra soggetto e vita, credo che sarebbe un bel segnale\u201d.<\/p>\n<p>Lo ha detto a\u00a0Public Policy, lasciando marted\u00ec<strong> il vertice di maggioranza sul ddl Fine vita in Senato, il viceministro della Giustizia Francesco Paolo Sisto (FI)<\/strong>, che sta seguendo per l\u2019Esecutivo i lavori all\u2019interno delle commissioni Giustizia e Sanit\u00e0, riconvocate sul tema gioved\u00ec.<\/p>\n<p>La riunione, secondo quanto si apprende, \u00e8 stata l\u2019occasione anche per <strong>fare il punto sui tempi<\/strong> e sul voto segreto in aula.<\/p>\n<p>Presente ai lavori anche <strong>il capogruppo di FdI a Palazzo Madama Lucio Malan<\/strong>: \u201cAbbiamo fatto il punto sull\u2019andamento dei lavori, \u00e8 stato fatto un grande lavoro, siamo vicini al traguardo, dobbiamo portarlo avanti\u201d, ha detto.<\/p>\n<p>Quanto alla possibilit\u00e0 di <strong>arrivare in aula entro l\u2019udienza della Consulta sulla legge toscana<\/strong> (impugnata dal Governo) fissata per i primi di novembre, Malan conferma a\u00a0Public Policy: \u201cPu\u00f2 darsi. Non dipende solo da noi, si tratta di avere un clima di collaborazione su una norma che non dovrebbe avere colorazioni politiche perch\u00e9 \u00e8 un tema che va ben al di l\u00e0\u201d della politica.<\/p>\n<p>E proprio su questo, cio\u00e8 <strong>sul posizionamento in aula su un tema di natura etica<\/strong>, si \u00e8 discusso nel corso della riunione. Anche la <strong>Lega<\/strong>, ad esempio, che non \u00e8 intervenuta con proposte emendative sul testo, punterebbe a un testo il pi\u00f9 possibile condiviso, per poi lasciare libert\u00e0 di coscienza a senatrici e senatori del gruppo.<\/p>\n<p><strong>C\u2019\u00e8 un timore legato al voto segreto in aula?<\/strong> \u201cS\u00ec, sicuramente aleggia questo timore rispetto a tutti noi \u2013 spiega il presidente delle commissioni riunite Francesco Zaffini (FdI) \u2013 Sono materie che interrogano la coscienza ed \u00e8 evidente che rispetto a questo tema coltivare certezze significa essere inopportuni e forse imprudenti\u201d.<\/p>\n<p>Zaffini ha comunque ribadito: \u201c<strong>Abbiamo fatto chilometri verso il tentativo di trovare unanimit\u00e0.<\/strong> C\u2019\u00e8 chi alza la bandierina del Servizio sanitario nazionale, che \u00e8 una bandierina pretestuosa, perch\u00e9 non tiene conto che questi soggetti sono gi\u00e0 in carico e restano in carico al Servizio sanitario nazionale per ogni evenienza, tranne l\u2019erogazione del farmaco del fine vita, che il Ssn non pu\u00f2 fare perch\u00e9 contravviene alla legge istitutiva, al giuramento di Ippocrate, alla pi\u00f9 banale logica che un medico cura per la vita\u201d.<\/p>\n<p>\u201cAbbiamo fatto tutto il lavoro che potevamo e dovevamo fare. Si tratta di capire come procedere, noi cerchiamo la condivisione, evidentemente <strong>l\u2019opposizione cerca la bandierina ideologica<\/strong>\u201c, ribadisce.<\/p>\n<p>Per il rappresentante del Governo Sisto, tuttavia, <strong>\u201cil Parlamento pu\u00f2 essere maturo dopo tanto tempo e dopo tante difficolt\u00e0<\/strong>, interventi della Corte\u201d a cercare un testo condiviso. \u201cSe noi fossimo capaci di raccogliere il testimone e farne oggetto di regole condivise sarebbe un ottimo risultato\u201d. (Public Policy) MAR<\/p>\n","protected":false},"excerpt":{"rendered":"\u201cQuesto \u00e8 un tema etico, su cui se si riuscisse a trovare un\u2019intesa sarebbe un bel merito per&hellip;\n","protected":false},"author":3,"featured_media":152667,"comment_status":"","ping_status":"","sticky":false,"template":"","format":"standard","meta":{"footnotes":""},"categories":[1481],"tags":[2065,2066,239,2063,2064,1537,90,89,240],"class_list":{"0":"post-152666","1":"post","2":"type-post","3":"status-publish","4":"format-standard","5":"has-post-thumbnail","7":"category-assistenza-sanitaria","8":"tag-assistenza-sanitaria","9":"tag-assistenzasanitaria","10":"tag-health","11":"tag-health-care","12":"tag-healthcare","13":"tag-it","14":"tag-italia","15":"tag-italy","16":"tag-salute"},"share_on_mastodon":{"url":"","error":""},"_links":{"self":[{"href":"https:\/\/www.europesays.com\/it\/wp-json\/wp\/v2\/posts\/152666","targetHints":{"allow":["GET"]}}],"collection":[{"href":"https:\/\/www.europesays.com\/it\/wp-json\/wp\/v2\/posts"}],"about":[{"href":"https:\/\/www.europesays.com\/it\/wp-json\/wp\/v2\/types\/post"}],"author":[{"embeddable":true,"href":"https:\/\/www.europesays.com\/it\/wp-json\/wp\/v2\/users\/3"}],"replies":[{"embeddable":true,"href":"https:\/\/www.europesays.com\/it\/wp-json\/wp\/v2\/comments?post=152666"}],"version-history":[{"count":0,"href":"https:\/\/www.europesays.com\/it\/wp-json\/wp\/v2\/posts\/152666\/revisions"}],"wp:featuredmedia":[{"embeddable":true,"href":"https:\/\/www.europesays.com\/it\/wp-json\/wp\/v2\/media\/152667"}],"wp:attachment":[{"href":"https:\/\/www.europesays.com\/it\/wp-json\/wp\/v2\/media?parent=152666"}],"wp:term":[{"taxonomy":"category","embeddable":true,"href":"https:\/\/www.europesays.com\/it\/wp-json\/wp\/v2\/categories?post=152666"},{"taxonomy":"post_tag","embeddable":true,"href":"https:\/\/www.europesays.com\/it\/wp-json\/wp\/v2\/tags?post=152666"}],"curies":[{"name":"wp","href":"https:\/\/api.w.org\/{rel}","templated":true}]}}