{"id":152678,"date":"2025-10-08T06:33:14","date_gmt":"2025-10-08T06:33:14","guid":{"rendered":"https:\/\/www.europesays.com\/it\/152678\/"},"modified":"2025-10-08T06:33:14","modified_gmt":"2025-10-08T06:33:14","slug":"la-disinformazione-sul-dopo-gara-di-piastri-a-singapore","status":"publish","type":"post","link":"https:\/\/www.europesays.com\/it\/152678\/","title":{"rendered":"La disinformazione sul dopo gara di Piastri a Singapore"},"content":{"rendered":"<p><strong>Massimo Costa<\/strong><\/p>\n<p>Oscar Piastri non ha volutamente partecipato alla festa sul podio della McLaren al termine del GP di Singapore. Oscar Piastri ha intenzionalmente spento la radio nel giro di rientro dopo la bandiera a scacchi mentre gli stava parlando Zak Brown. Il tutto perch\u00e9 seccato dal contatto con il compagno a inizio gara. <\/p>\n<p>Eccola qua la disinformazione circoscritta alla Formula 1 che impera su certi website. <strong>Montare la maionese,<\/strong> come diceva qualcuno, \u00e8 ormai la prassi nel mondo del web purtroppo ormai sempre pi\u00f9 popolato da &#8220;giornalisti&#8221; improvvisati. Quando sarebbe meglio rimanere silenti, aspettare e capire gli sviluppi.<\/p>\n<p>Per fortuna che ancora resistono giornalisti vecchio stile che si informano, che sono presenti, che ci aiutano a capire.  Il collega Jonathan Noble, ha spiegato perfettamente l&#8217;assenza di Piastri dal podio di Singapore sul quale si \u00e8 velocemente fatta festa per il titolo iridato costruttori conquistato dalla McLaren.<\/p>\n<p>Tutto \u00e8 avvenuto in fretta, non era prevista questa comparsata, ed \u00e8 stata richiesta da Liberty Media subito dopo la premiazione dei primi tre classificati. Cos\u00ec, in un breve lasso di tempo sono arrivati di corsa alcuni componenti del team McLaren, si sottolinea alcuni, perch\u00e9 non c&#8217;era tempo per radunarli tutti. Quando Lando Norris stava lasciando la zona podio, premiato per il terzo posto, \u00e8 stato travolto dai componenti della sua squadra che lo hanno trascinato nuovamente sul podio per la foto di rito.<\/p>\n<p>Ecco dunque spiegata la presenza casuale di Norris. E l&#8217;assenza di Piastri? Conclusa la corsa, l&#8217;australiano si \u00e8 subito recato nella zona interviste come da prassi e mentre si trovava l\u00ec, come specificato sopra, \u00e8 stata organizzata velocemente la foto sul podio. Nessuno si \u00e8 dimenticato Piastri e tantomeno non c&#8217;\u00e8 stata la volont\u00e0 del leader del mondiale di snobbare tale momento. Semplicemente era da tutt&#8217;altra parte. Al contrario, nella classica foto con tutti i componenti del team, fatta in pit-lane davanti al box, erano presenti sia Norris sia Piastri, ma non Brown corso in aeroporto.<\/p>\n<p>Il discorso radio ha anche questo una sua spiegazione. Quando Brown si \u00e8 rivolto a Piastri, era gi\u00e0 giunto ai box e gli ultimi secondi della trasmissione non sono stati interrotti da un gesto deliberato del pilota, ma dalla disconnessione definitiva tra i sistimei della vettura e il segnale trasmesso dalla FOM.<br \/>\u00a0<\/p>\n","protected":false},"excerpt":{"rendered":"Massimo Costa Oscar Piastri non ha volutamente partecipato alla festa sul podio della McLaren al termine del GP&hellip;\n","protected":false},"author":3,"featured_media":152679,"comment_status":"","ping_status":"","sticky":false,"template":"","format":"standard","meta":{"footnotes":""},"categories":[1454],"tags":[8776,1770,683,1771,1537,90,89,3352,245,244],"class_list":{"0":"post-152678","1":"post","2":"type-post","3":"status-publish","4":"format-standard","5":"has-post-thumbnail","7":"category-f1","8":"tag-corse","9":"tag-f1","10":"tag-formula-1","11":"tag-formula1","12":"tag-it","13":"tag-italia","14":"tag-italy","15":"tag-racing","16":"tag-sport","17":"tag-sports"},"share_on_mastodon":{"url":"","error":""},"_links":{"self":[{"href":"https:\/\/www.europesays.com\/it\/wp-json\/wp\/v2\/posts\/152678","targetHints":{"allow":["GET"]}}],"collection":[{"href":"https:\/\/www.europesays.com\/it\/wp-json\/wp\/v2\/posts"}],"about":[{"href":"https:\/\/www.europesays.com\/it\/wp-json\/wp\/v2\/types\/post"}],"author":[{"embeddable":true,"href":"https:\/\/www.europesays.com\/it\/wp-json\/wp\/v2\/users\/3"}],"replies":[{"embeddable":true,"href":"https:\/\/www.europesays.com\/it\/wp-json\/wp\/v2\/comments?post=152678"}],"version-history":[{"count":0,"href":"https:\/\/www.europesays.com\/it\/wp-json\/wp\/v2\/posts\/152678\/revisions"}],"wp:featuredmedia":[{"embeddable":true,"href":"https:\/\/www.europesays.com\/it\/wp-json\/wp\/v2\/media\/152679"}],"wp:attachment":[{"href":"https:\/\/www.europesays.com\/it\/wp-json\/wp\/v2\/media?parent=152678"}],"wp:term":[{"taxonomy":"category","embeddable":true,"href":"https:\/\/www.europesays.com\/it\/wp-json\/wp\/v2\/categories?post=152678"},{"taxonomy":"post_tag","embeddable":true,"href":"https:\/\/www.europesays.com\/it\/wp-json\/wp\/v2\/tags?post=152678"}],"curies":[{"name":"wp","href":"https:\/\/api.w.org\/{rel}","templated":true}]}}