{"id":152684,"date":"2025-10-08T06:36:14","date_gmt":"2025-10-08T06:36:14","guid":{"rendered":"https:\/\/www.europesays.com\/it\/152684\/"},"modified":"2025-10-08T06:36:14","modified_gmt":"2025-10-08T06:36:14","slug":"gallinari-mia-moglie-eleonora-sta-meglio-dopo-il-morso-dello-squalo-pozzecco-non-pensavo-ci-fossero-dubbi-su-di-me","status":"publish","type":"post","link":"https:\/\/www.europesays.com\/it\/152684\/","title":{"rendered":"Gallinari: \u00abMia moglie Eleonora sta meglio dopo il morso dello squalo. Pozzecco? Non pensavo ci fossero dubbi su di me\u00bb"},"content":{"rendered":"<p>    di<br \/>\n    Flavio Vanetti<\/p>\n<p class=\"summary-art is-line-h-12\">Il cestista: \u00abIl futuro? Si vedr\u00e0. Ora sono tornato a casa, a Miami. A novembre nascer\u00e0 il terzo figlio\u00bb<\/p>\n<p class=\"chapter-paragraph\">A mente fredda, un mese dopo, \u00e8 tutto pi\u00f9 chiaro. Ed \u00e8 pi\u00f9 facile parlare. Danilo Gallinari \u00e8 tornato negli Usa dopo l\u2019Europeo concluso dall\u2019Italia agli ottavi. Sognava un epilogo diverso, ma il passato \u00e8 passato e c\u2019\u00e8 un futuro al quale pensare. Non lo affronter\u00e0, quasi sicuramente, nei panni del giocatore, ma qualcosa di importante bolle in pentola. E il Gallo non lo nasconde.<\/p>\n<p class=\"chapter-paragraph\"><b>Danilo, qual \u00e8 il bilancio dell\u2019ultima esperienza in Nazionale?<\/b><br \/>\u00abSono abituato a guardare agli aspetti positivi di ogni competizione vissuta. Anche in questo Europeo ce ne sono stati. Per\u00f2 non nascondo di aver immaginato che potessimo andare pi\u00f9 avanti: ci abbiamo provato, ma \u00e8 stato vano. Comunque sono ugualmente contento: \u00e8 stato un mese intenso, spensierato, in un gruppo nel quale si stava bene\u00bb.    &#13;<br \/>\n&#13;<br \/>\n&#13;<br \/>\n&#13;<br \/>\n&#13;<br \/>\n&#13;<br \/>\n&#13;<br \/>\n&#13;<br \/>\n&#13;<br \/>\n&#13;<br \/>\n&#13;<br \/>\n&#13;<br \/>\n&#13;<br \/>\n&#13;<br \/>\n&#13;<br \/>\n&#13;<br \/>\n&#13;<br \/>\n&#13;<br \/>\n&#13;<br \/>\n&#13;<br \/>\n&#13;<br \/>\n&#13;<br \/>\n&#13;<br \/>\n&#13;<br \/>\n&#13;<br \/>\n&#13;<br \/>\n&#13;<br \/>\n&#13;<br \/>\n&#13;<br \/>\n&#13;<br \/>\n&#13;<br \/>\n&#13;<br \/>\n&#13;<br \/>\n&#13;<br \/>\n&#13;<br \/>\n&#13;<br \/>\n&#13;<br \/>\n&#13;<br \/>\n&#13;<br \/>\n&#13;<br \/>\n&#13;<br \/>\n&#13;<br \/>\n&#13;<br \/>\n&#13;<br \/>\n&#13;<br \/>\n&#13;<br \/>\n&#13;<br \/>\n&#13;<br \/>\n&#13;<br \/>\n&#13;<br \/>\n&#13;<br \/>\n&#13;<br \/>\n&#13;\n<\/p>\n<p class=\"chapter-paragraph\"><b>Si ritorna alla partita della condanna contro la Slovenia, cominciata in modo terrificante con Doncic devastante.<\/b><br \/>\u00abAvevamo un piano che, banalmente, non ha funzionato. L\u2019abbiamo cambiato in corsa e le cose sono migliorate: Doncic negli ultimi due quarti ci ha segnato 12 punti, non i 30 dei primi due\u00bb.<\/p>\n<p class=\"chapter-paragraph\"><b>Quindi sarebbe stato bene adottare subito il piano B\u2026<\/b><br \/>\u00abCon il senno del poi sono bravi tutti\u2026\u00bb.<\/p>\n<p class=\"chapter-paragraph\"><b>Per\u00f2 Gianmarco Pozzecco ha rimediato un sacco di critiche\u2026<\/b><br \/>\u00abIn uno sport di squadra \u00e8 pi\u00f9 esposto alle male parole un allenatore di un giocatore. In questi anni da c.t. non ha demeritato, ma ha solo sfiorato risultati che qualcuno si aspettava e che l\u2019avrebbero tolto dall\u2019area delle critiche\u00bb.<\/p>\n<p class=\"chapter-paragraph\"><b>Nell\u2019Europeo il Poz non si \u00e8 fatto mancare falli tecnici e un\u2019espulsione.<\/b><br \/>\u00abAnche da giocatore si emozionava, \u201cviveva\u201d le partite, soffriva: era inimmaginabile che si snaturasse. Detto questo, con lui gli arbitri hanno anche esagerato. Infine guardo all\u2019aspetto positivo della situazione: il Poz teneva molto a questo gruppo\u00bb.<\/p>\n<p class=\"chapter-paragraph\"><b>Ma la squadra gli riconosceva un\u2019autorit\u00e0 da c.t.?<\/b><br \/>\u00abS\u00ec, \u00e8 sempre stata compatta: l\u2019ha voluta lui cos\u00ec. Inoltre Gianmarco responsabilizza al massimo il giocatore e lo invita a prendere decisioni autonome nel contesto di un piano-partita\u00bb.<\/p>\n<p class=\"chapter-paragraph\"><b>Non \u00e8 un mistero che dubitasse di Danilo Gallinari.<\/b><br \/>\u00abC\u2019\u00e8 stato un momento in cui non sapevo se avrei fatto parte della squadra. Rischio rottura con Pozzecco? La situazione \u00e8 stata delicata fino alla telefonata in cui mi ha detto che sarei stato uno dei 12 per l\u2019Europeo\u00bb.<\/p>\n<p class=\"chapter-paragraph\"><b>Come ha vissuto i giorni dell\u2019attesa?<\/b><br \/>\u00abMale: non pensavo che ci fossero dubbi su di me\u00bb.<\/p>\n<p class=\"chapter-paragraph\"><b>Lei aveva dato messaggi chiari, andando a giocare a Portorico.<\/b><br \/>\u00abHo cercato di farmi trovare pronto. Con i Vaqueros di Bayamon ho vinto il titolo e sono stato Mvp, eppure rischiava di non bastare: ho spiegato i timori all\u2019allenatore e a Carlos Arroyo, amico e dirigente della Nazionale portoricana\u00bb.<\/p>\n<p class=\"chapter-paragraph\"><b>Quindi non \u00e8 stato facile re-inserirsi nell\u2019Italia?<\/b><br \/>\u00abEro scombussolato, non mi era mai capitata una cosa del genere. Per\u00f2 nel gruppo mi sono trovato a mio agio: se non fosse andata cos\u00ec sarebbe stato un casino. E con Pozzecco, onesto nello spiegarmi che cosa volesse, ho appianato tutto, accettando il ruolo proposto: preferisco che le cose mi siano dette in faccia\u00bb.<\/p>\n<p class=\"chapter-paragraph\"><b>\u00c8 circolata la voce di uno screzio alla vigilia tra Pozzecco e Datome: tutto sarebbe nato dalla volont\u00e0 di Gianmarco di annunciare che dopo l\u2019Europeo non sarebbe stato pi\u00f9 c.t.<\/b><br \/>\u00abNon so se lui e Gigi abbiano discusso, ma tutti noi sapevamo che il Poz chiudeva: tra l\u2019altro scadeva il contratto. Gli \u201cscazzi\u201d ci sono in ogni squadra: potrei raccontarvi quelli nella Spagna che ha vinto tantissimo. E se non si verificano \u00e8 un problema: significa che non ci si parla a viso aperto\u00bb.<\/p>\n<p class=\"chapter-paragraph\"><b>Cosa pensa del nuovo corso azzurro con la nomina di Luca Banchi?<\/b><br \/>\u00abNon lo conosco bene, ma la carriera parla per lui. Credo che ci siano grandi talenti da lanciare, sar\u00f2 sempre un tifoso emozionato della Nazionale. Per\u00f2\u2026\u00bb.<\/p>\n<p class=\"chapter-paragraph\"><b>Prego, dica\u2026<\/b><br \/>\u00ab\u00c8 diventato maledettamente difficile emergere in un basket sempre pi\u00f9 equilibrato. Avete visto la Serbia e la Francia, rispettivamente bronzo e argento ai Giochi 2024? Eliminate negli ottavi come l\u2019Italia. E a noi nell\u2019Europeo 2022 sono mancati due tiri liberi per battere i francesi e andare in semifinale\u2026\u00bb.<\/p>\n<p class=\"chapter-paragraph\"><b>Battutaccia: la generazione di quelli della Nba, lei, Bargnani e Belinelli, chiude con \u00abzero tituli\u00bb.<\/b><\/p>\n<p class=\"chapter-paragraph\">\u00abRispondo cos\u00ec: quante estati siamo riusciti a giocare tutti e tre assieme, in 13 anni? A me risulta due. E se aggiungiamo compagni quali Melli, Datome e Hackett, la risposta \u00e8 zero. Non si crea un gruppo vincente senza la continuit\u00e0\u00bb.<\/p>\n<p class=\"chapter-paragraph\"><b>Ripensando alla vita azzurra, qual \u00e8 l\u2019occasione che rimpiange?<\/b><br \/>\u00abQuella dell\u2019Europeo 2015 a Lille: il podio era possibile\u00bb.<\/p>\n<p class=\"chapter-paragraph\"><b>Che cosa succeder\u00e0 adesso al Gallo?<\/b><br \/>\u00abVallo a sapere, non ho una gran risposta. Sono tornato a casa, a Miami, mia moglie Eleonora sta bene dopo la vicenda della morsicata dello squalo. A novembre nascer\u00e0 il terzo figlio: quindi i pensieri non mancano\u00bb.<\/p>\n<p class=\"chapter-paragraph\"><b>E il basket?<\/b><br \/>\u00abCome giocatore \u00e8 difficile che torni nella Nba (ndr: ma su Instagram ha messo un post da cui si deduce che lo auspica), potrei riconsiderare Portorico. Fare il manager? Sto valutando alcune possibilit\u00e0\u00bb.<\/p>\n<p class=\"chapter-paragraph\"><b>Riproporsi in Europa?<\/b><br \/>\u00abNo, escluso. Per\u00f2 l\u2019Europa potrebbe entrare in gioco grazie alla nascita di Nba Europe\u2026\u00bb.<\/p>\n<p class=\"chapter-paragraph\">Capito tutto: dirigente nel nuovo progetto. Forse \u00e8 questo che frulla nella testa del Gallo.<\/p>\n<p class=\"is-last-update\" datetime=\"2025-10-08T07:38:25+02:00\">8 ottobre 2025 ( modifica il 8 ottobre 2025 | 07:38)<\/p>\n<p class=\"is-copyright\">\n            \u00a9 RIPRODUZIONE RISERVATA\n        <\/p>\n","protected":false},"excerpt":{"rendered":"di Flavio Vanetti Il cestista: \u00abIl futuro? Si vedr\u00e0. Ora sono tornato a casa, a Miami. A novembre&hellip;\n","protected":false},"author":3,"featured_media":152685,"comment_status":"","ping_status":"","sticky":false,"template":"","format":"standard","meta":{"footnotes":""},"categories":[1451],"tags":[1998,94499,94500,75611,1960,32,1756,1621,1620,122,9182,11119,22052,20545,6927,2283,18570,7757,23514,203,3085,3889,2606,2716,23518,8033,49241,1889,564,204,1537,90,89,3783,9768,1229,94490,37043,94491,94492,18571,7030,94493,94494,34979,2463,1290,489,5239,94495,975,94496,21907,56304,49244,15348,4172,786,1857,23515,94497,4960,1994,94498,2200,7778],"class_list":{"0":"post-152684","1":"post","2":"type-post","3":"status-publish","4":"format-standard","5":"has-post-thumbnail","7":"category-celebrita","8":"tag-abituato","9":"tag-abituato-guardare","10":"tag-abituato-guardare-aspetti","11":"tag-accettando","12":"tag-allenatore","13":"tag-andare","14":"tag-basket","15":"tag-celebrita","16":"tag-celebrities","17":"tag-cose","18":"tag-critiche","19":"tag-danilo","20":"tag-danilo-gallinari","21":"tag-datome","22":"tag-difficile","23":"tag-dirigente","24":"tag-doncic","25":"tag-dubbi","26":"tag-eleonora","27":"tag-entertainment","28":"tag-europa","29":"tag-europeo","30":"tag-facile","31":"tag-figlio","32":"tag-gallinari","33":"tag-gallo","34":"tag-gianmarco","35":"tag-giocare","36":"tag-giocatore","37":"tag-intrattenimento","38":"tag-it","39":"tag-italia","40":"tag-italy","41":"tag-mese","42":"tag-miami","43":"tag-moglie","44":"tag-moglie-eleonora","45":"tag-nascera","46":"tag-nascera-terzo","47":"tag-nascera-terzo-figlio","48":"tag-nba","49":"tag-novembre","50":"tag-novembre-nascera","51":"tag-novembre-nascera-terzo","52":"tag-ottavi","53":"tag-parla","54":"tag-partita","55":"tag-passato","56":"tag-pensavo","57":"tag-pensavo-dubbi","58":"tag-piano","59":"tag-portorico","60":"tag-potrei","61":"tag-poz","62":"tag-pozzecco","63":"tag-qual","64":"tag-risposta","65":"tag-situazione","66":"tag-squadra","67":"tag-squalo","68":"tag-terzo-figlio","69":"tag-terzo","70":"tag-tornato","71":"tag-tornato-miami","72":"tag-vinto","73":"tag-zero"},"share_on_mastodon":{"url":"","error":""},"_links":{"self":[{"href":"https:\/\/www.europesays.com\/it\/wp-json\/wp\/v2\/posts\/152684","targetHints":{"allow":["GET"]}}],"collection":[{"href":"https:\/\/www.europesays.com\/it\/wp-json\/wp\/v2\/posts"}],"about":[{"href":"https:\/\/www.europesays.com\/it\/wp-json\/wp\/v2\/types\/post"}],"author":[{"embeddable":true,"href":"https:\/\/www.europesays.com\/it\/wp-json\/wp\/v2\/users\/3"}],"replies":[{"embeddable":true,"href":"https:\/\/www.europesays.com\/it\/wp-json\/wp\/v2\/comments?post=152684"}],"version-history":[{"count":0,"href":"https:\/\/www.europesays.com\/it\/wp-json\/wp\/v2\/posts\/152684\/revisions"}],"wp:featuredmedia":[{"embeddable":true,"href":"https:\/\/www.europesays.com\/it\/wp-json\/wp\/v2\/media\/152685"}],"wp:attachment":[{"href":"https:\/\/www.europesays.com\/it\/wp-json\/wp\/v2\/media?parent=152684"}],"wp:term":[{"taxonomy":"category","embeddable":true,"href":"https:\/\/www.europesays.com\/it\/wp-json\/wp\/v2\/categories?post=152684"},{"taxonomy":"post_tag","embeddable":true,"href":"https:\/\/www.europesays.com\/it\/wp-json\/wp\/v2\/tags?post=152684"}],"curies":[{"name":"wp","href":"https:\/\/api.w.org\/{rel}","templated":true}]}}