{"id":152686,"date":"2025-10-08T06:37:15","date_gmt":"2025-10-08T06:37:15","guid":{"rendered":"https:\/\/www.europesays.com\/it\/152686\/"},"modified":"2025-10-08T06:37:15","modified_gmt":"2025-10-08T06:37:15","slug":"la-quotidianita-accanto-a-lui-era-piu-leggera","status":"publish","type":"post","link":"https:\/\/www.europesays.com\/it\/152686\/","title":{"rendered":"\u00abLa quotidianit\u00e0, accanto a lui, era pi\u00f9 leggera\u00bb"},"content":{"rendered":"<p>VENEZIA &#8211; \u00ab\u00c8 stato un compagno di vita fantastico. La quotidianit\u00e0, accanto a lui, era pi\u00f9 \u201cleggera\u201d\u00bb. Silvia Dainese affida a queste parole il ricordo del marito e collega, l\u2019architetto <strong><a href=\"https:\/\/www.ilgazzettino.it\/t\/stefano-gris\" rel=\"nofollow noopener\" target=\"_blank\">Stefano Gris<\/a><\/strong>, dopo sette mesi di ospedalizzazione venuto a mancare venerd\u00ec a causa di complicazioni post operatorie. Nato a <a href=\"https:\/\/www.ilgazzettino.it\/t\/cortina-d%E2%80%99ampezzo\" rel=\"nofollow noopener\" target=\"_blank\">Cortina d\u2019Ampezzo<\/a> e classe 1959, <a href=\"https:\/\/www.ilgazzettino.it\/t\/venezia\" rel=\"nofollow noopener\" target=\"_blank\">Venezia<\/a> \u00e8 diventata sua citt\u00e0 d\u2019adozione, dove ha iniziato a vivere stabilmente, con la moglie, dal 2010. Nel 2008 hanno fondato lo studio Gris+Dainese Architetti, unendo le rispettive carriere in un unico percorso, fatto di soddisfazioni e progetti importanti in via di realizzazione e gi\u00e0 portati a conclusione, sia in Italia che all\u2019estero.\u00a0<\/p>\n<p>    &#13;<\/p>\n<p>APPROFONDIMENTI<\/p>\n<p>&#13;<\/p>\n<p>                            &#13;<br \/>\n                                            &#13;<br \/>\n                            <a href=\"https:\/\/www.ilgazzettino.it\/cultura\/made_in_italy_marchi_vita_popolazione_mostra_m9-9089905.html\" rel=\"nofollow noopener\" target=\"_blank\">&#13;<br \/>\n                                                                <img decoding=\"async\" src=\"https:\/\/www.europesays.com\/it\/wp-content\/uploads\/2025\/10\/9089905_26091856_made_in_italy_marchi_vita_popolazione_mostra_m9.jpg\"\/>&#13;<br \/>\n                            <\/a>&#13;<br \/>\n                        &#13;<br \/>\n                                        &#13;<\/p>\n<p>        &#13;<\/p>\n<p>I SUCCESSI PROFESSIONALI <\/p>\n<p>Tra i pi\u00f9 rilevanti degli ultimi anni, il Museo M9 di Mestre, l\u2019hotel Impero, il resort Il Caminetto e il motel Agip &#8211; Hotel Dolomiti a Cortina, il Centro ricerche D-Airlab di Vicenza e il complesso di Castel San Pietro a Verona. Uno studio approdato nel 2018 anche in Laguna, a San Basilio, attento al rispetto dell\u2019ambiente e che ad oggi raggruppa 17 fra architetti e graphic designer. \u00abEravamo sposati da trent\u2019anni\u00bb, racconta Dainese, spiegando come le figlie Benedetta e Carolina &#8211; di 25 e 30 anni &#8211; abbiano intrapreso strade professionali diverse rispetto ai genitori. \u00abLavoravamo tanto, forse un po\u2019 troppo \u2013 commenta con un sorriso \u2013. Ci \u00e8 sempre piaciuto progettare e inventare nuovi scenari: abbiamo avuto anche una cantina vinicola sui Colli Euganei. Stefano era una persona spiritosa, ironica ed estroversa, che dava tanta fiducia a clienti e amici. Aveva una grazia e un\u2019empatia speciali con le persone che incontrava\u00bb. Residenti a Dorsoduro, Gris e Dainese hanno scelto di vivere a Venezia \u00abper amore\u00bb. Una citt\u00e0 in cui aveva trascorso gi\u00e0 i suoi anni universitari, frequentando lo Iuav. \u00abVenezia ci ha portato molta fortuna: abbiamo lavorato anche con le Gallerie dell\u2019Accademia. La sede lagunare \u00e8 stata strategica anche nella gestione dei rapporti internazionali con i nostri clienti, oltre che vera fonte d\u2019ispirazione\u00bb.\u00a0<\/p>\n<p>IL RICORDO DELLA MOGLIE <\/p>\n<p>Una vita piena, quella di Stefano Gris, che la moglie definisce \u00abun vero montanaro, alto un metro e novanta e molto forte. L\u2019amore per le sue montagne? Lo ha maturato pi\u00f9 avanti, quando nel 2015 ha ristrutturato a Cortina un tabi\u00e0: da l\u00ec sono partiti alcuni progetti, sette quelli all\u2019attivo. Ma da giovane la sua voglia era di essere altrove, di intraprendere la propria strada\u00bb. Nel 1985 ha avviato lo studio a <a href=\"https:\/\/www.ilgazzettino.it\/t\/padova\" rel=\"nofollow noopener\" target=\"_blank\">Padova<\/a>, iniziando una serie di importanti collaborazioni, come con Piaggio e Ferrovie dello Stato. Dal 1995 al 1999 \u00e8 stato nominato architetto responsabile del complesso basilicale di Padova ed \u00e8 stato presidente della Veneranda Arca di Sant\u2019Antonio. \u00abNella fase dell\u2019ospedalizzazione ha dimostrato sempre una grande forza d\u2019animo, tanto che i medici lo consideravano un esempio positivo per tutti i pazienti\u00bb. Lo ricorda con affetto anche Giovanni Salmistrari, presidente Ance Venezia, che con Gris ha condiviso, in amicizia, gli ultimi due anni delle superiori a Cortina. \u00abEra una persona squisita, perbene\u00bb, dice di lui Salmistrari. I funerali saranno celebrati nella chiesa dei Carmini domani, 8 ottobre, alle 15.\u00a0<\/p>\n","protected":false},"excerpt":{"rendered":"VENEZIA &#8211; \u00ab\u00c8 stato un compagno di vita fantastico. La quotidianit\u00e0, accanto a lui, era pi\u00f9 \u201cleggera\u201d\u00bb. Silvia&hellip;\n","protected":false},"author":3,"featured_media":152687,"comment_status":"","ping_status":"","sticky":false,"template":"","format":"standard","meta":{"footnotes":""},"categories":[1446],"tags":[1361,1615,1613,1614,1611,1610,79349,1612,203,204,1537,90,89],"class_list":{"0":"post-152686","1":"post","2":"type-post","3":"status-publish","4":"format-standard","5":"has-post-thumbnail","7":"category-arte-e-design","8":"tag-architetto","9":"tag-arte","10":"tag-arte-e-design","11":"tag-arteedesign","12":"tag-arts","13":"tag-arts-and-design","14":"tag-cortina-d","15":"tag-design","16":"tag-entertainment","17":"tag-intrattenimento","18":"tag-it","19":"tag-italia","20":"tag-italy"},"share_on_mastodon":{"url":"","error":""},"_links":{"self":[{"href":"https:\/\/www.europesays.com\/it\/wp-json\/wp\/v2\/posts\/152686","targetHints":{"allow":["GET"]}}],"collection":[{"href":"https:\/\/www.europesays.com\/it\/wp-json\/wp\/v2\/posts"}],"about":[{"href":"https:\/\/www.europesays.com\/it\/wp-json\/wp\/v2\/types\/post"}],"author":[{"embeddable":true,"href":"https:\/\/www.europesays.com\/it\/wp-json\/wp\/v2\/users\/3"}],"replies":[{"embeddable":true,"href":"https:\/\/www.europesays.com\/it\/wp-json\/wp\/v2\/comments?post=152686"}],"version-history":[{"count":0,"href":"https:\/\/www.europesays.com\/it\/wp-json\/wp\/v2\/posts\/152686\/revisions"}],"wp:featuredmedia":[{"embeddable":true,"href":"https:\/\/www.europesays.com\/it\/wp-json\/wp\/v2\/media\/152687"}],"wp:attachment":[{"href":"https:\/\/www.europesays.com\/it\/wp-json\/wp\/v2\/media?parent=152686"}],"wp:term":[{"taxonomy":"category","embeddable":true,"href":"https:\/\/www.europesays.com\/it\/wp-json\/wp\/v2\/categories?post=152686"},{"taxonomy":"post_tag","embeddable":true,"href":"https:\/\/www.europesays.com\/it\/wp-json\/wp\/v2\/tags?post=152686"}],"curies":[{"name":"wp","href":"https:\/\/api.w.org\/{rel}","templated":true}]}}