{"id":152688,"date":"2025-10-08T06:39:10","date_gmt":"2025-10-08T06:39:10","guid":{"rendered":"https:\/\/www.europesays.com\/it\/152688\/"},"modified":"2025-10-08T06:39:10","modified_gmt":"2025-10-08T06:39:10","slug":"non-conto-piu-le-minacce-di-morte-il-clima-si-sta-imbarbarendo","status":"publish","type":"post","link":"https:\/\/www.europesays.com\/it\/152688\/","title":{"rendered":"Non conto pi\u00f9 le minacce di morte. Il clima si sta imbarbarendo"},"content":{"rendered":"<p>E non si dica che la premier Meloni non si lascia intervistare dalla stampa italiana. Nella serata di ieri, marted\u00ec 7 ottobre, la presidente del Consiglio \u00e8 stata ospite per ben due volte di Bruno Vespa, prima nella trasmissione &#8220;Cinque Minuti&#8221; e poi a &#8220;Porta a Porta&#8221; (<a href=\"https:\/\/www.raiplay.it\/video\/2025\/09\/Porta-a-Porta---Puntata-del-07102025-fbdea4dd-748d-4055-8ca7-ee513d5bf6b6.html\" target=\"_blank\" rel=\"nofollow noopener\">qui <\/a>la puntata integrale). Tantissimi i temi discussi nel doppio intervento, dalla situazione a Gaza alla Flotilla, passando per le elezioni regionali e la nuova manovra economica.<\/p>\n<p>Meloni e il piano di Trump su Gaza<\/p>\n<p>In una data simbolicamente tragica dopo l&#8217;attentato di Hamas che ha innescato la violenta reazione di Israele, il tema principale dell&#8217;intervista alla premier non poteva che essere la situazione sulla Striscia di Gaza e il piano di pace proposto dal presidente degli Stati Uniti Donald Trump: &#8220;Apre oggettivamente pi\u00f9 di uno spiraglio per una tregua in Medio Oriente. \u00c8 il piano sul quale c&#8217;\u00e8 stata una convergenza quasi totale, anzi direi totale, di paesi europei, paesi arabi, autorit\u00e0 nazionale palestinese, la stessa Hamas, seppur con qualche distinguo. Chiaramente \u00e8 un percorso molto fragile e bisogna lavorarci tutti quanti insieme con forza. L&#8217;Italia sicuramente c&#8217;\u00e8&#8221;.<\/p>\n<p>Giorgia Meloni ha poi parlato della denuncia ricevuta per &#8220;concorso in genocidio&#8221; e del clima che si starebbe &#8220;imbarbarendo&#8221; in Italia: &#8220;Con il ministro Crosetto, il ministro Tajani e credo l&#8217;amministratore delegato di Leonardo, Roberto Cingolani, siamo stati denunciati alla Corte Penale Internazionale per concorso in genocidio. Ora io credo che non esista un altro caso al mondo e nella storia di una denuncia del genere&#8221;.<\/p>\n<p>&#8220;Temo un clima che si sta imbarbarendo parecchio &#8211; ha aggiunto -. L&#8217;Italia \u00e8 una nazione che questa storia l&#8217;ha gi\u00e0 affrontata. Vedo molte cose che cominciamo a dare per normali e normali non sono. Io non conto pi\u00f9 le minacce di morte, non faccio in tempo neanche a segnalarle. E penso che qui ci siano anche delle responsabilit\u00e0. Vedo responsabilit\u00e0 di chi per esempio dice che tu hai le mani sporche di sangue, di persone che fanno parte della classe dirigente di questa nazione che dicono che io e questo governo siamo complici di genocidio. Io penso che non si abbia pi\u00f9 il senso delle parole che si usano. Questo \u00e8 molto grave&#8221;.<\/p>\n<p>La Flotilla e il confronto sugli aiuti umanitari<\/p>\n<p>Da Gaza alla Flotilla il passo \u00e8 breve: &#8220;Sulle navi degli attivisti c&#8217;erano circa 40 tonnellate di aiuti &#8211; ha sottolineato la premier -. Ora, il governo italiano ha consegnato 2.300 tonnellate d&#8217;aiuti. 40 tonnellate le nostre istituzioni le consegnano in una mattinata con due aerei. Quindi non serve rischiare, non serve mettersi in pericolo, non serve creare problemi alla propria nazione. Il blocco navale a Gaza c&#8217;\u00e8 dal 2009, non si era accorto Giuseppe Conte che c&#8217;era un blocco navale? Perch\u00e9 non ha posto il problema?&#8221;.<\/p>\n<p>Quanto alle manifestazioni per Gaza e la Flotilla, &#8220;io sono rimasta scioccata dal fatto che uno degli striscioni di testa fosse quello che inneggiava al terrore del 7 ottobre&#8221;. &#8220;Penso che quando si consente a chi inneggia al terrorismo di Hamas di stare in testa al corteo, forse la tesi dei semplici infiltrati \u00e8 un po&#8217; riduttiva, quindi penso che su questo bisogna fare tutti un po&#8217; pi\u00f9 attenzione, sempre avendo grande rispetto per le tantissime persone che sono scese in piazza per una materia che chiaramente \u00e8 sentita&#8221;.<\/p>\n<p>&#8220;Sullo sciopero non sono stata dura&#8221;<\/p>\n<p>La premier ha poi virato sulle contestazioni avvenute in Italia: &#8220;Nei tre anni in cui noi siamo al governo, la Cgil ha indetto quattro scioperi generali e lo fa mentre aumentano i dati di occupazione, aumentano i salari, diminuisce la precariet\u00e0 e infatti fanno lo sciopero generale su una materia di politica estera che \u00e8 sostanzialmente un altro unicum nella storia del sindacato. Io penso banalmente che sia pretestuoso e penso che la Cgil sembri molto pi\u00f9 interessata a difendere la sinistra piuttosto che a difendere i lavoratori&#8221;. Sullo sciopero generale &#8220;non sono stata particolarmente dura, ho detto quello che penso, come sempre, ovvero che lo sciopero generale era pretestuoso&#8221;.<\/p>\n<p>Commentando le contestazioni contro la Lega a Livorno, Meloni spiega di temere che ci &#8220;sia un clima che pu\u00f2 peggiorare se non richiamiamo tutti al senso di responsabilit\u00e0 e lo dico da persona che sta a stare nella dimensione del conflitto della politica, per\u00f2 qui stiamo cominciando a sperimentare qualcosa di un po&#8217; diverso e penso che si stia sottovalutando anche da parte di chi ha pensato di fomentare la piazza. Attenzione, che poi le cose sfuggono di mano&#8221;.<\/p>\n<p>La presidente del Consiglio ha anche voluto chiarire il nodo dei miliardi spesi in armi: &#8220;Il messaggio che passa \u00e8 &#8216;spendete in difesa perch\u00e9 siete guerrafondai&#8217;. No, \u00e8 esattamente il contrario. Tu spendi in difesa per garantire la pace, spendi in difesa perch\u00e9 la pace non si costruisce decantandola o sventolando le bandiere. La pace si costruisce con la deterrenza, cio\u00e8 se tu vuoi essere certo o ragionevolmente certo di avere pace, devi rendere molto pericoloso muoverti guerra&#8221;.<\/p>\n<p>La manovra e le elezioni regionali<\/p>\n<p>In vista della manovra &#8220;dovremmo darci l&#8217;obiettivo di dare anche un segnale al ceto medio, che pure \u00e8 molto importante. Noi ci siamo concentrati finora sui redditi pi\u00f9 bassi e io credo che sia importante adesso cercare di allargare la platea. Dipende sempre dalle risorse che si hanno complessivamente, ma ci sono diverse possibilit\u00e0&#8221; per un taglio delle tasse &#8220;per la fascia che arriva ai 50mila euro&#8221;, ha spiegato Meloni. Sull&#8217;ipotesi di un contributo da parte delle banche in vista della manovra, Meloni spiega che nei confronti delle banche &#8220;non ho alcun intento punitivo. Gli istituti di credito sono un asset strutturale di questa nazione, lo scorso anno abbiamo dialogato con serenit\u00e0 e abbiamo trovato una soluzione, confido che si possa fare lo stesso anche quest&#8217;anno&#8221;.<\/p>\n<p>Invece, parlando delle regionali, Meloni sostiene di non vedere &#8220;assolutamente nervosismi all&#8217;interno della maggioranza. Sono molto contenta, chiaramente, per queste ulteriori due vittorie&#8221; nelle Marche e in Calabria. &#8220;Ho la conferma che gli italiani vedono i risultati&#8221; del governo, rivendica la presidente del Consiglio, che poi aggiunge: &#8220;Mi pare che gli italiani capiscono quando si tenta di trattarli da scemi, come si fa quando il giorno prima del voto si propone la sospensione del bollo auto per i calabresi o come si fa addirittura quando, come \u00e8 accaduto nelle Marche, si dice &#8216;vota per me nelle Marche e avrai lo Stato di Palestina&#8217;. Penso che gli italiani invece dimostrino di guardare ai risultati di governo, che sia in Calabria che nelle Marche erano buoni risultati, e mi pare che sia anche quello che accade con il governo nazionale&#8221;.<\/p>\n<p>L&#8217;ipotesi Quirinale e la legge elettorale<\/p>\n<p>Poi una &#8220;frecciata&#8221; a Renzi, che l&#8217;aveva accusata di aspirare al Quirinale: &#8220;Il problema di quelli che hanno pensato tutta la vita a pensare solo a che incarico dovessero ricoprire \u00e8 che pensano che gli altri siano come loro. Io ragiono in maniera un pochino diversa. Sto facendo il presidente del Consiglio, posso garantire che mi basta e avanza. Dopodich\u00e9 per\u00f2, rispetto alle parole del senatore Renzi, &#8216;faremo di tutto per impedirglielo&#8217;, non mi sono muove. Cio\u00e8, l&#8217;opposizione parla solo di me&#8221;.<\/p>\n<p>Poi il passaggio sulla legge elettorale: &#8220;Se si facesse, sarei per una legge che vada bene anche per il premierato e quindi con l&#8217;indicazione del premier sulla scheda. Il premierato va avanti, per questo non vale la pena fare una legge elettorale e poi farne un&#8217;altra dopo il referendum sul premierato. Quanto all&#8217;autonomia differenziata \u00e8 una riforma che noi ovviamente vogliamo portare a termine. Sulle materie non Lep, con le regioni che ne hanno fatto richiesta, penso che per la fine di quest&#8217;anno qualcosa vedremo&#8221;.<\/p>\n<p>La riforma della giustizia<\/p>\n<p>L&#8217;intervista a &#8220;Porta a porta&#8221; si \u00e8 conclusa parlando della riforma della giustizia: Io penso che noi stiamo dando all&#8217;Italia agli italiani e alla giustizia una occasione storica, che \u00e8 l&#8217;occasione di liberare la magistratura italiana dai condizionamenti della politica, dalla malapianta delle correnti politicizzate e cos\u00ec facendo diamo la possibilit\u00e0 di rafforzare la separazione dei poteri&#8221;.<\/p>\n<p>&#8220;Sul referendum io la mia parte l&#8217;ho fatta &#8211; ha sottolineato la Meloni -. Noi ci siamo impegnati a fare una riforma, abbiamo fatto quella riforma. Dopodich\u00e9, quella riforma a un certo punto arriver\u00e0 al cospetto del popolo italiano e sar\u00e0 il popolo italiano a dover dire come la pensa. L&#8217;unica cosa che io spero \u00e8 che quando gli italiani voteranno lo facciano in base al merito della riforma, perch\u00e9 comunque vadano questi referendum, non avranno conseguenze sul governo&#8221;.<\/p>\n","protected":false},"excerpt":{"rendered":"E non si dica che la premier Meloni non si lascia intervistare dalla stampa italiana. Nella serata di&hellip;\n","protected":false},"author":3,"featured_media":152689,"comment_status":"","ping_status":"","sticky":false,"template":"","format":"standard","meta":{"footnotes":""},"categories":[1444],"tags":[203,13989,73,1282,204,1537,90,89,58,253,41737],"class_list":{"0":"post-152688","1":"post","2":"type-post","3":"status-publish","4":"format-standard","5":"has-post-thumbnail","7":"category-tv","8":"tag-entertainment","9":"tag-flotilla","10":"tag-gaza","11":"tag-intervista","12":"tag-intrattenimento","13":"tag-it","14":"tag-italia","15":"tag-italy","16":"tag-meloni","17":"tag-tv","18":"tag-vespa"},"share_on_mastodon":{"url":"","error":""},"_links":{"self":[{"href":"https:\/\/www.europesays.com\/it\/wp-json\/wp\/v2\/posts\/152688","targetHints":{"allow":["GET"]}}],"collection":[{"href":"https:\/\/www.europesays.com\/it\/wp-json\/wp\/v2\/posts"}],"about":[{"href":"https:\/\/www.europesays.com\/it\/wp-json\/wp\/v2\/types\/post"}],"author":[{"embeddable":true,"href":"https:\/\/www.europesays.com\/it\/wp-json\/wp\/v2\/users\/3"}],"replies":[{"embeddable":true,"href":"https:\/\/www.europesays.com\/it\/wp-json\/wp\/v2\/comments?post=152688"}],"version-history":[{"count":0,"href":"https:\/\/www.europesays.com\/it\/wp-json\/wp\/v2\/posts\/152688\/revisions"}],"wp:featuredmedia":[{"embeddable":true,"href":"https:\/\/www.europesays.com\/it\/wp-json\/wp\/v2\/media\/152689"}],"wp:attachment":[{"href":"https:\/\/www.europesays.com\/it\/wp-json\/wp\/v2\/media?parent=152688"}],"wp:term":[{"taxonomy":"category","embeddable":true,"href":"https:\/\/www.europesays.com\/it\/wp-json\/wp\/v2\/categories?post=152688"},{"taxonomy":"post_tag","embeddable":true,"href":"https:\/\/www.europesays.com\/it\/wp-json\/wp\/v2\/tags?post=152688"}],"curies":[{"name":"wp","href":"https:\/\/api.w.org\/{rel}","templated":true}]}}