{"id":152694,"date":"2025-10-08T06:42:19","date_gmt":"2025-10-08T06:42:19","guid":{"rendered":"https:\/\/www.europesays.com\/it\/152694\/"},"modified":"2025-10-08T06:42:19","modified_gmt":"2025-10-08T06:42:19","slug":"tira-una-brutta-aria-il-tempo","status":"publish","type":"post","link":"https:\/\/www.europesays.com\/it\/152694\/","title":{"rendered":"&#8220;Tira una brutta aria&#8221; \u2013 Il Tempo"},"content":{"rendered":"<p>            <img decoding=\"async\" src=\"https:\/\/www.europesays.com\/it\/wp-content\/uploads\/2025\/10\/163612527-c9a14fb4-271d-47c9-af73-39978bc0ae74.jpg\" class=\"lazy\" alt=\"\"\/><\/p>\n<p>        Foto: LaPresse<\/p>\n<p>\t\t\t\t\t\t\t<a href=\"\" class=\"author\">Pina Sereni<\/a><\/p>\n<p>\t\t\t\t\t\t\t07 ottobre 2025<\/p>\n<p>Sale l&#8217;allerta a una settimana da Italia-Israele in programma marted\u00ec 14 ottobre a Udine tra timori per le manifestazioni ProPal e il rischio di attentati. Lo stadio Bluenergy sar\u00e0 in larga parte vuoto: soltanto 4mila i biglietti venduti a fronte di una capienza cinque volte maggiore. E&#8217; il segnale che, tra la paura di disordini e la volont\u00e0 di boicottare una sfida che pure potrebbe essere decisiva per la qualificazione degli azzurri ai mondiali del 2026, in molti hanno rinunciato a tifare per la Nazionale. &#8220;Ai miei giocatori&#8221;, ha spiegato il ct Rino Gattuso, &#8220;non far\u00f2 alcun messaggio speciale se non lavorare bene e cercare di non farsi influenzare da tutto ci\u00f2 che viene fuori&#8221;. &#8220;Non si respira una bella aria, le pressioni sono tante&#8221;, ha ammesso, &#8220;ed \u00e8 un dato di fatto che a Udine ci sar\u00e0 pochissima gente: la capisco e comprendo la preoccupazione, come ho gi\u00e0 detto pi\u00f9 volte mi fa male al cuore vedere quanto sta accadendo per\u00f2 noi questa partita dobbiamo giocarla senn\u00f2 perdiamo 3-0. Ci saranno 5.000 persone dentro lo stadio e 10.000 fuori, avremmo preferito un clima diverso, come quello respirato a Bergamo un mese fa&#8221;.<\/p>\n<p>\u00a0<\/p>\n<p>\u00a0<\/p>\n<p>\t\t\t\t\t\t\t\t<a href=\"https:\/\/www.iltempo.it\/sport\/2025\/06\/13\/news\/gattuso-ct-italia-nazionale-padre-fumata-bianca-vicina-quando-42974680\/\" rel=\"nofollow noopener\" target=\"_blank\"><\/p>\n<p>\t\t\t\t\t\t\t\t\t\t<img decoding=\"async\" src=\"https:\/\/img.iltempo.it\/images\/2025\/06\/13\/170630073-842f47ab-aaac-4b3f-a29f-91a80ea9962f.jpg\" class=\"lazy\" alt=\"Gattuso ct dell'Italia? Il padre si sbilancia: La fumata bianca \u00e8 vicina\" bad-src=\"https:\/\/www.europesays.com\/it\/wp-content\/uploads\/2025\/07\/placeholder_iltempo.png\"\/><\/p>\n<p>\t\t\t\t\t\t\t\t<\/a><\/p>\n<p>\u00a0<\/p>\n<p>Le autorit\u00e0 italiane sono al lavoro per garantire ai calciatori israeliani un&#8217;accoglienza sicura ma discreta: la nazionale ospite sar\u00e0 protetta anche da agenti del Mossad fin dall&#8217;arrivo blindato all&#8217;aeroporto di Ronchi dei Legionari e durante il trasferimento diretto in una struttura segreta. Il sindaco della citt\u00e0 friulana, Alberto Felice De Toni, aveva chiesto ufficialmente il rinvio del match ma la proposta non \u00e8 stata nemmeno valutata dalla Fifa.<\/p>\n","protected":false},"excerpt":{"rendered":"Foto: LaPresse Pina Sereni 07 ottobre 2025 Sale l&#8217;allerta a una settimana da Italia-Israele in programma marted\u00ec 14&hellip;\n","protected":false},"author":3,"featured_media":152695,"comment_status":"","ping_status":"","sticky":false,"template":"","format":"standard","meta":{"footnotes":""},"categories":[176],"tags":[72,1537,90,89,45249,245,244,6766],"class_list":{"0":"post-152694","1":"post","2":"type-post","3":"status-publish","4":"format-standard","5":"has-post-thumbnail","7":"category-sport","8":"tag-israele","9":"tag-it","10":"tag-italia","11":"tag-italy","12":"tag-rino-gattuso","13":"tag-sport","14":"tag-sports","15":"tag-udine"},"share_on_mastodon":{"url":"","error":""},"_links":{"self":[{"href":"https:\/\/www.europesays.com\/it\/wp-json\/wp\/v2\/posts\/152694","targetHints":{"allow":["GET"]}}],"collection":[{"href":"https:\/\/www.europesays.com\/it\/wp-json\/wp\/v2\/posts"}],"about":[{"href":"https:\/\/www.europesays.com\/it\/wp-json\/wp\/v2\/types\/post"}],"author":[{"embeddable":true,"href":"https:\/\/www.europesays.com\/it\/wp-json\/wp\/v2\/users\/3"}],"replies":[{"embeddable":true,"href":"https:\/\/www.europesays.com\/it\/wp-json\/wp\/v2\/comments?post=152694"}],"version-history":[{"count":0,"href":"https:\/\/www.europesays.com\/it\/wp-json\/wp\/v2\/posts\/152694\/revisions"}],"wp:featuredmedia":[{"embeddable":true,"href":"https:\/\/www.europesays.com\/it\/wp-json\/wp\/v2\/media\/152695"}],"wp:attachment":[{"href":"https:\/\/www.europesays.com\/it\/wp-json\/wp\/v2\/media?parent=152694"}],"wp:term":[{"taxonomy":"category","embeddable":true,"href":"https:\/\/www.europesays.com\/it\/wp-json\/wp\/v2\/categories?post=152694"},{"taxonomy":"post_tag","embeddable":true,"href":"https:\/\/www.europesays.com\/it\/wp-json\/wp\/v2\/tags?post=152694"}],"curies":[{"name":"wp","href":"https:\/\/api.w.org\/{rel}","templated":true}]}}