{"id":152704,"date":"2025-10-08T06:48:09","date_gmt":"2025-10-08T06:48:09","guid":{"rendered":"https:\/\/www.europesays.com\/it\/152704\/"},"modified":"2025-10-08T06:48:09","modified_gmt":"2025-10-08T06:48:09","slug":"garlasco-caso-venditti-atteso-il-riesame-le-frasi-choc-del-legale-di-sempio-eravamo-appassionati-di-ippica-avevamo-il-vizio-del-gioco","status":"publish","type":"post","link":"https:\/\/www.europesays.com\/it\/152704\/","title":{"rendered":"Garlasco, caso Venditti: atteso il Riesame. Le frasi choc del legale di Sempio: \u00abEravamo appassionati di ippica, avevamo il &#8220;vizio&#8221; del gioco\u00bb"},"content":{"rendered":"<p>    di<br \/>\n    Alfio Sciacca<\/p>\n<p class=\"summary-art is-line-h-12\">Dal caso dell&#8217;omicidio di Chiara Poggi al \u00absistema Pavia\u00bb, la cautela della difesa. Lovati da Corona, fango su Yara e Bossetti<\/p>\n<p class=\"chapter-paragraph\">\u00abNon \u00e8  il momento di replicare\u00bb. La difesa dell\u2019<b>ex procuratore aggiunto di Pavia Mario Venditti<\/b> non intende fare alcuna mossa prima del Tribunale del Riesame. Nei prossimi giorni   si dovr\u00e0 pronunciare sul ricorso  contro il decreto di perquisizione  in casa dell\u2019ex pm del 26 settembre,  nell\u2019ambito dell\u2019inchiesta  in cui \u00e8 accusato di corruzione, <b>ipotizzando che abbia intascato denaro per chiedere l\u2019archiviazione di  Andrea Sempio<\/b>. Il suo legale, Domenico Aiello, attende il Riesame  anche per  vedere le  carte in mano alla Procura. Una parziale discovery che gli permetter\u00e0  di valutare come difendersi sul fronte <a href=\"https:\/\/milano.corriere.it\/notizie\/cronaca\/25_ottobre_01\/garlasco-delitto-sarzanini-2bfe2bfb-2bbf-4a6b-a424-cbf564c17xlk.shtml\" title=\"Garlasco, la nuova pista: \u00abSta emergendo che lo scontrino di Sempio \u00e8 servito per fornire un falso alibi\u00bb. Cosa sappiamo\" rel=\"nofollow noopener\" target=\"_blank\">Garlasco<\/a>. Ma anche  come muoversi nell\u2019altra inchiesta  nella quale compare  il nome di Venditti, anche se <b>non \u00e8 ancora chiaro se ci sia una seconda iscrizione nel registro degli indagati<\/b>.<\/p>\n<p class=\"chapter-paragraph\">\u00a0La Procura  di Brescia  procede contro Venditti in quanto competente per un\u2019ipotesi di reato, la corruzione,  consumata da un magistrato all\u2019epoca in servizio a  Pavia. Ma sempre Brescia sta coordinando <b>un secondo filone dell\u2019inchiesta Clean sul cosiddetto \u00absistema Pavia\u00bb.<\/b> Un grumo di potere che vedeva assieme imprenditori, carabinieri, politici e magistrati. Il primo filone dell\u2019inchiesta \u00e8 invece rimasto a Pavia. E dopo l\u2019arresto di due carabinieri in parte si \u00e8 chiuso  con rito abbreviato, per il resto \u00e8 in corso a processo.    &#13;<br \/>\n&#13;<br \/>\n&#13;<br \/>\n&#13;<br \/>\n&#13;<br \/>\n&#13;<br \/>\n&#13;<br \/>\n&#13;<br \/>\n&#13;<br \/>\n&#13;<br \/>\n&#13;<br \/>\n&#13;<br \/>\n&#13;<br \/>\n&#13;<br \/>\n&#13;<br \/>\n&#13;<br \/>\n&#13;<br \/>\n&#13;<br \/>\n&#13;<br \/>\n&#13;<br \/>\n&#13;<br \/>\n&#13;<br \/>\n&#13;<br \/>\n&#13;<br \/>\n&#13;<br \/>\n&#13;<br \/>\n&#13;<br \/>\n&#13;<br \/>\n&#13;<br \/>\n&#13;<br \/>\n&#13;<br \/>\n&#13;<br \/>\n&#13;<br \/>\n&#13;<br \/>\n&#13;<br \/>\n&#13;<br \/>\n&#13;<br \/>\n&#13;<br \/>\n&#13;<br \/>\n&#13;<br \/>\n&#13;<br \/>\n&#13;<br \/>\n&#13;<br \/>\n&#13;<br \/>\n&#13;<br \/>\n&#13;<br \/>\n&#13;<br \/>\n&#13;<br \/>\n&#13;<br \/>\n&#13;<br \/>\n&#13;<br \/>\n&#13;<br \/>\n&#13;\n<\/p>\n<p class=\"chapter-paragraph\">Proprio nell\u2019ambito della  nuova inchiesta di Brescia i riflettori si sono accesi sull\u2019ex procuratore aggiunto. L\u2019imprenditore  Carlo Boiocco ha parlato di \u00abpizzini che passavano tra Venditti e Angelo Ciocca\u00bb. Quest\u2019ultimo \u00e8 un ex eurodeputato della Lega. Sua grande supporter \u00e8<b>  Brenda Brindusa, la donna  in grande confidenza con Venditti.<\/b> Dopo essere stata interrogata Brenda ha parlato  con La Verit\u00e0. Ora preferisce    tacere. In ogni caso \u00e8 gi\u00e0 venuto fuori un giro di frequentazioni  molto discutibili per un pm. Da capire se c\u2019\u00e8 anche qualcosa di penalmente rilevante. Nonostante il riserbo degli inquirenti \u00e8 fin troppo evidente  che Clean e Garlasco sono due inchieste a specchio. E dunque dal  sequestro in casa di Venditti  potrebbero arrivare spunti  o riscontri utili anche per l\u2019indagine sul \u00absistema Pavia\u00bb.<\/p>\n<p class=\"chapter-paragraph\">Se l\u2019ex pm tace, di lui straparla  il legale di Andrea Sempio, Massimo Lovati, intervistato da Fabrizio Corona:<b> \u00abA me \u00e8 simpatico. Io sono sempre stato un giocatore di ippica, di cavalli. L\u2019ho conosciuto anche l\u00ec\u00bb<\/b>. \u00abAveva il vizio?\u00bb Viene incalzato. E lui: \u00abEh s\u00ec. Vizio. Allora ce l\u2019ho anche io il vizio. Eravamo appassionati di ippica&#8230;nel 2010\u00bb. Strane esternazioni che si aggiungono a quelle choc su Yara Gambirasio. \u00abLa sua difesa ha sbagliato \u2014 afferma \u2014. Se Bossetti diceva:  \u201cSono l\u2019amante di Yara\u201d&#8230; lo condannavano per violenza sessuale, ma non per omicidio\u00bb. Dichiarazione che ha suscitato l\u2019indignazione del legale di Bossetti, Claudio Salvagni: \u00abFango su Yara. Una ragazzina che non si pu\u00f2 difendere da parole ignobili\u00bb.\u00a0<\/p>\n<p class=\"is-last-update\" datetime=\"2025-10-08T08:21:13+02:00\">8 ottobre 2025<\/p>\n<p class=\"is-copyright\">\n            \u00a9 RIPRODUZIONE RISERVATA\n        <\/p>\n","protected":false},"excerpt":{"rendered":"di Alfio Sciacca Dal caso dell&#8217;omicidio di Chiara Poggi al \u00absistema Pavia\u00bb, la cautela della difesa. Lovati da&hellip;\n","protected":false},"author":3,"featured_media":152705,"comment_status":"","ping_status":"","sticky":false,"template":"","format":"standard","meta":{"footnotes":""},"categories":[79],"tags":[772,1017,2700,11083,19849,94514,94512,63493,6073,3905,23006,66372,11973,5621,14,93,94,767,16929,94515,5633,94516,6057,51,76920,1537,90,89,8428,94517,7,15,1728,66,8141,2439,22255,11066,2099,94513,11,84,91,12,85,92,86444,74262,94511],"class_list":{"0":"post-152704","1":"post","2":"type-post","3":"status-publish","4":"format-standard","5":"has-post-thumbnail","7":"category-italia","8":"tag-aggiunto","9":"tag-ambito","10":"tag-andrea","11":"tag-andrea-sempio","12":"tag-appassionati","13":"tag-appassionati-ippica","14":"tag-bossetti","15":"tag-brenda","16":"tag-brescia","17":"tag-carabinieri","18":"tag-choc","19":"tag-clean","20":"tag-corona","21":"tag-corruzione","22":"tag-cronaca","23":"tag-cronaca-italiana","24":"tag-cronacaitaliana","25":"tag-difesa","26":"tag-fango","27":"tag-fango-yara","28":"tag-filone","29":"tag-filone-inchiesta","30":"tag-garlasco","31":"tag-inchiesta","32":"tag-ippica","33":"tag-it","34":"tag-italia","35":"tag-italy","36":"tag-legale","37":"tag-lovati","38":"tag-news","39":"tag-notizie","40":"tag-omicidio","41":"tag-parlato","42":"tag-pavia","43":"tag-pm","44":"tag-riesame","45":"tag-sempio","46":"tag-sistema","47":"tag-sistema-pavia","48":"tag-ultime-notizie","49":"tag-ultime-notizie-e-news-di-oggi","50":"tag-ultime-notizie-italia","51":"tag-ultimenotizie","52":"tag-ultimenotizieenewsdioggi","53":"tag-ultimenotizieitalia","54":"tag-venditti","55":"tag-vizio","56":"tag-yara"},"share_on_mastodon":{"url":"","error":""},"_links":{"self":[{"href":"https:\/\/www.europesays.com\/it\/wp-json\/wp\/v2\/posts\/152704","targetHints":{"allow":["GET"]}}],"collection":[{"href":"https:\/\/www.europesays.com\/it\/wp-json\/wp\/v2\/posts"}],"about":[{"href":"https:\/\/www.europesays.com\/it\/wp-json\/wp\/v2\/types\/post"}],"author":[{"embeddable":true,"href":"https:\/\/www.europesays.com\/it\/wp-json\/wp\/v2\/users\/3"}],"replies":[{"embeddable":true,"href":"https:\/\/www.europesays.com\/it\/wp-json\/wp\/v2\/comments?post=152704"}],"version-history":[{"count":0,"href":"https:\/\/www.europesays.com\/it\/wp-json\/wp\/v2\/posts\/152704\/revisions"}],"wp:featuredmedia":[{"embeddable":true,"href":"https:\/\/www.europesays.com\/it\/wp-json\/wp\/v2\/media\/152705"}],"wp:attachment":[{"href":"https:\/\/www.europesays.com\/it\/wp-json\/wp\/v2\/media?parent=152704"}],"wp:term":[{"taxonomy":"category","embeddable":true,"href":"https:\/\/www.europesays.com\/it\/wp-json\/wp\/v2\/categories?post=152704"},{"taxonomy":"post_tag","embeddable":true,"href":"https:\/\/www.europesays.com\/it\/wp-json\/wp\/v2\/tags?post=152704"}],"curies":[{"name":"wp","href":"https:\/\/api.w.org\/{rel}","templated":true}]}}