{"id":152721,"date":"2025-10-08T07:02:10","date_gmt":"2025-10-08T07:02:10","guid":{"rendered":"https:\/\/www.europesays.com\/it\/152721\/"},"modified":"2025-10-08T07:02:10","modified_gmt":"2025-10-08T07:02:10","slug":"inter-ora-si-guarda-avanti-rivoluzione-difesa-e-non-e-ancora-finita","status":"publish","type":"post","link":"https:\/\/www.europesays.com\/it\/152721\/","title":{"rendered":"Inter, ora si guarda avanti. Rivoluzione difesa, e non \u00e8 ancora finita"},"content":{"rendered":"<p>Le idee di Chivu e la filosofia di gioco del nuovo tecnico iniziano a vedersi pi\u00f9 marcatamente. A partire dalla difesa<\/p>\n<p>Le idee di <a href=\"https:\/\/www.fcinter1908.it\/ultimora\/cosmi-troppo-accanimento-su-chivu-inter-sta-venendo-fuori\/\" rel=\"nofollow noopener\" target=\"_blank\">Chivu<\/a> e la filosofia di gioco del nuovo tecnico iniziano a vedersi pi\u00f9 marcatamente. Le ultime gare giocate dall&#8217;Inter indicano la direzione in cui il tecnico vuole andare.<\/p>\n<p>&#8220;L\u2019Inter che si \u00e8 decisa a guardare in su, lo fa davvero in ogni senso: guarda avanti Roma e Napoli, le prime della lista e anche le prime da sfidare al rientro con propositi bellicosi; guarda su anche in campo, spinta da questo nuovo vento che adesso soffia da dietro e avvicina improvvisamente la porta avversaria. Non \u00e8 solo questione di classifica, ma di \u201cpostura\u201d perch\u00e9 l\u2019Inter di Chivu ha davvero alzato ogni cosa. Il baricentro medio, il ritmo di gioco, l\u2019atteggiamento aggressivo per gran parte della gara, al netto di avversari finora teneri. E, nello specifico, ha alzato soprattutto la difesa perch\u00e9 l\u00ec \u00e8 nascosto l\u2019innesco della rivoluzione. La linea a tre davanti a Sommer (o Martinez&#8230;) si muove in maniera diversa e pi\u00f9 coraggiosa rispetto al passato&#8221;, analizza La Gazzetta dello Sport.<\/p>\n<p>&#8220;Nella media, da una stagione all\u2019altra, si posiziona circa otto metri pi\u00f9 avanti: la cifra \u00e8 iperbolica per gli standard di casa, un cambiamento non facile da \u201cdigerire\u201d per un reparto adagiatosi sugli stessi movimenti per un quadriennio. I numeri sono l\u00ec a dare forza al cambiamento. Nel 2024-25 l\u2019altezza media della linea difensiva era di 26,8 metri, adesso \u00e8 molto pi\u00f9 alta a 34,7. Il salto in lungo \u00e8 di 7,9 metri, medaglia d\u2019oro ai campionati italiani di specialit\u00e0 in Serie A. Il tecnico romeno, per\u00f2, non vuole accontentarsi e cerca la vittoria olimpica. Ad Appiano si lavora per andare ancora oltre, nel trio titolari Akanji-Acerbi-Bastoni Chivu vede margini per far crescere ancora il livello di aggressivit\u00e0 dell\u2019intera compagnia di difesa e spingere la linea a nuove altezze. La stessa fiducia pure negli altri destinati a entrare nelle rotazioni, come De Vrij, Carlos Augusto e, soprattutto, Bisseck: tra tutti, proprio il tedescone ha mezzi fisici e forma mentis per arrampicarsi altri metri in su&#8221;, aggiunge Gazzetta.<\/p>\n<p class=\"is-copyright\">\u00a9 RIPRODUZIONE RISERVATA<\/p>\n","protected":false},"excerpt":{"rendered":"Le idee di Chivu e la filosofia di gioco del nuovo tecnico iniziano a vedersi pi\u00f9 marcatamente. A&hellip;\n","protected":false},"author":3,"featured_media":152722,"comment_status":"","ping_status":"","sticky":false,"template":"","format":"standard","meta":{"footnotes":""},"categories":[1452],"tags":[18030,32,721,4913,2839,94518,94519,1278,767,15343,94520,94521,1740,1280,2024,94522,94523,5181,6108,94524,94525,16698,350,1537,90,89,4781,3203,1739,245,244,3375],"class_list":{"0":"post-152721","1":"post","2":"type-post","3":"status-publish","4":"format-standard","5":"has-post-thumbnail","7":"category-calcio","8":"tag-alzato","9":"tag-andare","10":"tag-calcio","11":"tag-cambiamento","12":"tag-chivu","13":"tag-chivu-filosofia","14":"tag-chivu-filosofia-gioco","15":"tag-davvero","16":"tag-difesa","17":"tag-filosofia","18":"tag-filosofia-gioco","19":"tag-filosofia-gioco-tecnico","20":"tag-football","21":"tag-gazzetta","22":"tag-gioco","23":"tag-gioco-tecnico","24":"tag-gioco-tecnico-iniziano","25":"tag-guarda","26":"tag-idee","27":"tag-idee-chivu","28":"tag-idee-chivu-filosofia","29":"tag-iniziano","30":"tag-inter","31":"tag-it","32":"tag-italia","33":"tag-italy","34":"tag-linea","35":"tag-metri","36":"tag-soccer","37":"tag-sport","38":"tag-sports","39":"tag-tecnico"},"share_on_mastodon":{"url":"","error":""},"_links":{"self":[{"href":"https:\/\/www.europesays.com\/it\/wp-json\/wp\/v2\/posts\/152721","targetHints":{"allow":["GET"]}}],"collection":[{"href":"https:\/\/www.europesays.com\/it\/wp-json\/wp\/v2\/posts"}],"about":[{"href":"https:\/\/www.europesays.com\/it\/wp-json\/wp\/v2\/types\/post"}],"author":[{"embeddable":true,"href":"https:\/\/www.europesays.com\/it\/wp-json\/wp\/v2\/users\/3"}],"replies":[{"embeddable":true,"href":"https:\/\/www.europesays.com\/it\/wp-json\/wp\/v2\/comments?post=152721"}],"version-history":[{"count":0,"href":"https:\/\/www.europesays.com\/it\/wp-json\/wp\/v2\/posts\/152721\/revisions"}],"wp:featuredmedia":[{"embeddable":true,"href":"https:\/\/www.europesays.com\/it\/wp-json\/wp\/v2\/media\/152722"}],"wp:attachment":[{"href":"https:\/\/www.europesays.com\/it\/wp-json\/wp\/v2\/media?parent=152721"}],"wp:term":[{"taxonomy":"category","embeddable":true,"href":"https:\/\/www.europesays.com\/it\/wp-json\/wp\/v2\/categories?post=152721"},{"taxonomy":"post_tag","embeddable":true,"href":"https:\/\/www.europesays.com\/it\/wp-json\/wp\/v2\/tags?post=152721"}],"curies":[{"name":"wp","href":"https:\/\/api.w.org\/{rel}","templated":true}]}}