{"id":152734,"date":"2025-10-08T07:10:12","date_gmt":"2025-10-08T07:10:12","guid":{"rendered":"https:\/\/www.europesays.com\/it\/152734\/"},"modified":"2025-10-08T07:10:12","modified_gmt":"2025-10-08T07:10:12","slug":"disturbi-mentali-negli-adolescenti-il-ministro-schillaci-serve-un-lavoro-di-squadra","status":"publish","type":"post","link":"https:\/\/www.europesays.com\/it\/152734\/","title":{"rendered":"Disturbi mentali negli adolescenti, il ministro Schillaci: \u00abServe un lavoro di squadra\u00bb"},"content":{"rendered":"<p>    di<br \/>\n    Angela Cotticelli<\/p>\n<p class=\"summary-art is--xlarge is-mr-b-25\">Al Ministero della Salute rappresentanti del mondo politico, scientifico, accademico, sociale e dei media si sono riuniti per fare il punto sulla salute mentale, con particolare focus sui giovani. \u00c8 emerso il bisogno di abbattere lo stigma legato ai disturbi e la necessit\u00e0 di un intervento precoce<\/p>\n<p class=\"chapter-paragraph\">I disturbi mentali riguardano oltre 16 milioni di italiani. E la situazione dei giovani \u00e8 particolarmente preoccupante: secondo l\u2019Organizzazione mondiale della sanit\u00e0 (Oms),<b> il 14% degli adolescenti tra i 10 e i 19 anni soffre di un disturbo mentale<\/b>. Un totale di circa 700mila ragazzi e ragazze. Dal momento che pi\u00f9 della met\u00e0 di queste problematiche insorge prima dei 15 anni e l\u201980% entro i 18,<b> un intervento precoce risulta cruciale<\/b>. Occorre inoltre superare lo stigma e promuovere una nuova cultura della salute mentale, fondata su educazione, comunicazione e inclusione sociale.<\/p>\n<p>    Ministro Schillaci: \u00abServe un cambiamento culturale\u00bb<\/p>\n<p class=\"chapter-paragraph\">\u00ab<b>Verso una nuova cultura della salute mentale &#8211; un percorso di consapevolezza e inclusione sociale<\/b>\u00bb \u00e8 il titolo dell\u2019evento organizzato da Teha con il contributo non condizionante di Teva presso il Ministero della Salute, cui hanno preso parte <b>rappresentanti del mondo politico, scientifico, accademico, sociale e dei media<\/b>. \u00abIl focus di questa giornata ci porta a riflettere sull\u2019aumento del disagio psichico e di comportamenti a rischio tra gli adolescenti e quindi sul futuro della nostra nazione &#8211; ha dichiarato <b>il ministro della Salute, Orazio Schillaci<\/b> -. I dati dell\u2019indagine della Fondazione Teha indicano che, nonostante negli ultimi cinquant\u2019anni, anche sotto l\u2019impulso della legge Basaglia, ci sia stato un cambiamento radicale e culturale nei confronti della malattia mentale,<b> ancora oggi, purtroppo viene percepita come una forma di debolezza, qualcosa di cui vergognarsi e da nascondere per la paura di essere poi stigmatizzati<\/b>. Allo stesso tempo emerge il desidero dei giovani di confronto con lo psicologo, con altre figure professionali appartenenti a diversi ambiti, con una piccola percentuale che sceglierebbe di rivolgersi a un medico. Numeri in linea con l\u2019elevata richiesta di accesso al bonus psicologico\u00bb.    &#13;<br \/>\n&#13;<br \/>\n&#13;<br \/>\n&#13;<br \/>\n&#13;<br \/>\n&#13;<br \/>\n&#13;<br \/>\n&#13;<br \/>\n&#13;<br \/>\n&#13;<br \/>\n&#13;<br \/>\n&#13;<br \/>\n&#13;<br \/>\n&#13;<br \/>\n&#13;<br \/>\n&#13;<br \/>\n&#13;<br \/>\n&#13;<br \/>\n&#13;<br \/>\n&#13;<br \/>\n&#13;<br \/>\n&#13;<br \/>\n&#13;<br \/>\n&#13;<br \/>\n&#13;<br \/>\n&#13;<br \/>\n&#13;<br \/>\n&#13;<br \/>\n&#13;<br \/>\n&#13;<br \/>\n&#13;<br \/>\n&#13;<br \/>\n&#13;<br \/>\n&#13;<br \/>\n&#13;<br \/>\n&#13;<br \/>\n&#13;<br \/>\n&#13;<br \/>\n&#13;<br \/>\n&#13;<br \/>\n&#13;<br \/>\n&#13;<br \/>\n&#13;<br \/>\n&#13;<br \/>\n&#13;<br \/>\n&#13;<br \/>\n&#13;<br \/>\n&#13;<br \/>\n&#13;<br \/>\n&#13;<br \/>\n&#13;<br \/>\n&#13;<br \/>\n&#13;\n<\/p>\n<p>    Disturbi mentali: l\u2019importanza di una presa in carico precoce<\/p>\n<p class=\"chapter-paragraph\">Scuola e famiglia rappresentano contesti cruciali per la salute mentale dei giovani, poich\u00e9 proprio in questi ambienti si costruiscono le prime relazioni sociali significative e anche per questo risultano pi\u00f9 critici sotto il profilo del benessere psicologico. <b>Nel 2025 il Ministero della Salute ha istituito un fondo per garantire psicologi stabili nelle scuole e ha presentato un disegno di legge per introdurre la figura dello psicologo scolastico in modo uniforme sul territorio nazionale<\/b>. \u00abAbbiamo stanziato 10 milioni di euro per l\u2019anno in corso e oltre 18 milioni di euro a decorrere dal prossimo anno per dimostrare concretamente che abbiamo a cuore la salute mentale dei nostri giovani &#8211; continua il ministro Schillaci -. Prendendo spunto da questi dati vorrei mandare un messaggio proprio ai giovani perch\u00e9 si comprenda che contrastare lo stigma nell\u2019ambito della salute mentale non \u00e8 soltanto questione di civilt\u00e0. <b>La lotta allo stigma \u00e8 fondamentale per poter intervenire precocemente, evitando la progressione della patologia. Una diagnosi, una presa in carico precoce aumentano in modo significativo la probabilit\u00e0 di successo terapeutico<\/b>. Se consideriamo poi che il 50% della patologie psichiatriche dell\u2019adulto iniziano prima dei 14 anni, \u00e8 chiaro che la possibilit\u00e0 di realizzare interventi di prevenzione su disturbi mentali prima che questi si siano manifestati diventa di primaria importanza\u00bb.<\/p>\n<p>    Misure concrete per giovani, genitori e caregiver<\/p>\n<p class=\"chapter-paragraph\">A livello sociale, lo stigma associato ai disordini mentali rappresenta ancora un ostacolo. Nonostante la crescente sensibilizzazione dell\u2019opinione pubblica, in molti contesti sociali, culturali e lavorativi, i disordini mentali continuano a essere percepiti come segni di debolezza, instabilit\u00e0 o pericolosit\u00e0. \u00ab<b>Ancora oggi in Italia 8 cittadini su 10 considerano i disordini mentali una forma di debolezza ed \u00e8 assurdo <\/b>&#8211; sottolinea <b>Alberto Siracusano, presidente del Consiglio superiore di sanit\u00e0 e coordinatore del Tavolo tecnico sulla salute mentale del Ministero della Salute<\/b> -. Questo accade perch\u00e9 non c\u2019\u00e8 cultura sulla salute mentale. E se non c\u2019\u00e8 cultura non si pu\u00f2 fare prevenzione\u00bb. \u00abPer un intervento precoce nella salute mentale \u00e8 necessario<b> costruire ambienti di supporto e formazione, non solo per i giovani ma anche per gli adulti significativi come genitori, insegnanti e educatori <\/b>&#8211; spiega <b>Beatrice Lorenzin<\/b>, co-presidente dell\u2019Intergruppo parlamentare \u00abNeuroscienze e Alzheimer\u00bb e membro dell\u2019Intergruppo parlamentare \u00abOne Mental Health\u00bb -. Percorsi psicoeducativi, sportelli di ascolto, gruppi di supporto e interventi personalizzati sono alcuni strumenti concreti per promuovere il benessere psicologico dei giovani e rafforzare la consapevolezza dei genitori e dei caregiver\u00bb.<\/p>\n<p>APPROFONDISCI CON IL PODCAST<\/p>\n<p>    Il ruolo degli ormoni nell\u2019adolescenza<\/p>\n<p class=\"chapter-paragraph\">\u00abTutti gli ormoni interferiscono con il tono dell\u2019umore, in particolare quelli sessuali, tiroidei e gli ormoni dello stress, quali cortisolo e catecolamine &#8211; spiega <b>Annamaria Colao<\/b>, vicepresidente Consiglio superiore di sanit\u00e0 e professore ordinario di Endocrinologia e malattie del metabolismo all&#8217;Universit\u00e0 Federico II di Napoli -. <b>In adolescenza, il cambiamento epocale dell\u2019assetto ormonale pu\u00f2 avere effetti sulla psiche, in base ai recettori della persona, ai suoi picchi ormonali, alla propria capacit\u00e0 di reagire<\/b>. In questa fase i genitori noteranno un aumento dell\u2019aggressivit\u00e0, un\u2019oscillazione dell\u2019umore, una perdita di empatia dei propri figli. In generale <b>l\u2019aggressivit\u00e0 \u00e8 correlata agli androgeni <\/b>ed \u00e8 quindi maggiormente riscontrabile nei ragazzi. Nelle ragazze, invece, si noter\u00e0<b> un umore altalenante<\/b>, che passer\u00e0 da sereno, a cupo, a silenzioso, a causa dell\u2019oscillazione degli ormoni estrogeni e del progesterone che impattano sull\u2019irritabilit\u00e0. Anche gli ormoni tiroidei fanno la propria parte, dando un\u2019accelerazione delle reazioni. E i giovani risultano cos\u00ec troppo spinti, troppo veloci. Questo assetto per molti anni non \u00e8 stabile, ma in movimento. <b>Rispetto a questo grande e repentino cambiamento i genitori non riconoscono pi\u00f9 i propri figli, ricevono segnali contrastanti che molto spesso non sanno gestire, rischiando di essere spesso troppo severi e punitivi, proprio per mancanza di comprensione del cambiamento che vivono i ragazzi<\/b>. Anche gli stessi giovani fanno fatica a capire il cambiamento che vivono e a gestirlo. Quando la situazione prende una piega che non \u00e8 coerente con la serenit\u00e0 della famiglia e quando un ragazzo si chiude in camera e rifiuta il contatto con il mondo esterno, allora i genitori devono allertarsi e consultare uno specialista\u00bb.<\/p>\n<p><a href=\"https:\/\/www.corriere.it\/app-figli-genitori\/?intcmp=DL-app_nd_011024_corriere_ss_salute\" target=\"_blank\" class=\"bck-app-banner\" rel=\"nofollow noopener\"><img decoding=\"async\" class=\"bck-app-img\" src=\"https:\/\/www.europesays.com\/it\/wp-content\/uploads\/2025\/07\/1753719611_813_app.png\"\/><\/p>\n<p>Nuova App <strong>Figli &amp; Genitori<\/strong>, il tuo supporto quotidiano per crescere un figlio<\/p>\n<p>SCOPRI E SCARICA L&#8217; APP<\/p>\n<p><img decoding=\"async\" src=\"https:\/\/components2.corriereobjects.it\/rcs_cor_corriere-genitori-figli-layout\/v1\/assets\/img\/ext\/fg.svg\"\/><\/a><\/p>\n<p class=\"is-last-update\" datetime=\"2025-10-08T06:20:05+02:00\">8 ottobre 2025<\/p>\n<p class=\"is-copyright\">\n            \u00a9 RIPRODUZIONE RISERVATA\n        <\/p>\n","protected":false},"excerpt":{"rendered":"di Angela Cotticelli Al Ministero della Salute rappresentanti del mondo politico, scientifico, accademico, sociale e dei media si&hellip;\n","protected":false},"author":3,"featured_media":152735,"comment_status":"","ping_status":"","sticky":false,"template":"","format":"standard","meta":{"footnotes":""},"categories":[175],"tags":[56911,94543,94544,2101,2262,37505,14815,17727,737,1719,77299,4913,94545,32061,17722,94546,3449,4201,1644,94539,94540,24276,728,10175,66479,94541,20533,53102,724,1909,2731,3948,2498,94547,2753,94548,1598,239,4257,3506,2358,954,94549,1893,327,94542,1537,90,89,1207,793,2163,30313,53916,851,8656,273,94550,94551,29287,94552,2464,30310,16665,1699,240,2089,301,32906,2258,94538,29795],"class_list":{"0":"post-152734","1":"post","2":"type-post","3":"status-publish","4":"format-standard","5":"has-post-thumbnail","7":"category-salute","8":"tag-accademico","9":"tag-accademico-sociale","10":"tag-accademico-sociale-media","11":"tag-adolescenti","12":"tag-adolescenza","13":"tag-aggressivita","14":"tag-ambienti","15":"tag-assetto","16":"tag-aumento","17":"tag-benessere","18":"tag-benessere-psicologico","19":"tag-cambiamento","20":"tag-cambiamento-vivono","21":"tag-caregiver","22":"tag-carico","23":"tag-carico-precoce","24":"tag-consapevolezza","25":"tag-contesti","26":"tag-cultura","27":"tag-cultura-salute","28":"tag-cultura-salute-mentale","29":"tag-culturale","30":"tag-dati","31":"tag-debolezza","32":"tag-disordini","33":"tag-disordini-mentali","34":"tag-disturbi","35":"tag-disturbi-mentali","36":"tag-euro","37":"tag-famiglia","38":"tag-figli","39":"tag-focus","40":"tag-forma","41":"tag-forma-debolezza","42":"tag-genitori","43":"tag-genitori-caregiver","44":"tag-giovani","45":"tag-health","46":"tag-importanza","47":"tag-inclusione","48":"tag-inclusione-sociale","49":"tag-intergruppo","50":"tag-intergruppo-parlamentare","51":"tag-interventi","52":"tag-intervento","53":"tag-intervento-precoce","54":"tag-it","55":"tag-italia","56":"tag-italy","57":"tag-legge","58":"tag-media","59":"tag-mentale","60":"tag-mentale-giovani","61":"tag-mentali","62":"tag-ministero","63":"tag-ministero-salute","64":"tag-nuova","65":"tag-nuova-cultura","66":"tag-nuova-cultura-salute","67":"tag-ormoni","68":"tag-oscillazione","69":"tag-parlamentare","70":"tag-precoce","71":"tag-psicologico","72":"tag-ragazzi","73":"tag-salute","74":"tag-salute-mentale","75":"tag-sanita","76":"tag-schillaci","77":"tag-sociale","78":"tag-stigma","79":"tag-umore"},"share_on_mastodon":{"url":"","error":""},"_links":{"self":[{"href":"https:\/\/www.europesays.com\/it\/wp-json\/wp\/v2\/posts\/152734","targetHints":{"allow":["GET"]}}],"collection":[{"href":"https:\/\/www.europesays.com\/it\/wp-json\/wp\/v2\/posts"}],"about":[{"href":"https:\/\/www.europesays.com\/it\/wp-json\/wp\/v2\/types\/post"}],"author":[{"embeddable":true,"href":"https:\/\/www.europesays.com\/it\/wp-json\/wp\/v2\/users\/3"}],"replies":[{"embeddable":true,"href":"https:\/\/www.europesays.com\/it\/wp-json\/wp\/v2\/comments?post=152734"}],"version-history":[{"count":0,"href":"https:\/\/www.europesays.com\/it\/wp-json\/wp\/v2\/posts\/152734\/revisions"}],"wp:featuredmedia":[{"embeddable":true,"href":"https:\/\/www.europesays.com\/it\/wp-json\/wp\/v2\/media\/152735"}],"wp:attachment":[{"href":"https:\/\/www.europesays.com\/it\/wp-json\/wp\/v2\/media?parent=152734"}],"wp:term":[{"taxonomy":"category","embeddable":true,"href":"https:\/\/www.europesays.com\/it\/wp-json\/wp\/v2\/categories?post=152734"},{"taxonomy":"post_tag","embeddable":true,"href":"https:\/\/www.europesays.com\/it\/wp-json\/wp\/v2\/tags?post=152734"}],"curies":[{"name":"wp","href":"https:\/\/api.w.org\/{rel}","templated":true}]}}