{"id":152754,"date":"2025-10-08T07:22:10","date_gmt":"2025-10-08T07:22:10","guid":{"rendered":"https:\/\/www.europesays.com\/it\/152754\/"},"modified":"2025-10-08T07:22:10","modified_gmt":"2025-10-08T07:22:10","slug":"a-grottazzolina-la-pallavolo-e-anche-rosa","status":"publish","type":"post","link":"https:\/\/www.europesays.com\/it\/152754\/","title":{"rendered":"A Grottazzolina la pallavolo \u00e8 anche rosa"},"content":{"rendered":"<p>Non solo la Yuasa Battery in Superlega e la seconda squadra maschile impegnata anch\u2019essa in un campionato nazionale come la B. A Grottazzolina c\u2019\u00e8 anche la C Femminile perch\u00e9 il <strong>volley \u00e8 anche rosa<\/strong>, reduce da un campionato combattuto di Serie C conclusosi con il mantenimento della categoria. Ecco la rinnovata <strong>Satel Grotta 50<\/strong> con la guida tecnica affidata ora a <strong>Paolo Tassi<\/strong> che avr\u00e0 al suo fianco il rientrante Roberto Ricci in qualit\u00e0 di vice.<\/p>\n<p>Nel roster le conferme riguardano il capitano Serena Moscati (schiacciatrice), Valeria Di Carlo (schiacciatrice) ed Angelica Perinicome opposta. Due i ritorni dopo alcune stagioni di stop come quelli di Ioana Frontoni (libero) e Sabrina Di Caterino (schiacciatrice). Completano i rispettivi reparti Lucia Seccia (libero, da Rapagnano) e Francesca Frizzo (opposta, da Fermo), mentre sono totalmente nuove le caselle relative alle centrali ed alle alzatrici: in regia ecco Giulia Cameli (al rientro dopo un brutto infortunio al ginocchio) e Alice Ferracuti (da Rapagnano), mentre ad agire al centro ecco Charsline Mantovani (con esperienze anche in categorie superiori), Keti Cruciani (da Rapagnano) e Jessica Ulivello (da Fermo).<\/p>\n<p>&#8220;Sono contento di essere tornato alla C femminile \u2013 conferma coach Tassi &#8211; \u00e8 il campionato cui ero abituato in precedenza e in cui ho quasi sempre allenato. L\u2019organico \u00e8 ampiamente rinnovato, ha bisogno di rodaggio e rispetto ad altri roster pi\u00f9 attrezzati abbiamo delle carenze cui dovremo sopperire con grinta e senso di appartenenza. Il gruppo \u00e8 buono, ma \u00e8 giusto riconoscere che ci sono roster con all\u2019interno atlete di livello nettamente superiore alla Serie C. Sar\u00e0 un campionato di livello alto, dunque ci sar\u00e0 da soffrire ma sono sicuro che le nostre ragazze venderanno cara la pelle in ogni partita&#8221;.<\/p>\n<p>La stagione \u00e8 gi\u00e0 iniziata con la Coppa Marche: finora un successo e due sconfitte per la Satel. &#8220;In Coppa stiamo facendo il nostro percorso, dobbiamo ancora crescere, assestarci e portare in condizione diverse ragazze ferme da tempo. Spero che il pubblico ci dia una mano, le ragazze avranno bisogno di supporto ma sono certo che possano farci divertire.&#8221;<\/p>\n<p>Nuovo dunque anche il title sponsor, con la prestigiosa <strong>Satel<\/strong>, azienda picena da decenni leader nel settore dei sistemi di sicurezza, che ha voluto legare il proprio marchio al volley grottese, in particolare alla sua versione in rosa in questa ennesima stagione da protagonista in Serie C.<\/p>\n","protected":false},"excerpt":{"rendered":"Non solo la Yuasa Battery in Superlega e la seconda squadra maschile impegnata anch\u2019essa in un campionato nazionale&hellip;\n","protected":false},"author":3,"featured_media":152755,"comment_status":"","ping_status":"","sticky":false,"template":"","format":"standard","meta":{"footnotes":""},"categories":[1474],"tags":[30320,1537,90,89,2347,5569,245,244,1869],"class_list":{"0":"post-152754","1":"post","2":"type-post","3":"status-publish","4":"format-standard","5":"has-post-thumbnail","7":"category-volley","8":"tag-grottazzolina","9":"tag-it","10":"tag-italia","11":"tag-italy","12":"tag-pallavolo","13":"tag-rosa","14":"tag-sport","15":"tag-sports","16":"tag-volley"},"share_on_mastodon":{"url":"","error":""},"_links":{"self":[{"href":"https:\/\/www.europesays.com\/it\/wp-json\/wp\/v2\/posts\/152754","targetHints":{"allow":["GET"]}}],"collection":[{"href":"https:\/\/www.europesays.com\/it\/wp-json\/wp\/v2\/posts"}],"about":[{"href":"https:\/\/www.europesays.com\/it\/wp-json\/wp\/v2\/types\/post"}],"author":[{"embeddable":true,"href":"https:\/\/www.europesays.com\/it\/wp-json\/wp\/v2\/users\/3"}],"replies":[{"embeddable":true,"href":"https:\/\/www.europesays.com\/it\/wp-json\/wp\/v2\/comments?post=152754"}],"version-history":[{"count":0,"href":"https:\/\/www.europesays.com\/it\/wp-json\/wp\/v2\/posts\/152754\/revisions"}],"wp:featuredmedia":[{"embeddable":true,"href":"https:\/\/www.europesays.com\/it\/wp-json\/wp\/v2\/media\/152755"}],"wp:attachment":[{"href":"https:\/\/www.europesays.com\/it\/wp-json\/wp\/v2\/media?parent=152754"}],"wp:term":[{"taxonomy":"category","embeddable":true,"href":"https:\/\/www.europesays.com\/it\/wp-json\/wp\/v2\/categories?post=152754"},{"taxonomy":"post_tag","embeddable":true,"href":"https:\/\/www.europesays.com\/it\/wp-json\/wp\/v2\/tags?post=152754"}],"curies":[{"name":"wp","href":"https:\/\/api.w.org\/{rel}","templated":true}]}}