{"id":152761,"date":"2025-10-08T07:26:11","date_gmt":"2025-10-08T07:26:11","guid":{"rendered":"https:\/\/www.europesays.com\/it\/152761\/"},"modified":"2025-10-08T07:26:11","modified_gmt":"2025-10-08T07:26:11","slug":"dovizioso-visita-la-brembo-linnovazione-che-ha-contraddistinto-la-mia-guida-e-la-pompa-pollice","status":"publish","type":"post","link":"https:\/\/www.europesays.com\/it\/152761\/","title":{"rendered":"Dovizioso visita la Brembo: &#8220;L&#8217;innovazione che ha contraddistinto la mia guida \u00e8 la pompa pollice&#8221;"},"content":{"rendered":"<p>Conoscere il dietro le quinte di un\u2019azienda, \u00e8 sempre affascinante. E lo \u00e8 stato ancora di pi\u00f9 per il campione del mondo 125 (2004) e MotoGP Legend,\u00a0Andrea Dovizioso, che ha trascorso una vita in sella a moto con freni Brembo.<\/p>\n<p>Ad accoglierlo presso la sede situata all\u2019interno del parco tecnologico Kilometro Rosso, alle porte di Bergamo, il Top Management dell\u2019azienda, nel dettaglio\u00a0Matteo Tiraboschi\u00a0&#8211; Presidente Esecutivo,\u00a0Cristina Bombassei\u00a0\u2013 Chief Legacy Officer,\u00a0Mario Almondo\u00a0&#8211; COO Brembo Performance,\u00a0Mauro Piccoli\u00a0\u2013 CMO Brembo e\u00a0Luca Di Leo\u00a0\u2013 CCO Brembo.<\/p>\n<p>Una visita di piacere, attraverso cui Andrea ha potuto conoscere le aree aziendali pi\u00f9 innovative. Al suo arrivo in sede, subito la parete celebrativa dedicata ai 50 anni di Brembo Racing: un viaggio attraverso le principali innovazioni introdotte negli anni e che hanno rivoluzionato le competizioni a due e quattro ruote, dalla Formula 1 al WorldSBK, passando per il Motomondiale e tante altre discipline.<\/p>\n<p>Successivamente una passeggiata lungo il Kilometro Rosso per scoprire \u201cThe Art of Braking\u201d, la mostra spettacolo che racconta l\u2019avventura imprenditoriale di Brembo e i suoi prodotti pi\u00f9 iconici in un\u2019esperienza multimediale immersiva e coinvolgente. Un modo innovativo di raccontare cos\u2019\u00e8 oggi Brembo per gli appassionati: storia, design, stile, racing, prodotto, innovazione e sostenibilit\u00e0, con uno sguardo al futuro e alle nuove generazioni.<\/p>\n<p>Infine un passaggio, che non poteva mancare, allo stabilimento Racing situato a Curno, a pochi chilometri dalla sede principale, nel cuore pulsante della produzione dei sistemi frenanti destinati alle pi\u00f9 importanti categorie del Motorsport mondiale.<\/p>\n<p>Qui, Andrea ha avuto modo di approfondire le tecnologie, i processi produttivi e le competenze che rendono Brembo un punto di riferimento nel settore, osservando da vicino la realizzazione di pinze, dischi, pastiglie, pompe freno, cerchi Marchesini e altri componenti destinati alla pista.<\/p>\n<p>Al termine della visita foto e autografi di rito con il team Brembo Performance, composto da circa 250 collaboratori.<\/p>\n<p>Andrea Dovizioso: \u201cNella mia carriera ho guidato diverse moto, ma ho sempre frenato con Brembo e questo devo ammettere sia stato un grande valore aggiunto. Sono sempre stato uno staccatore aggressivo e spesso ho portato i freni al limite, gli ingegneri Brembo si ricordano bene di me, qualcuno oggi mi guardava con il sorriso, qualcuno con un po&#8217; di timore\u2026!&#8221;.<\/p>\n<p>&#8220;Se devo menzionare l\u2019innovazione che sicuramente ha contraddistinto ed evoluto il mio stile di guida e quello di altri piloti in questi 50 anni di esperienza Brembo nel Motorsport, non ho dubbi: la pompa pollice&#8221;.<\/p>\n<p>&#8220;L\u2019ho utilizzata sin dal mio approdo in HRC senza mai privarmene. Modulare la frenata, quando raggiungi oltre 350 km\/h, sulla base delle tue caratteristiche fisiche e di guida \u00e8 qualcosa che non pensavo potesse essere progettato. In Brembo ci sono riusciti&#8221;.<\/p>\n<p>&#8220;La vittoria che ricordo con pi\u00f9 emozione? Ogni vittoria ha un sapore diverso, ma se devo sceglierne una, Mugello 2017 rimane sul gradino pi\u00f9 alto del podio\u201d.<\/p>\n<p>            Vogliamo la vostra opinione!<\/p>\n<p class=\"mt-auto\">Cosa vorresti vedere su Motorsport.com?<\/p>\n<p>            <a href=\"#\" class=\"ms-link text-link font-bold\">Partecipate al nostro sondaggio di 5 minuti.<\/a><\/p>\n<p class=\"mt-1 font-info text-body\">&#8211; Il team di Motorsport.com<\/p>\n","protected":false},"excerpt":{"rendered":"Conoscere il dietro le quinte di un\u2019azienda, \u00e8 sempre affascinante. E lo \u00e8 stato ancora di pi\u00f9 per&hellip;\n","protected":false},"author":3,"featured_media":152762,"comment_status":"","ping_status":"","sticky":false,"template":"","format":"standard","meta":{"footnotes":""},"categories":[1455],"tags":[1537,90,89,94562,1783,1785,1784,245,244],"class_list":{"0":"post-152761","1":"post","2":"type-post","3":"status-publish","4":"format-standard","5":"has-post-thumbnail","7":"category-moto","8":"tag-it","9":"tag-italia","10":"tag-italy","11":"tag-morogp-dovizioso-visita-la-brembo-linnovazione-che-ha-contraddistinto-la-mia-guida-u00e8-la-pompa-pollice","12":"tag-moto","13":"tag-motogp","14":"tag-motorcycle","15":"tag-sport","16":"tag-sports"},"share_on_mastodon":{"url":"","error":""},"_links":{"self":[{"href":"https:\/\/www.europesays.com\/it\/wp-json\/wp\/v2\/posts\/152761","targetHints":{"allow":["GET"]}}],"collection":[{"href":"https:\/\/www.europesays.com\/it\/wp-json\/wp\/v2\/posts"}],"about":[{"href":"https:\/\/www.europesays.com\/it\/wp-json\/wp\/v2\/types\/post"}],"author":[{"embeddable":true,"href":"https:\/\/www.europesays.com\/it\/wp-json\/wp\/v2\/users\/3"}],"replies":[{"embeddable":true,"href":"https:\/\/www.europesays.com\/it\/wp-json\/wp\/v2\/comments?post=152761"}],"version-history":[{"count":0,"href":"https:\/\/www.europesays.com\/it\/wp-json\/wp\/v2\/posts\/152761\/revisions"}],"wp:featuredmedia":[{"embeddable":true,"href":"https:\/\/www.europesays.com\/it\/wp-json\/wp\/v2\/media\/152762"}],"wp:attachment":[{"href":"https:\/\/www.europesays.com\/it\/wp-json\/wp\/v2\/media?parent=152761"}],"wp:term":[{"taxonomy":"category","embeddable":true,"href":"https:\/\/www.europesays.com\/it\/wp-json\/wp\/v2\/categories?post=152761"},{"taxonomy":"post_tag","embeddable":true,"href":"https:\/\/www.europesays.com\/it\/wp-json\/wp\/v2\/tags?post=152761"}],"curies":[{"name":"wp","href":"https:\/\/api.w.org\/{rel}","templated":true}]}}