{"id":152781,"date":"2025-10-08T07:39:16","date_gmt":"2025-10-08T07:39:16","guid":{"rendered":"https:\/\/www.europesays.com\/it\/152781\/"},"modified":"2025-10-08T07:39:16","modified_gmt":"2025-10-08T07:39:16","slug":"le-scarpe-intermedie-comfy-e-cool-che-svoltano-i-look-autunnali","status":"publish","type":"post","link":"https:\/\/www.europesays.com\/it\/152781\/","title":{"rendered":"Le scarpe intermedie comfy e cool che svoltano i look autunnali"},"content":{"rendered":"<p>Le scarpe intermedie, comode ed eleganti, sono la tendenza cool dell&#8217;autunno 2025<\/p>\n<p>Manolo Blahnik una volta ebbe a dire che \u00able scarpe, per le donne, sono il modo pi\u00f9 rapido di ottenere una istantanea metamorfosi\u00bb. Probabilmente si riferiva alle d\u00e9collet\u00e9 con tacchi a spillo che fanno tremare le caviglie e che hanno reso famosa Carrie Bradshaw (nonch\u00e9 pi\u00f9 povera di 40.000 dollari).<\/p>\n<p>Ma se \u00e8 facile farsi risucchiare dal fantastico mondo delle <a href=\"https:\/\/www.vogue.it\/article\/decollete-christian-louboutin-modello-kate\" target=\"_blank\" rel=\"nofollow noopener\">So Kate<\/a> e dei sandali altissimi, \u00e8 pur vero che non possiamo essere tutte Zendaya. A volte bisogna tenere conto della realt\u00e0 della vita quotidiana e, fortunatamente, la moda ha inventato un&#8217;alternativa pi\u00f9 ragionevole che non richiede di abbandonare la forma in favore della funzione: le scarpe intermedie.<\/p>\n<p>Pi\u00f9 coprenti di un sandalo estivo, meno soffocanti di uno stivale, le scarpe intermedie sono l&#8217;ideale per chi rischia di fare <a href=\"https:\/\/www.vogue.it\/article\/diecimila-passi-al-giorno-fanno-bene-vero-falso\" target=\"_blank\" rel=\"nofollow noopener\">10.000 passi al giorno<\/a> ma vuole farlo con qualcosa di pi\u00f9 intelligente di una scarpa da ginnastica. Consideratele le calzature semi-formali salvavita.<\/p>\n<p><img decoding=\"async\" alt=\"Acne primavera estate 2026.\" loading=\"lazy\" class=\"ResponsiveImageContainer-eNxvmU cfBbTk responsive-image__image\"   src=\"https:\/\/www.europesays.com\/it\/wp-content\/uploads\/2025\/10\/Acne%20clp%20S26%20115.jpg\"\/><\/p>\n<p>Acne primavera estate 2026.<\/p>\n<p>Launchmetrics.com\/spotlight<\/p>\n<p>Il termine non descrive una scarpa specifica, ma piuttosto un certo tipo di calzatura: \u00e8 nera, copre gran parte del piede e ha un dettaglio di stile fuori dall&#8217;ordinario (forse un tacco a blocco, ragionevole ma volutamente poco lusinghiero, o una tomaia scanalata che si appoggia sul piede in modo insolito, o ancora una fibbia insolita).<\/p>\n<p>Le scarpe intermedie pi\u00f9 rappresentative del genere sono le Club Slipper di Phoebe Philo (nessuno fa abbigliamento da ufficio fetish come la stilista inglese). <a href=\"https:\/\/www.vogue.it\/moda\/article\/alexa-chung-look-stile-senza-tempo\" target=\"_blank\" rel=\"nofollow noopener\">Alexa Chung<\/a> ha indossato le sue con qualsiasi cosa, dalle camicie da notte della nonna a Venezia, ai jeans e alle T-shirt nei momenti off-duty a Londra. Camille Charri\u00e8re ha acquistato lo stesso paio di scarpe da vecchia segretaria.<\/p>\n","protected":false},"excerpt":{"rendered":"Le scarpe intermedie, comode ed eleganti, sono la tendenza cool dell&#8217;autunno 2025 Manolo Blahnik una volta ebbe a&hellip;\n","protected":false},"author":3,"featured_media":152782,"comment_status":"","ping_status":"","sticky":false,"template":"","format":"standard","meta":{"footnotes":""},"categories":[173],"tags":[1537,90,89,3112,14285,195,198,199,197,200,201,5140,194,196],"class_list":{"0":"post-152781","1":"post","2":"type-post","3":"status-publish","4":"format-standard","5":"has-post-thumbnail","7":"category-scienza-e-tecnologia","8":"tag-it","9":"tag-italia","10":"tag-italy","11":"tag-moda","12":"tag-scarpe","13":"tag-science","14":"tag-science-and-technology","15":"tag-scienceandtechnology","16":"tag-scienza","17":"tag-scienza-e-tecnologia","18":"tag-scienzaetecnologia","19":"tag-shopping","20":"tag-technology","21":"tag-tecnologia"},"share_on_mastodon":{"url":"","error":""},"_links":{"self":[{"href":"https:\/\/www.europesays.com\/it\/wp-json\/wp\/v2\/posts\/152781","targetHints":{"allow":["GET"]}}],"collection":[{"href":"https:\/\/www.europesays.com\/it\/wp-json\/wp\/v2\/posts"}],"about":[{"href":"https:\/\/www.europesays.com\/it\/wp-json\/wp\/v2\/types\/post"}],"author":[{"embeddable":true,"href":"https:\/\/www.europesays.com\/it\/wp-json\/wp\/v2\/users\/3"}],"replies":[{"embeddable":true,"href":"https:\/\/www.europesays.com\/it\/wp-json\/wp\/v2\/comments?post=152781"}],"version-history":[{"count":0,"href":"https:\/\/www.europesays.com\/it\/wp-json\/wp\/v2\/posts\/152781\/revisions"}],"wp:featuredmedia":[{"embeddable":true,"href":"https:\/\/www.europesays.com\/it\/wp-json\/wp\/v2\/media\/152782"}],"wp:attachment":[{"href":"https:\/\/www.europesays.com\/it\/wp-json\/wp\/v2\/media?parent=152781"}],"wp:term":[{"taxonomy":"category","embeddable":true,"href":"https:\/\/www.europesays.com\/it\/wp-json\/wp\/v2\/categories?post=152781"},{"taxonomy":"post_tag","embeddable":true,"href":"https:\/\/www.europesays.com\/it\/wp-json\/wp\/v2\/tags?post=152781"}],"curies":[{"name":"wp","href":"https:\/\/api.w.org\/{rel}","templated":true}]}}