{"id":152834,"date":"2025-10-08T08:12:14","date_gmt":"2025-10-08T08:12:14","guid":{"rendered":"https:\/\/www.europesays.com\/it\/152834\/"},"modified":"2025-10-08T08:12:14","modified_gmt":"2025-10-08T08:12:14","slug":"la-psichiatra-nutrizionista-di-harvard-ecco-la-mia-dieta-anti-ansia-lumore-migliora-anche-con-il-cibo","status":"publish","type":"post","link":"https:\/\/www.europesays.com\/it\/152834\/","title":{"rendered":"La psichiatra nutrizionista di Harvard: \u00abEcco la mia dieta anti-ansia: l&#8217;umore migliora anche con il cibo\u00bb"},"content":{"rendered":"<p>                      di\u00a0Isabella Fantigrossi<\/p>\n<p class=\"summary-art is--brera-r is-mr-b-20 is-mr-t-20\">Il tono dell\u2019umore non \u00e8 dovuto solo alla mente ma \u00e8 il risultato di una complessa interazione tra organi tra cui l\u2019intestino.  Parola di Uma Naidoo, psichiatra nutrizionista di Harvard, oggi in libreria con il suo ultimo saggio, \u00abCalma la mente con il cibo\u00bb (Feltrinelli)<\/p>\n<p class=\"chapter-paragraph\">Un\u2019epidemia di ansia. Gli studiosi di Harvard non hanno dubbi. In <b>questo momento storico <\/b>stiamo attraversando \u00abuna <b>crisi di ansia senza precedenti<\/b>\u00bb. L\u2019ansia, cio\u00e8 \u2014 quello stato eccessivo di allerta del nostro cervello che causa scarsa capacit\u00e0 di concentrazione, pensieri ossessivi, confusione, frequenza cardiaca elevata, vertigini e mal di stomaco \u2014, \u00e8 oggi il <b>disturbo di salute mentale pi\u00f9 comunemente diagnosticato<\/b> al mondo. Indipendentemente dai suoi fattori scatenanti: biologico, psicologico o sociale. Come curarla? Con la <b>psicoterapia e con i farmaci<\/b>, se necessari, senza dubbio. Ma, spiega <b>Uma Naidoo<\/b>, pioniera della <b>psichiatria nutrizionale al Massachusetts General Hospital e docente alla Medical School dell\u2019Universit\u00e0 di Harvard <\/b>\u2014 \u00abci sono ancora sfide significative da affrontare nella cura efficace e duratura dell\u2019ansia\u00bb. Una di queste \u00e8, ed \u00e8 l\u2019oggetto del nuovo libro della studiosa (\u00abCalma la mente con il cibo\u00bb, Feltrinelli), la psichiatria nutrizionale, cio\u00e8 quel campo della ricerca medica che rivela <b>i modi in cui il cibo influenza i sentimenti e l\u2019umore<\/b>.\u00a0<\/p>\n<p class=\"chapter-paragraph\">\u00abNon molto tempo fa, le mie tre aree di studio (nutrizione, cucina e psichiatria) potevano sembrare uno strano miscuglio di interessi \u2014 scrive\u00a0 \u2014. Ma nell\u2019ultimo decennio circa, la ricerca scientifica ci ha portato a capire che queste <b>epidemie gemelle di salute mentale e fisica sono legate fra loro<\/b>. Patologie come la disbiosi intestinale, l\u2019infiammazione cronica e le malattie metaboliche spesso causano l\u2019ansia. Vale anche il contrario: in quasi tutte queste patologie, \u00e8 dimostrato che l\u2019ansia causi o aggravi i sintomi fisici\u00bb.\u00a0    &#13;<br \/>\n&#13;<br \/>\n&#13;<br \/>\n&#13;<br \/>\n&#13;<br \/>\n&#13;<br \/>\n&#13;<br \/>\n&#13;<br \/>\n&#13;<br \/>\n&#13;<br \/>\n&#13;<br \/>\n&#13;<br \/>\n&#13;<br \/>\n&#13;<br \/>\n&#13;<br \/>\n&#13;<br \/>\n&#13;<br \/>\n&#13;<br \/>\n&#13;<br \/>\n&#13;<br \/>\n&#13;<br \/>\n&#13;<br \/>\n&#13;<br \/>\n&#13;<br \/>\n&#13;<br \/>\n&#13;<br \/>\n&#13;<br \/>\n&#13;<br \/>\n&#13;<br \/>\n&#13;<br \/>\n&#13;<br \/>\n&#13;<br \/>\n&#13;<br \/>\n&#13;<br \/>\n&#13;<br \/>\n&#13;<br \/>\n&#13;<br \/>\n&#13;<br \/>\n&#13;<br \/>\n&#13;<br \/>\n&#13;<br \/>\n&#13;<br \/>\n&#13;<br \/>\n&#13;<br \/>\n&#13;<br \/>\n&#13;<br \/>\n&#13;<br \/>\n&#13;<br \/>\n&#13;<br \/>\n&#13;<br \/>\n&#13;<br \/>\n&#13;<br \/>\n&#13;\n<\/p>\n<p class=\"chapter-paragraph\"><b>La spesa anti-ansia<\/b><br \/>Che fare allora? Uma Naidoo ha elaborato un vero e proprio <b>protocollo di salute.<\/b> Si comincia con la <b>spesa anti-ansia<\/b>. Si prosegue con le sei regole anti-ansia, i <b>sei pilastri su cui basare la propria alimentazione<\/b>. Infine, la studiosa suggerisce un<b> <a href=\"https:\/\/www.corriere.it\/cook\/news\/cards\/se-soffrite-ansia-fate-attenzione-questi-alimenti-potrebbero-aumentarla\/i-sintomi-dell-ansia.shtml\" target=\"_blank\" rel=\"nofollow noopener\">piano alimentare per la buona salute mentale<\/a><\/b>. Ricordando che non \u00e8 solo il tipo di cibo a essere utile ma \u00e8 la stessa attivit\u00e0 del cucinare che \u00e8 utile a favorire la calma e a rasserenare la mente.\u00a0<br \/>Al supermercato, dunque, la scienziata consiglia di fare scorta sempre di questi alimenti: <b>verdure crucifere<\/b> come <a href=\"https:\/\/www.corriere.it\/cook\/healthy\/25_maggio_22\/pak-choi-cavolo-cinese-che-aiuta-contrastare-colesterolo-cattivo-9137dddc-2367-11f0-9d03-77ed88d868b6.shtml\" target=\"_blank\" rel=\"nofollow noopener\">pak choi<\/a>, broccoli, cavolini di Bruxelles, cavolo cappuccio, cavolfiore e cavolo riccio; <b>cibi antinfiammatori e antiossidanti <\/b>come frutti di bosco, frutta a guscio, semi e t\u00e8, fra cui t\u00e8 nero, t\u00e8 verde e tisane alle erbe; <b>legumi e verdure a foglia verde<\/b>: fagioli, ceci, lenticchie, soia; rucola, bietola, lattuga romana e spinaci; <b>cibi fermentati<\/b> (<a href=\"https:\/\/www.corriere.it\/cook\/ricette\/ricetta-kimchi-ossia-cavolo-fermentato-coreano-chef-sun-young-koo_b0895a92-d4da-11eb-a631-8b78d473314e.shtml\" target=\"_blank\" rel=\"nofollow noopener\">kimchi<\/a>, miso, crauti e yogurt); <b>cibi ricchi di acidi grassi omega-3 <\/b>(salmone, frutta a guscio e semi); <b>olio extravergine d\u2019oliva e olio di avocado; cioccolato naturale extra fondente; spezie ed erbe aromatiche<\/b>: curcuma, pepe nero, zafferano, paprika, origano, rosmarino, menta, prezzemolo e timo.\u00a0<\/p>\n<p class=\"chapter-paragraph\"><b>Le sei regole anti-ansia<\/b><br \/>I pilastri del mangiare anti-ansia? <b>Mangiare integrale. Cibarsi di tutti i colori<\/b>: portare in tavola ortaggi di una variet\u00e0 di colori aiuta a garantire un apporto sano di tutti i nutrienti che calmano la mente. <b>Incrementare i micronutrienti<\/b>: quelli pi\u00f9 utili nella lotta all\u2019ansia, spiega Uma Naidoo, sono le vitamine del gruppo B, la vitamina C, la vitamina D e la vitamina E e poi, tra i minerali, il calcio, il ferro, il magnesio e lo zinco. <b>Privilegiare i grassi sani. Evitare i cibi processati <\/b>che scatenano l\u2019ansia. E, infine, <b>puntare all\u2019equilibrio<\/b>: \u00abLa dieta migliore per il cervello \u00e8 quella ricca di cibi sani, ma anche <b>piacevole al gusto<\/b>. Nutrirsi significa dare energia al corpo, ma anche dare piacere agli occhi e al palato\u00bb.\u00a0<\/p>\n<p class=\"chapter-paragraph\">Che cosa vuol dire in sintesi? <b>Torniamo alla dieta mediterranea<\/b>. \u00abCome per tutte le associazioni fra dieta e salute mentale, l\u2019effetto della dieta mediterranea su patologie come l\u2019ansia \u00e8 stato studiato seriamente solo di recente, ma non sorprender\u00e0 sapere che ci sono forti indicazioni del fatto che sia benefica per la depressione e l\u2019ansia\u00bb.<\/p>\n<p>Per ricevere tutte le notizie pi\u00f9 imperdibili del mondo food<br \/>iscriviti alle <a href=\"https:\/\/www.corriere.it\/newsletter\/?theme=9\" class=\"nl-link\" rel=\"nofollow noopener\" target=\"_blank\">newsletter di COOK<\/a><\/p>\n<p class=\"is-last-update\" datetime=\"2025-10-08T06:46:30+02:00\">5 ottobre 2025 ( modifica il 8 ottobre 2025 | 06:46)<\/p>\n<p class=\"is-copyright\">\n            \u00a9 RIPRODUZIONE RISERVATA\n        <\/p>\n","protected":false},"excerpt":{"rendered":"di\u00a0Isabella Fantigrossi Il tono dell\u2019umore non \u00e8 dovuto solo alla mente ma \u00e8 il risultato di una complessa&hellip;\n","protected":false},"author":3,"featured_media":152835,"comment_status":"","ping_status":"","sticky":false,"template":"","format":"standard","meta":{"footnotes":""},"categories":[1511],"tags":[1391,94623,3290,94619,94624,1362,94625,94626,5217,2094,20736,844,94627,2042,9427,2276,8589,19263,75383,18210,36942,94628,94629,39440,94630,94631,18831,239,8920,1537,90,89,5735,7653,2087,2163,2088,6045,94632,94633,94620,7244,42464,259,94634,8068,18832,94635,23195,94636,94637,5817,94638,6897,240,2089,2090,12070,94621,94622,29795,35864],"class_list":{"0":"post-152834","1":"post","2":"type-post","3":"status-publish","4":"format-standard","5":"has-post-thumbnail","7":"category-salute-mentale","8":"tag-ansia","9":"tag-ansia-pilastri","10":"tag-anti","11":"tag-anti-ansia","12":"tag-anti-ansia-pilastri","13":"tag-calma","14":"tag-calma-mente","15":"tag-calma-mente-cibo","16":"tag-cavolo","17":"tag-cervello","18":"tag-cibi","19":"tag-cibo","20":"tag-cibo-feltrinelli","21":"tag-cioe","22":"tag-colori","23":"tag-dare","24":"tag-dieta","25":"tag-dieta-mediterranea","26":"tag-erbe","27":"tag-feltrinelli","28":"tag-frutta","29":"tag-frutta-guscio","30":"tag-frutta-guscio-semi","31":"tag-grassi","32":"tag-guscio","33":"tag-guscio-semi","34":"tag-harvard","35":"tag-health","36":"tag-infine","37":"tag-it","38":"tag-italia","39":"tag-italy","40":"tag-mangiare","41":"tag-mediterranea","42":"tag-mental-health","43":"tag-mentale","44":"tag-mentalhealth","45":"tag-mente","46":"tag-mente-cibo","47":"tag-mente-cibo-feltrinelli","48":"tag-naidoo","49":"tag-nero","50":"tag-nutrizionale","51":"tag-nutrizionista","52":"tag-nutrizionista-harvard","53":"tag-olio","54":"tag-patologie","55":"tag-pilastri","56":"tag-psichiatra","57":"tag-psichiatra-nutrizionista","58":"tag-psichiatra-nutrizionista-harvard","59":"tag-psichiatria","60":"tag-psichiatria-nutrizionale","61":"tag-regole","62":"tag-salute","63":"tag-salute-mentale","64":"tag-salutementale","65":"tag-te","66":"tag-uma","67":"tag-uma-naidoo","68":"tag-umore","69":"tag-vitamina"},"share_on_mastodon":{"url":"","error":""},"_links":{"self":[{"href":"https:\/\/www.europesays.com\/it\/wp-json\/wp\/v2\/posts\/152834","targetHints":{"allow":["GET"]}}],"collection":[{"href":"https:\/\/www.europesays.com\/it\/wp-json\/wp\/v2\/posts"}],"about":[{"href":"https:\/\/www.europesays.com\/it\/wp-json\/wp\/v2\/types\/post"}],"author":[{"embeddable":true,"href":"https:\/\/www.europesays.com\/it\/wp-json\/wp\/v2\/users\/3"}],"replies":[{"embeddable":true,"href":"https:\/\/www.europesays.com\/it\/wp-json\/wp\/v2\/comments?post=152834"}],"version-history":[{"count":0,"href":"https:\/\/www.europesays.com\/it\/wp-json\/wp\/v2\/posts\/152834\/revisions"}],"wp:featuredmedia":[{"embeddable":true,"href":"https:\/\/www.europesays.com\/it\/wp-json\/wp\/v2\/media\/152835"}],"wp:attachment":[{"href":"https:\/\/www.europesays.com\/it\/wp-json\/wp\/v2\/media?parent=152834"}],"wp:term":[{"taxonomy":"category","embeddable":true,"href":"https:\/\/www.europesays.com\/it\/wp-json\/wp\/v2\/categories?post=152834"},{"taxonomy":"post_tag","embeddable":true,"href":"https:\/\/www.europesays.com\/it\/wp-json\/wp\/v2\/tags?post=152834"}],"curies":[{"name":"wp","href":"https:\/\/api.w.org\/{rel}","templated":true}]}}