{"id":152881,"date":"2025-10-08T08:38:21","date_gmt":"2025-10-08T08:38:21","guid":{"rendered":"https:\/\/www.europesays.com\/it\/152881\/"},"modified":"2025-10-08T08:38:21","modified_gmt":"2025-10-08T08:38:21","slug":"sono-gli-untori-dei-nonni-si-al-vaccino-ma-non-contro-il-covid-no-agli-antibiotici-quando-arriva-il-picco-2","status":"publish","type":"post","link":"https:\/\/www.europesays.com\/it\/152881\/","title":{"rendered":"\u00abSono gli untori dei nonni, s\u00ec al vaccino ma non contro il Covid. No agli antibiotici\u00bb. Quando arriva il picco"},"content":{"rendered":"<p>&#13;<br \/>\n                               &#13;<br \/>\n                                                &#13;<br \/>\n                &#13;<\/p>\n<p>Con l\u2019arrivo della stagione fredda, il dottor <strong><a href=\"https:\/\/www.leggo.it\/t\/rino-agostiniani\" rel=\"nofollow noopener\" target=\"_blank\">Rino Agostiniani<\/a><\/strong>, presidente della <strong>Societ\u00e0 Italiana di Pediatria<\/strong> (<a href=\"https:\/\/sip.it\/\" target=\"_blank\" rel=\"nofollow noopener\">SIP<\/a>), guida i genitori nella prevenzione e gestione dell\u2019<strong><a href=\"https:\/\/www.leggo.it\/t\/influenza\" rel=\"nofollow noopener\" target=\"_blank\">influenza<\/a><\/strong> e di altre malattie nei bambini. L&#8217;esperto offre indicazioni su <a href=\"https:\/\/www.leggo.it\/t\/vaccini\" rel=\"nofollow noopener\" target=\"_blank\">vaccini<\/a>, <a href=\"https:\/\/www.leggo.it\/t\/sintomi\" rel=\"nofollow noopener\" target=\"_blank\">sintomi<\/a> e rischi, con un\u2019attenzione particolare alla protezione dei pi\u00f9 fragili, come neonati e nonni.<\/p>\n<p>&#13;<br \/>\n&#13;<\/p>\n<p><img decoding=\"async\" alt=\"\" src=\"https:\/\/www.europesays.com\/it\/wp-content\/uploads\/2025\/10\/foto_agostiniani_03123958.jpg\"\/><\/p>\n<p>&#13;<br \/>\n&#13;<br \/>\n<strong>Che stagione influenzale ci aspetta\u00a0per i bambini?<\/strong>&#13;<br \/>\n&#13;<\/p>\n<p>\u00abL\u2019aspettativa \u00e8 simile a quella del 2024. La prevalenza \u00e8 attesa da dicembre 2025, con un picco che si protrarr\u00e0 per circa tre mesi, fino a febbraio 2026. Non ci sono segnali che indichino qualcosa di diverso. I momenti critici saranno probabilmente il rientro dalle vacanze di Natale e la seconda met\u00e0 di gennaio e inizio febbraio, quando i contagi tendono ad aumentare\u00bb.<\/p>\n<p>&#13;<br \/>\n&#13;<br \/>\n<strong>Qual \u00e8 il ruolo del sistema immunitario nell\u2019influenza e chi \u00e8 pi\u00f9 a rischio?<\/strong>&#13;<br \/>\n&#13;<\/p>\n<p>\u00abL\u2019influenza \u00e8 una malattia che, in individui sani, viene generalmente superata grazie al sistema immunitario, che \u00e8 in grado di debellare il virus. \u00c8 fastidiosa, ma nei bambini sani il processo funziona bene. Il problema sorge in soggetti pi\u00f9 fragili (come gli anziani o chi\u00a0ha malattie croniche), in chi vive\u00a0situazioni di stress o in chi \u00e8 reduce da precedenti infezioni che riducono temporaneamente la capacit\u00e0 di risposta immunitaria. In questi casi, l\u2019influenza pu\u00f2 essere pi\u00f9 rischiosa\u00bb.<\/p>\n<p>&#13;<br \/>\n&#13;<br \/>\n<strong>Parliamo di prevenzione: quanto sono importanti i vaccini?<\/strong>&#13;<br \/>\n&#13;<\/p>\n<p>\u00abIl vaccino \u00e8 una strategia chiave per potenziare il sistema immunitario. \u00c8 particolarmente raccomandato per gli anziani, che per\u00f2 si vaccinano poco, nonostante siano fragili. Per i bambini, il Ministero della Salute raccomanda il vaccino dai 6 mesi ai 6 anni. Esiste anche il vaccino spray nasale (che si somministra a partire dai 2 anni), molto pi\u00f9 gradito dai piccoli e con un\u2019efficacia paragonabile a quello tradizionale\u00bb.<\/p>\n<p>&#13;<br \/>\n&#13;<br \/>\n<strong>I pi\u00f9 piccoli sono spesso a contatto con i nonni.<\/strong>&#13;<br \/>\n&#13;<\/p>\n<p>\u00abS\u00ec, per questo \u00e8 necessario vaccinare i nonni. I bambini, spesso asintomatici o con sintomi lievi, possono essere \u201cuntori\u201d e trasmettere il virus agli adulti pi\u00f9 vulnerabili\u00bb.<\/p>\n<p>&#13;<br \/>\n&#13;<br \/>\n<strong>Come si curano i bambini con l\u2019influenza?<\/strong>&#13;<br \/>\n&#13;<\/p>\n<p>\u00abGli antibiotici non servono contro l\u2019influenza, che \u00e8 una malattia virale. Anzi, il loro uso inappropriato pu\u00f2 essere dannoso. Raccomando a genitori e colleghi di evitarli. Per alleviare i sintomi, si possono usare farmaci come il paracetamolo, che aiuta a ridurre febbre e malessere, supportando il bambino mentre il suo sistema immunitario combatte il virus. L\u2019obiettivo \u00e8 rendere il decorso meno fastidioso\u00bb.<\/p>\n<p>&#13;<br \/>\n&#13;<br \/>\n<strong>Quali sono i sintomi dell\u2019influenza nei bambini e come distinguerla dal Covid?<\/strong>&#13;<br \/>\n&#13;<\/p>\n<p>\u00abL\u2019influenza si manifesta con sintomi respiratori come naso chiuso, malessere generale e febbre. Nei bambini pi\u00f9 piccoli possono esserci anche sintomi gastrointestinali. <\/p>\n<p>A differenza di altri virus, con l\u2019influenza si sta generalmente male. Distinguere l\u2019influenza dal Covid o da altri virus \u201ccugini\u201d non \u00e8 semplice, soprattutto nella fase iniziale. Solo un pediatra o\u00a0in ospedale, con test specifici, si pu\u00f2 farlo con certezza. L\u2019andamento e la durata dei sintomi, per\u00f2, possono dare indizi: a fine gennaio, ad esempio, \u00e8 pi\u00f9 probabile che sia influenza\u00bb.&#13;<br \/>\n&#13;<br \/>\n<strong>Quando \u00e8 meglio non mandare un bambino a scuola?<\/strong>&#13;<br \/>\n&#13;<\/p>\n<p>\u00abSe il bambino ha febbre, \u00e8 molto abbattuto o mostra un peggioramento delle condizioni generali, \u00e8 meglio non mandarlo a scuola. Anche dopo la guarigione, \u00e8 consigliabile aspettare un po\u2019 prima del rientro, perch\u00e9 l\u2019influenza deprime il sistema immunitario, aumentando il rischio di nuove infezioni. Il virus \u00e8 gi\u00e0 contagioso un paio di giorni prima dei sintomi e la contagiosit\u00e0 si esaurisce generalmente dopo la fine della sintomatologia influenzale\u00bb.<\/p>\n<p>&#13;<br \/>\n&#13;<br \/>\n<strong>E per quanto riguarda il Covid nei bambini?<\/strong>&#13;<br \/>\n&#13;<\/p>\n<p>\u00abIl Covid ha avuto un impatto marginale sui bambini rispetto agli adulti. Oggi \u00e8 gestibile e non rappresenta pi\u00f9 una minaccia significativa per i pi\u00f9 piccoli. Non consiglio il vaccino Covid per i bambini, salvo in casi particolari con condizioni di salute specifiche. I pi\u00f9 piccoli, per le caratteristiche della loro risposta immunitaria, hanno avuto forme meno gravi\u00bb.<\/p>\n<p>&#13;<br \/>\n&#13;<br \/>\n<strong>Ci sono altri vaccini importanti da considerare?<\/strong>&#13;<br \/>\n&#13;<\/p>\n<p>\u00abAssolutamente. Vaccini come quelli contro morbillo, papilloma virus, meningite e meningococco sono fondamentali. Dobbiamo mantenere alta la vigilanza, evitando di seguire esempi fuorvianti, come alcune tendenze negli Stati Uniti, dove la copertura vaccinale \u00e8 meno rigorosa.\u00a0Il morbillo, in particolare, rimane una malattia pericolosa da prevenire\u00bb.<\/p>\n<p>&#13;<br \/>\n&#13;<br \/>\n<br \/>&#13;<br \/>\n<strong>Quanto \u00e8 pericoloso il virus respiratorio sinciziale per i neonati?<\/strong>&#13;<br \/>\n&#13;<\/p>\n<p>\u00abIl VRS \u00e8 molto rischioso nei primi 6 mesi di vita perch\u00e9\u00a0causa\u00a0spesso la bronchiolite che pu\u00f2 richiedere terapia intensiva. L\u2019immunoprofilassi con anticorpi monoclonali\u00a0ha ridotto i casi gravi. Esistono vaccini per adulti e donne incinte\u00bb.<\/p>\n<p>&#13;<br \/>\n&#13;<br \/>\n<strong>Cosa si sottovaluta in genere?<\/strong>&#13;<br \/>\n&#13;<\/p>\n<p>\u00abLa pertosse.\u00a0\u00c8\u00a0pericolosa per i neonati, con rischi anche letali. Vaccinare le donne incinte permette di trasferire anticorpi al bambino. I casi stanno aumentando, spesso trasmessi da adulti come i nonni\u00bb.<\/p>\n<p>&#13;<br \/>\n&#13;<br \/>\n<strong>L\u2019influenza aviaria, di cui tanto si \u00e8 parlato, \u00e8 una minaccia reale?<\/strong>&#13;<br \/>\n&#13;<\/p>\n<p>\u00abL\u2019aviaria potrebbe trasmettersi tra umani, ma le malattie note come VRS e pertosse sono pi\u00f9 preoccupanti. Dobbiamo prepararci per nuove epidemie, ma la priorit\u00e0 \u00e8 gestire i rischi attuali con vaccini e prevenzione\u00bb.<\/p>\n<p>&#13;<br \/>\n&#13;<br \/>\n<strong>Un ultimo consiglio per i genitori?<\/strong>&#13;<br \/>\n&#13;<\/p>\n<p>\u00abOsservate il vostro bambino: se \u00e8 brillante, mangia e ha voglia di giocare, probabilmente pu\u00f2 andare a scuola. Ma proteggete i nonni, che sono pi\u00f9 a rischio. Vaccinare gli anziani \u00e8 la priorit\u00e0 assoluta per ridurre i casi gravi di influenza, considerando che i pi\u00f9 piccoli possono trasmettere il virus senza mostrare sintomi gravi\u00bb.<\/p>\n<p>                                &#13;<br \/>\n                &#13;<br \/>\n&#13;<br \/>\n                Ultimo aggiornamento: mercoled\u00ec 8 ottobre 2025, 09:53&#13;<br \/>\n                <br \/>&#13;<br \/>\n                &#13;<br \/>\n                  &#13;<br \/>\n                    &#13;<br \/>\n                        \u00a9 RIPRODUZIONE RISERVATA&#13;<\/p>\n<p>&#13;<\/p>\n<p>                    &#13;<\/p>\n","protected":false},"excerpt":{"rendered":"&#13; &#13; &#13; &#13; Con l\u2019arrivo della stagione fredda, il dottor Rino Agostiniani, presidente della Societ\u00e0 Italiana di&hellip;\n","protected":false},"author":3,"featured_media":152395,"comment_status":"","ping_status":"","sticky":false,"template":"","format":"standard","meta":{"footnotes":""},"categories":[1512],"tags":[4124,239,7944,1537,90,89,94270,240,94271,2189,2188,2187,55882],"class_list":{"0":"post-152881","1":"post","2":"type-post","3":"status-publish","4":"format-standard","5":"has-post-thumbnail","7":"category-vaccini","8":"tag-covid","9":"tag-health","10":"tag-influenza","11":"tag-it","12":"tag-italia","13":"tag-italy","14":"tag-rino-agostiniani","15":"tag-salute","16":"tag-societa-italiana-di-pediatria","17":"tag-vaccine","18":"tag-vaccines","19":"tag-vaccini","20":"tag-virus-respiratorio-sinciziale"},"share_on_mastodon":{"url":"","error":""},"_links":{"self":[{"href":"https:\/\/www.europesays.com\/it\/wp-json\/wp\/v2\/posts\/152881","targetHints":{"allow":["GET"]}}],"collection":[{"href":"https:\/\/www.europesays.com\/it\/wp-json\/wp\/v2\/posts"}],"about":[{"href":"https:\/\/www.europesays.com\/it\/wp-json\/wp\/v2\/types\/post"}],"author":[{"embeddable":true,"href":"https:\/\/www.europesays.com\/it\/wp-json\/wp\/v2\/users\/3"}],"replies":[{"embeddable":true,"href":"https:\/\/www.europesays.com\/it\/wp-json\/wp\/v2\/comments?post=152881"}],"version-history":[{"count":0,"href":"https:\/\/www.europesays.com\/it\/wp-json\/wp\/v2\/posts\/152881\/revisions"}],"wp:featuredmedia":[{"embeddable":true,"href":"https:\/\/www.europesays.com\/it\/wp-json\/wp\/v2\/media\/152395"}],"wp:attachment":[{"href":"https:\/\/www.europesays.com\/it\/wp-json\/wp\/v2\/media?parent=152881"}],"wp:term":[{"taxonomy":"category","embeddable":true,"href":"https:\/\/www.europesays.com\/it\/wp-json\/wp\/v2\/categories?post=152881"},{"taxonomy":"post_tag","embeddable":true,"href":"https:\/\/www.europesays.com\/it\/wp-json\/wp\/v2\/tags?post=152881"}],"curies":[{"name":"wp","href":"https:\/\/api.w.org\/{rel}","templated":true}]}}