{"id":152884,"date":"2025-10-08T08:41:16","date_gmt":"2025-10-08T08:41:16","guid":{"rendered":"https:\/\/www.europesays.com\/it\/152884\/"},"modified":"2025-10-08T08:41:16","modified_gmt":"2025-10-08T08:41:16","slug":"la-foto-con-tony-effe-toglie-ogni-dubbio","status":"publish","type":"post","link":"https:\/\/www.europesays.com\/it\/152884\/","title":{"rendered":"la foto con Tony Effe toglie ogni dubbio"},"content":{"rendered":"<p>Sono giorni in cui si rincorrono le voci sul parto di Giulia De Lellis. C&#8217;\u00e8 chi lo ha dato per gi\u00e0 avvenuto, stando a indiscrezioni pi\u00f9 o meno precisate di conoscenti e amici vari. Ma la realt\u00e0, come spesso accade, \u00e8 un&#8217;altra.\u00a0<\/p>\n<p>Giulia De Lellis e la foto con Tony Effe<\/p>\n<p>Nella mattinata di oggi, 8 ottobre, l&#8217;influencer romana ha pubblicato una foto (in fondo all&#8217;articolo) sulle Instagram stories insieme al compagno Tony Effe. I due, infatti, diventeranno presto genitori della piccola Priscilla, la loro primogenita. Il parto,<a href=\"https:\/\/www.today.it\/gossip\/vip\/giulia-de-lellis-ha-partorito.html\" target=\"_blank\" rel=\"nofollow noopener\"> a differenza di quanto affermato da alcuni esperti di gossip (o sedicenti tali)<\/a>, non \u00e8 avvenuto.<\/p>\n<p>A testimoniare quanto detto ci ha pensato De Lellis stessa con uno scatto in ascensore insieme a Tony Effe. Pancione in bella vista e la mano del futuro pap\u00e0 ad accarezzarlo. La didascalia \u00e8 chiara: \u201cQuanti monitoraggi pu\u00f2 fare un essere umano in massima? Chiediamo per un amichetta (l&#8217;apostrofo l&#8217;\u00e8 sfuggito, ndr)\u201d. Dunque no, <a href=\"https:\/\/www.today.it\/gossip\/vip\/giulia-de-lellis-parto-quanto-manca.html\" target=\"_blank\" rel=\"nofollow noopener\">De Lellis<\/a> non ha partorito, ma sicuramente manca pochissimo.<\/p>\n<p>Le parole di Giulia De Lellis sul parto<\/p>\n<p>Come si diceva, in queste settimane la cronaca rosa non parla d&#8217;altro: quando nasce Priscilla, dove partorir\u00e0 Giulia De Lellis, se ha gi\u00e0 partorito e via dicendo. Tutte chiacchiere leggere, tipiche del gossip. Quello che per\u00f2 a volte diventa eccessivo \u00e8 l&#8217;aspetto pi\u00f9 pruriginoso relativo al preciso momento del parto. Sulla questione si era espressa De Lellis stessa.<\/p>\n<p>Per esempio lo aveva fatto quando lo stesso trattamento era stato riservato ad Alessandra Amoroso (che un mese fa ha partorito la sua Penelope Maria): &#8220;\u201cMa se lei non ha comunicato la notizia perch\u00e9 dovete farlo voi? A caso poi? Cio\u00e8 cosa ci guadagnate? Perch\u00e9 sono davvero curiosa\u2026 Che palle oh\u201d, disse Giulia.<\/p>\n<p>Poi, successivamente, l&#8217;influencer \u00e8 tornata a parlare del proprio parto. Per esempio ha detto: &#8220;\u201cI chili? Ne ho presi ma fa parte del gioco, non dir\u00f2 quanti perch\u00e9 non voglio influenzarvi. Anche di quanti mesi sono, le settimane il parto. Non chiedetemi queste cose perch\u00e9 \u00e8 gi\u00e0 una cosa che mi crea tanta ansia quindi renderla pubblica non mi aiuta tanto\u201d, le parole di Giulia De Lellis.<\/p>\n<p><a href=\"https:\/\/www.today.it\/gossip\/vip\/giulia-de-lellis-parto.html\" target=\"_blank\" rel=\"nofollow noopener\">Giulia De Lellis ha partorito? La verit\u00e0 in una foto\u00a0<\/a><\/p>\n<p><img decoding=\"async\" src=\"https:\/\/www.europesays.com\/it\/wp-content\/uploads\/2025\/10\/ig-story-giulia-de-lellis-3.jpg\" alt=\"IG story Giulia De Lellis-3\" title=\"IG story Giulia De Lellis\"\/><\/p>\n<p><a href=\"https:\/\/www.today.it\/gossip\/vip\/giulia-de-lellis-ha-partorito.html\" target=\"_blank\" rel=\"nofollow noopener\">&#8220;Giulia De Lellis ha partorito in gran segreto&#8221;: il retroscena bomba<\/a>\u00a0 <\/p>\n","protected":false},"excerpt":{"rendered":"Sono giorni in cui si rincorrono le voci sul parto di Giulia De Lellis. C&#8217;\u00e8 chi lo ha&hellip;\n","protected":false},"author":3,"featured_media":152885,"comment_status":"","ping_status":"","sticky":false,"template":"","format":"standard","meta":{"footnotes":""},"categories":[1480],"tags":[1944,7128,94662,239,1537,90,89,240,1942,1943,7129,1940,1941],"class_list":{"0":"post-152884","1":"post","2":"type-post","3":"status-publish","4":"format-standard","5":"has-post-thumbnail","7":"category-salute-femminile","8":"tag-femminile","9":"tag-giulia-de-lellis","10":"tag-giulia-de-lellis-parto","11":"tag-health","12":"tag-it","13":"tag-italia","14":"tag-italy","15":"tag-salute","16":"tag-salute-femminile","17":"tag-salutefemminile","18":"tag-tony-effe","19":"tag-womens-health","20":"tag-womenshealth"},"share_on_mastodon":{"url":"","error":""},"_links":{"self":[{"href":"https:\/\/www.europesays.com\/it\/wp-json\/wp\/v2\/posts\/152884","targetHints":{"allow":["GET"]}}],"collection":[{"href":"https:\/\/www.europesays.com\/it\/wp-json\/wp\/v2\/posts"}],"about":[{"href":"https:\/\/www.europesays.com\/it\/wp-json\/wp\/v2\/types\/post"}],"author":[{"embeddable":true,"href":"https:\/\/www.europesays.com\/it\/wp-json\/wp\/v2\/users\/3"}],"replies":[{"embeddable":true,"href":"https:\/\/www.europesays.com\/it\/wp-json\/wp\/v2\/comments?post=152884"}],"version-history":[{"count":0,"href":"https:\/\/www.europesays.com\/it\/wp-json\/wp\/v2\/posts\/152884\/revisions"}],"wp:featuredmedia":[{"embeddable":true,"href":"https:\/\/www.europesays.com\/it\/wp-json\/wp\/v2\/media\/152885"}],"wp:attachment":[{"href":"https:\/\/www.europesays.com\/it\/wp-json\/wp\/v2\/media?parent=152884"}],"wp:term":[{"taxonomy":"category","embeddable":true,"href":"https:\/\/www.europesays.com\/it\/wp-json\/wp\/v2\/categories?post=152884"},{"taxonomy":"post_tag","embeddable":true,"href":"https:\/\/www.europesays.com\/it\/wp-json\/wp\/v2\/tags?post=152884"}],"curies":[{"name":"wp","href":"https:\/\/api.w.org\/{rel}","templated":true}]}}