{"id":152888,"date":"2025-10-08T08:44:22","date_gmt":"2025-10-08T08:44:22","guid":{"rendered":"https:\/\/www.europesays.com\/it\/152888\/"},"modified":"2025-10-08T08:44:22","modified_gmt":"2025-10-08T08:44:22","slug":"la-leggenda-del-rugby-racconta-il-suo-dramma-sto-bene-non-capisco","status":"publish","type":"post","link":"https:\/\/www.europesays.com\/it\/152888\/","title":{"rendered":"La leggenda del rugby racconta il suo dramma: &#8220;Sto bene, non capisco\u2026&#8221;"},"content":{"rendered":"<p>                                <img decoding=\"async\" src=\"https:\/\/www.europesays.com\/it\/wp-content\/uploads\/2025\/10\/lewis_moody-8.webp.webp\" alt=\"La leggenda del rugby racconta il suo dramma: &quot;Sto bene, non capisco\u2026&quot;\" loading=\"lazy\"\/><\/p>\n<p class=\"gallery-noscript-text\">La leggenda del rugby racconta il suo dramma: &#8220;Sto bene, non capisco\u2026&#8221;<\/p>\n<p>                                <img decoding=\"async\" src=\"https:\/\/www.europesays.com\/it\/wp-content\/uploads\/2025\/10\/lewis_moody-11.webp.webp\" alt=\"Lewis Moody, vincitore della coppa del mondo di rugby nel 2003 con la nazionale inglese, ha rivelato di avere la SLA\" loading=\"lazy\"\/><\/p>\n<p class=\"gallery-noscript-text\">Lewis Moody, vincitore della coppa del mondo di rugby nel 2003 con la nazionale inglese, ha rivelato di avere la SLA<\/p>\n<p>                                <img decoding=\"async\" src=\"https:\/\/www.europesays.com\/it\/wp-content\/uploads\/2025\/10\/lewis_moody-7.webp.webp\" alt=\"In un video, Moody ha rivelato in lacrime la sua malattia, diagnosticata dopo un normale controllo di routine\" loading=\"lazy\"\/><\/p>\n<p class=\"gallery-noscript-text\">In un video, Moody ha rivelato in lacrime la sua malattia, diagnosticata dopo un normale controllo di routine<\/p>\n<p>                                <img decoding=\"async\" src=\"https:\/\/www.europesays.com\/it\/wp-content\/uploads\/2025\/10\/lewis_moody.webp.webp\" alt=\"&quot;Non mi sento male, ho un po' di atrofia muscolare nella mano e nella spalla ma non capisco: sono ancora capace di fare qualsiasi cosa&quot;\" loading=\"lazy\"\/><\/p>\n<p class=\"gallery-noscript-text\">&#8220;Non mi sento male, ho un po&#8217; di atrofia muscolare nella mano e nella spalla ma non capisco: sono ancora capace di fare qualsiasi cosa&#8221;<\/p>\n<p>                                <img decoding=\"async\" src=\"https:\/\/www.europesays.com\/it\/wp-content\/uploads\/2025\/10\/lewis_moody-1.webp.webp\" alt=\"&quot;Al momento sono riluttante a guardare in faccia il futuro&quot;\" loading=\"lazy\"\/><\/p>\n<p class=\"gallery-noscript-text\">&#8220;Al momento sono riluttante a guardare in faccia il futuro&#8221;<\/p>\n<p>                                <img decoding=\"async\" src=\"https:\/\/www.europesays.com\/it\/wp-content\/uploads\/2025\/10\/lewis_moody-5.webp.webp\" alt=\"&quot;Forse si tratta solo di choc, ma \u00e8 cos\u00ec strano perch\u00e9 mi sembra che non ci sia nulla che non va in me&quot;\" loading=\"lazy\"\/><\/p>\n<p class=\"gallery-noscript-text\">&#8220;Forse si tratta solo di choc, ma \u00e8 cos\u00ec strano perch\u00e9 mi sembra che non ci sia nulla che non va in me&#8221;<\/p>\n<p>                                <img decoding=\"async\" src=\"https:\/\/www.europesays.com\/it\/wp-content\/uploads\/2025\/10\/lewis_moody-6.webp.webp\" alt=\"Il momento pi\u00f9 duro \u00e8 stato dirlo ai figli\" loading=\"lazy\"\/><\/p>\n<p class=\"gallery-noscript-text\">Il momento pi\u00f9 duro \u00e8 stato dirlo ai figli<\/p>\n<p>                                <img decoding=\"async\" src=\"https:\/\/www.europesays.com\/it\/wp-content\/uploads\/2025\/10\/lewis_moody-9.webp.webp\" alt=\"&quot;Ho due ragazzi fantastici ed \u00e8 stato davvero straziante. Eravamo seduti sul divano in lacrime&quot;\" loading=\"lazy\"\/><\/p>\n<p class=\"gallery-noscript-text\">&#8220;Ho due ragazzi fantastici ed \u00e8 stato davvero straziante. Eravamo seduti sul divano in lacrime&#8221;<\/p>\n<p>                                <img decoding=\"async\" src=\"https:\/\/www.europesays.com\/it\/wp-content\/uploads\/2025\/10\/lewis_moody-4.webp.webp\" alt=\"Soprannominato &quot;Mad Dog&quot;, Lewis Moody ha collezionato 71 presenze con la nazionale inglese\" loading=\"lazy\"\/><\/p>\n<p class=\"gallery-noscript-text\">Soprannominato &#8220;Mad Dog&#8221;, Lewis Moody ha collezionato 71 presenze con la nazionale inglese<\/p>\n<p>                                <img decoding=\"async\" src=\"https:\/\/www.europesays.com\/it\/wp-content\/uploads\/2025\/10\/lewis_moody-10.webp.webp\" alt=\"Con l'Inghilterra ha vinto un Mondiale e tre Sei Nazioni\" loading=\"lazy\"\/><\/p>\n<p class=\"gallery-noscript-text\">Con l&#8217;Inghilterra ha vinto un Mondiale e tre Sei Nazioni<\/p>\n<p>                                <img decoding=\"async\" src=\"https:\/\/www.europesays.com\/it\/wp-content\/uploads\/2025\/10\/lewis_moody-3.webp.webp\" alt=\"Moody ha giocato per anni nei Leicester Tigers, vincendo sette titoli di Premiership\" loading=\"lazy\"\/><\/p>\n<p class=\"gallery-noscript-text\">Moody ha giocato per anni nei Leicester Tigers, vincendo sette titoli di Premiership<\/p>\n<p>                                <img decoding=\"async\" src=\"https:\/\/www.europesays.com\/it\/wp-content\/uploads\/2025\/10\/lewis_moody-2.webp.webp\" alt=\"Lewis Moody \u00e8 nato il 12 giugno 1978 ad Ascot\" loading=\"lazy\"\/><\/p>\n<p class=\"gallery-noscript-text\">Lewis Moody \u00e8 nato il 12 giugno 1978 ad Ascot<\/p>\n","protected":false},"excerpt":{"rendered":"La leggenda del rugby racconta il suo dramma: &#8220;Sto bene, non capisco\u2026&#8221; Lewis Moody, vincitore della coppa del&hellip;\n","protected":false},"author":3,"featured_media":152889,"comment_status":"","ping_status":"","sticky":false,"template":"","format":"standard","meta":{"footnotes":""},"categories":[1458],"tags":[1537,90,89,93813,1840,245,244],"class_list":{"0":"post-152888","1":"post","2":"type-post","3":"status-publish","4":"format-standard","5":"has-post-thumbnail","7":"category-rugby","8":"tag-it","9":"tag-italia","10":"tag-italy","11":"tag-lewis-moody","12":"tag-rugby","13":"tag-sport","14":"tag-sports"},"share_on_mastodon":{"url":"","error":""},"_links":{"self":[{"href":"https:\/\/www.europesays.com\/it\/wp-json\/wp\/v2\/posts\/152888","targetHints":{"allow":["GET"]}}],"collection":[{"href":"https:\/\/www.europesays.com\/it\/wp-json\/wp\/v2\/posts"}],"about":[{"href":"https:\/\/www.europesays.com\/it\/wp-json\/wp\/v2\/types\/post"}],"author":[{"embeddable":true,"href":"https:\/\/www.europesays.com\/it\/wp-json\/wp\/v2\/users\/3"}],"replies":[{"embeddable":true,"href":"https:\/\/www.europesays.com\/it\/wp-json\/wp\/v2\/comments?post=152888"}],"version-history":[{"count":0,"href":"https:\/\/www.europesays.com\/it\/wp-json\/wp\/v2\/posts\/152888\/revisions"}],"wp:featuredmedia":[{"embeddable":true,"href":"https:\/\/www.europesays.com\/it\/wp-json\/wp\/v2\/media\/152889"}],"wp:attachment":[{"href":"https:\/\/www.europesays.com\/it\/wp-json\/wp\/v2\/media?parent=152888"}],"wp:term":[{"taxonomy":"category","embeddable":true,"href":"https:\/\/www.europesays.com\/it\/wp-json\/wp\/v2\/categories?post=152888"},{"taxonomy":"post_tag","embeddable":true,"href":"https:\/\/www.europesays.com\/it\/wp-json\/wp\/v2\/tags?post=152888"}],"curies":[{"name":"wp","href":"https:\/\/api.w.org\/{rel}","templated":true}]}}