{"id":152948,"date":"2025-10-08T09:18:10","date_gmt":"2025-10-08T09:18:10","guid":{"rendered":"https:\/\/www.europesays.com\/it\/152948\/"},"modified":"2025-10-08T09:18:10","modified_gmt":"2025-10-08T09:18:10","slug":"dicono-che-sto-insieme-a-ezio-greggio-solo-per-i-soldi-mi-chiamano-malata-di-fama","status":"publish","type":"post","link":"https:\/\/www.europesays.com\/it\/152948\/","title":{"rendered":"&#8220;Dicono che sto insieme a Ezio Greggio solo per i soldi, mi chiamano malata di fama&#8221;:"},"content":{"rendered":"<p>Lui ha 71 anni mentre lei ne ha 36. Eppure \u00e8 una coppia che ha attirato diverse critiche. La relazione di <strong>Ezio Greggio<\/strong> con la food influencer colombiana<strong> Nataly Ospina<\/strong> \u00e8 diventata pubblica nel 2018.<\/p>\n<p>Nataly Ospina \u00e8 stata ospite a <strong>\u201cLa Volta Buona\u201d da Caterina Balivo<\/strong> per raccontare non solo gli aspetti positivi della sua relazione ma anche quelli negativi, legati anche alle critiche ricevute in questi anni: \u201cMi chiamano malata di fama, dicono che sto insieme a lui solo per i soldi\u201d. La content creator per\u00f2 fa spallucce: <strong>\u201cOrmai so che fanno parte del gioco.<\/strong> L\u2019importante \u00e8 sapere chi sei e cosa provi. Io e Ezio siamo felici, e questo basta\u201d.<\/p>\n<p>Nonostante tutto comunque le critiche sono l\u00ec e rimangono ben visibili, nero su bianco, sul Web: \u201cNon \u00e8 vero amore, dicono. <strong>Ma io ci sono abituata,<\/strong> perch\u00e9 gi\u00e0 prima di conoscere Ezio lavoravo sui social. Queste cose non mi toccano pi\u00f9 come prima\u201d.<\/p>\n<p>Proprio quest\u2019anno la svolta nella coppia: \u201cSiamo andati a convivere praticamente subito e la mia vita \u00e8 cambiata. \u00c8 la prima volta che sto con un uomo cos\u00ec tanto pi\u00f9 grande di me. Mia mamma non ci poteva credere, conosceva Ezio, ma ci sono davvero tanti anni di differenza\u201d.<\/p>\n<p>Ezio Greggio si prepara per tornare in televisione e molto probabilmente lo far\u00e0 con al fianco il fidato Enzo Iacchetti. La coppia infatti dovrebbe essere al timone della nuova edizione di \u201cStriscia la Notizia\u201d che, come anticipato dal Corriere della Sera, <a href=\"https:\/\/www.ilfattoquotidiano.it\/2025\/10\/05\/striscia-la-notizia-cambia-completamente-dopo-36-anni-sara-un-appuntamento-settimanale-in-prima-serata-ecco-cosa-succedera\/8149788\/\" rel=\"nofollow noopener\" target=\"_blank\">dovrebbe tornare in prima serata su Canale 5, una volta a settimana e da novembre. Una nuova collocazione, a 36 anni dalla nascita del tg satirico<\/a>, dopo il boom di ascolti de \u201cLa ruota della fortuna\u201d di Gerry Scotti.<\/p>\n","protected":false},"excerpt":{"rendered":"Lui ha 71 anni mentre lei ne ha 36. Eppure \u00e8 una coppia che ha attirato diverse critiche.&hellip;\n","protected":false},"author":3,"featured_media":152949,"comment_status":"","ping_status":"","sticky":false,"template":"","format":"standard","meta":{"footnotes":""},"categories":[1451],"tags":[1621,1620,203,204,1537,90,89],"class_list":{"0":"post-152948","1":"post","2":"type-post","3":"status-publish","4":"format-standard","5":"has-post-thumbnail","7":"category-celebrita","8":"tag-celebrita","9":"tag-celebrities","10":"tag-entertainment","11":"tag-intrattenimento","12":"tag-it","13":"tag-italia","14":"tag-italy"},"share_on_mastodon":{"url":"","error":""},"_links":{"self":[{"href":"https:\/\/www.europesays.com\/it\/wp-json\/wp\/v2\/posts\/152948","targetHints":{"allow":["GET"]}}],"collection":[{"href":"https:\/\/www.europesays.com\/it\/wp-json\/wp\/v2\/posts"}],"about":[{"href":"https:\/\/www.europesays.com\/it\/wp-json\/wp\/v2\/types\/post"}],"author":[{"embeddable":true,"href":"https:\/\/www.europesays.com\/it\/wp-json\/wp\/v2\/users\/3"}],"replies":[{"embeddable":true,"href":"https:\/\/www.europesays.com\/it\/wp-json\/wp\/v2\/comments?post=152948"}],"version-history":[{"count":0,"href":"https:\/\/www.europesays.com\/it\/wp-json\/wp\/v2\/posts\/152948\/revisions"}],"wp:featuredmedia":[{"embeddable":true,"href":"https:\/\/www.europesays.com\/it\/wp-json\/wp\/v2\/media\/152949"}],"wp:attachment":[{"href":"https:\/\/www.europesays.com\/it\/wp-json\/wp\/v2\/media?parent=152948"}],"wp:term":[{"taxonomy":"category","embeddable":true,"href":"https:\/\/www.europesays.com\/it\/wp-json\/wp\/v2\/categories?post=152948"},{"taxonomy":"post_tag","embeddable":true,"href":"https:\/\/www.europesays.com\/it\/wp-json\/wp\/v2\/tags?post=152948"}],"curies":[{"name":"wp","href":"https:\/\/api.w.org\/{rel}","templated":true}]}}