{"id":152974,"date":"2025-10-08T09:33:10","date_gmt":"2025-10-08T09:33:10","guid":{"rendered":"https:\/\/www.europesays.com\/it\/152974\/"},"modified":"2025-10-08T09:33:10","modified_gmt":"2025-10-08T09:33:10","slug":"a-berlino-la-lunga-notte-dei-vaccini-e-la-terza-edizione","status":"publish","type":"post","link":"https:\/\/www.europesays.com\/it\/152974\/","title":{"rendered":"A Berlino la lunga notte dei vaccini, \u00e8 la terza edizione"},"content":{"rendered":"<p>Numerose farmacie di Berlino invitano i cittadini alla \u201cLunga Notte della Vaccinazione\u201d l\u20198 ottobre<\/p>\n<p style=\"text-align:justify\" data-start=\"679\" data-end=\"2005\">Mercoled\u00ec 8 ottobre i cittadini di Berlino sono invitati a partecipare alla \u201cLunga Notte della Vaccinazione\u201d, giunta alla terza edizione. In questa giornata oltre 300 strutture, tra cui studi medici e medici aziendali, offriranno la possibilit\u00e0 di ricevere i vaccini contro coronavirus e influenza stagionale anche in orario serale.<br data-start=\"887\" data-end=\"890\"\/>Parteciperanno farmacie in quasi tutti i quartieri della citt\u00e0, alcune aperte fino alle 22.00. Nel Brandeburgo aderisce anche l\u2019autorit\u00e0 sanitaria di Neuruppin, che somministrer\u00e0 le dosi dalle 17 alle 21.<br data-start=\"1106\" data-end=\"1109\"\/>Gli interessati sono invitati a contattare in anticipo la propria farmacia, come raccomandato dall\u2019Associazione dei farmacisti di Berlino. \u201c<a href=\"https:\/\/www.berlin.de\/en\/news\/9938347-5559700-long-night-of-vaccination-in-berlin-on-o.en.html?fbclid=IwY2xjawNR5SVleHRuA2FlbQIxMQABHjMc9wbDolUC5tJ2kUU6kRop1UuD0ozk-0sJyTBTQr68EPJbHh8mBBeyLI9I_aem_1Yri8qVVCPrd1ZV_eFI5Pg\" target=\"_blank\" rel=\"noopener nofollow\">Ottobre \u00e8 il momento ideale per proteggersi da influenza e coronavirus<\/a>\u201d, afferma Anke R\u00fcdiger della farmacia Castello di Lichtenberg. \u00c8 necessario portare con s\u00e9 la tessera sanitaria e il libretto delle vaccinazioni.<\/p>\n<p>Autunno a rischio: pi\u00f9 infezioni respiratorie a Berlino e Brandeburgo<\/p>\n<p style=\"text-align:justify\" data-start=\"1483\" data-end=\"2080\">L\u2019iniziativa punta a sensibilizzare sull\u2019imminente stagione influenzale e ad aumentare i tassi di immunizzazione in Germania. Con l\u2019arrivo dell\u2019autunno, gli ambulatori di Berlino e del Brandeburgo segnalano un costante aumento dei pazienti con disturbi respiratori. Secondo i rapporti, circa un sesto presenta sintomi simil-influenzali, spesso accompagnati da febbre.<br data-start=\"1858\" data-end=\"1861\"\/>Dati recenti dell\u2019Ufficio statale per la sanit\u00e0 e gli affari sociali (Lageso) mostrano una<a href=\"https:\/\/themunicheye.com\/cold-flu-season-berlin-health-27261\" target=\"_blank\" rel=\"noopener nofollow\"> crescita della carica virale del coronavirus nelle acque reflue<\/a> e un aumento dei casi registrati in entrambe le regioni.<\/p>\n<p>Prevenzione e consapevolezza: la protezione passa dai vaccini<\/p>\n<p style=\"text-align:justify\" data-start=\"2082\" data-end=\"2689\">Il Comitato permanente per le vaccinazioni (<a href=\"https:\/\/www.zeit.de\/news\/2025-10\/03\/lange-nacht-des-impfens-in-berlin-am-8-oktober\" target=\"_blank\" rel=\"noopener nofollow\">Stiko<\/a>) raccomanda un richiamo annuale contro COVID-19 e influenza per chi ha pi\u00f9 di 60 anni o soffre di patologie pregresse. \u201cLa vaccinazione agisce come uno scudo protettivo\u201d, spiega Johannes Nie\u00dfen, direttore ad interim dell\u2019Istituto federale di sanit\u00e0 pubblica. \u201cRiduce in modo significativo il rischio di forme gravi e pu\u00f2 salvare vite.\u201d<br data-start=\"2483\" data-end=\"2486\"\/>La campagna antinfluenzale inizier\u00e0 a ottobre negli studi medici e proseguir\u00e0 fino a met\u00e0 dicembre. Molte farmacie offriranno anche il vaccino anti-Covid, ampliando l\u2019accesso alle immunizzazioni.<\/p>\n<p>Leggi anche:<a href=\"https:\/\/berlinomagazine.com\/2022-tutte-le-farmacie-di-berlino-dove-ricevere-il-vaccino\/\" target=\"_blank\" rel=\"noopener nofollow\"> Tutte le farmacie di Berlino dove ricevere il vaccino<\/a><\/p>\n<p><strong>Studia tedesco a Berlino o via Zoom con lezioni di gruppo o collettive, corsi da 48 ore a 192 \u20ac. Scrivi a\u00a0<a href=\"https:\/\/berlinomagazine.com\/cdn-cgi\/l\/email-protection\" class=\"__cf_email__\" data-cfemail=\"c7aea9a1a887a5a2b5abaea9a8b4a4afb2aba2e9a4a8aa\" rel=\"nofollow noopener\" target=\"_blank\">[email\u00a0protected]<\/a>\u00a0o clicca sul banner per maggior informazioni<\/strong><\/p>\n<p><a class=\"aligncenter\" href=\"https:\/\/berlinoschule.com\/corsi-di-tedesco-a-berlino-intensivi-serali-super-intensivi-e-private-o-su-skype-il-calendario-di-berlino-schule\/\/\" target=\"_blank\" rel=\"noopener noreferrer nofollow\"><img loading=\"lazy\" decoding=\"async\" class=\"aligncenter size-full wp-image-110764\" src=\"https:\/\/www.europesays.com\/it\/wp-content\/uploads\/2025\/10\/144464053_136849888273303_6794408678092498906_n.gif\" alt=\"\" width=\"760\" height=\"100\"\/><\/a><\/p>\n<p><strong>Non perderti foto, video o biglietti in palio per concerti, mostre o party: segui Berlino Magazine anche su\u00a0<a href=\"https:\/\/www.facebook.com\/berlinomagazine\/\" target=\"_blank\" rel=\"noopener noreferrer nofollow\">Facebook<\/a>,\u00a0<a href=\"https:\/\/www.instagram.com\/berlinomagazine\/\" target=\"_blank\" rel=\"noopener noreferrer nofollow\">Instagram<\/a>\u00a0e\u00a0<a href=\"https:\/\/twitter.com\/berlinocp\" target=\"_blank\" rel=\"noopener noreferrer nofollow\">Twitter<\/a><\/strong><\/p>\n<p><script async src=\"https:\/\/platform.twitter.com\/widgets.js\" charset=\"utf-8\"><\/script><script async src=\"\/\/www.instagram.com\/embed.js\"><\/script><\/p>\n","protected":false},"excerpt":{"rendered":"Numerose farmacie di Berlino invitano i cittadini alla \u201cLunga Notte della Vaccinazione\u201d l\u20198 ottobre Mercoled\u00ec 8 ottobre i&hellip;\n","protected":false},"author":3,"featured_media":152975,"comment_status":"","ping_status":"","sticky":false,"template":"","format":"standard","meta":{"footnotes":""},"categories":[1512],"tags":[6475,22095,64892,13067,3044,239,94683,1537,90,89,240,2189,2188,2187,94684,89753],"class_list":{"0":"post-152974","1":"post","2":"type-post","3":"status-publish","4":"format-standard","5":"has-post-thumbnail","7":"category-vaccini","8":"tag-berlino","9":"tag-campagna-vaccinale","10":"tag-covid19","11":"tag-farmacie","12":"tag-germania","13":"tag-health","14":"tag-influenza-stagionale","15":"tag-it","16":"tag-italia","17":"tag-italy","18":"tag-salute","19":"tag-vaccine","20":"tag-vaccines","21":"tag-vaccini","22":"tag-vaccino-anti-covid-19","23":"tag-vaccino-antinfluenzale"},"share_on_mastodon":{"url":"","error":""},"_links":{"self":[{"href":"https:\/\/www.europesays.com\/it\/wp-json\/wp\/v2\/posts\/152974","targetHints":{"allow":["GET"]}}],"collection":[{"href":"https:\/\/www.europesays.com\/it\/wp-json\/wp\/v2\/posts"}],"about":[{"href":"https:\/\/www.europesays.com\/it\/wp-json\/wp\/v2\/types\/post"}],"author":[{"embeddable":true,"href":"https:\/\/www.europesays.com\/it\/wp-json\/wp\/v2\/users\/3"}],"replies":[{"embeddable":true,"href":"https:\/\/www.europesays.com\/it\/wp-json\/wp\/v2\/comments?post=152974"}],"version-history":[{"count":0,"href":"https:\/\/www.europesays.com\/it\/wp-json\/wp\/v2\/posts\/152974\/revisions"}],"wp:featuredmedia":[{"embeddable":true,"href":"https:\/\/www.europesays.com\/it\/wp-json\/wp\/v2\/media\/152975"}],"wp:attachment":[{"href":"https:\/\/www.europesays.com\/it\/wp-json\/wp\/v2\/media?parent=152974"}],"wp:term":[{"taxonomy":"category","embeddable":true,"href":"https:\/\/www.europesays.com\/it\/wp-json\/wp\/v2\/categories?post=152974"},{"taxonomy":"post_tag","embeddable":true,"href":"https:\/\/www.europesays.com\/it\/wp-json\/wp\/v2\/tags?post=152974"}],"curies":[{"name":"wp","href":"https:\/\/api.w.org\/{rel}","templated":true}]}}