{"id":153040,"date":"2025-10-08T10:13:10","date_gmt":"2025-10-08T10:13:10","guid":{"rendered":"https:\/\/www.europesays.com\/it\/153040\/"},"modified":"2025-10-08T10:13:10","modified_gmt":"2025-10-08T10:13:10","slug":"giulia-de-lellis-smentisce-la-fake-news-sul-parto-foto-con-tony-effe","status":"publish","type":"post","link":"https:\/\/www.europesays.com\/it\/153040\/","title":{"rendered":"Giulia De Lellis smentisce la fake news sul parto, foto con Tony Effe"},"content":{"rendered":"<p>                                Dopo le voci di un parto in gran segreto, la 29enne ha smentito in modo ironico con una foto insieme al fidanzato<\/p>\n<p>                    8 ottobre &#8211; 12:02  &#8211; MILANO<\/p>\n<p class=\"paragraph\" spellcheck=\"true\"><b>Giulia De Lellis<\/b> sta <a href=\"https:\/\/www.gazzetta.it\/gossip\/17-08-2025\/giulia-de-lellis-foto-in-vacanze-col-pancione-in-puglia-con-tony-effe.shtml?intcmp=hyperlink-articolo-gazit\" target=\"_blank\" rel=\"nofollow noopener\">documentando ormai da mesi<\/a> la sua prima gravidanza e, con la <b>data del parto sempre pi\u00f9 vicina<\/b>, la corsa degli esperti di gossip a tentare di dare la notizia della nascita della piccola Priscilla prima dell&#8217;influencer e del fidanzato <a href=\"https:\/\/www.gazzetta.it\/gossip\/16-06-2025\/tony-effe-nel-prossimo-cinepanettone-con-christian-de-sica-e-lillo.shtml?intcmp=hyperlink-articolo-gazit\" target=\"_blank\" rel=\"nofollow noopener\">Tony Effe<\/a> \u00e8 gi\u00e0 partita all&#8217;insegna delle cantonate. E anche oggi, dopo l&#8217;ennesima voce non confermata, <b>De Lellis \u00e8 corsa a smentire tutto su Instagram<\/b>.<\/p>\n<p>    Giulia De Lellis contro le fake news sul parto\u2014 \u00a0<\/p>\n<p class=\"paragraph is-inline\" spellcheck=\"true\">Era gi\u00e0 <a href=\"https:\/\/www.gazzetta.it\/gossip\/17-09-2025\/giulia-de-lellis-e-le-fake-news-sulla-gravidanza-e-violenza.shtml?intcmp=hyperlink-articolo-gazit\" target=\"_blank\" rel=\"nofollow noopener\">accaduto lo scorso settembre<\/a>, quando una pagina su Facebook aveva dato la notizia della nascita della prima figlia di Giulia De Lellis e Tony Effe, pubblicando addirittura un presunto scatto con una bimba. <b>La 29enne aveva subito smentito<\/b>, attaccando l&#8217;autore della fake news: &#8220;La bambina nelle foto non \u00e8 mia figlia, ed \u00e8 vergognoso che il suo volto sia stato preso e diffuso ovunque. Chiedo scusa a lei e alla sua famiglia per questa ennesima mancanza di umanit\u00e0&#8221;.<\/p>\n<p>    La nuova smentita di Giulia e Tony\u2014 \u00a0<\/p>\n<p class=\"paragraph is-inline\" spellcheck=\"true\">Anche questa mattina, senza conferme da parte dei diretti interessati, \u00e8 iniziata a <b>circolare con insistenza la notizia che Giulia De Lellis avesse partorito in gran segreto<\/b> e che avrebbe deciso di non annunciare la nascita di Priscilla su Instagram, dove per mesi ha aggiornato i suoi fan sui <a href=\"https:\/\/www.gazzetta.it\/gossip\/23-06-2025\/giulia-de-lellis-e-tony-effe-baby-shower-per-la-figlia-priscilla.shtml?intcmp=hyperlink-articolo-gazit\" target=\"_blank\" rel=\"nofollow noopener\">preparativi per l&#8217;arrivo della piccola<\/a>, per via una presunta esclusiva a un magazine italiano.<\/p>\n<p class=\"paragraph\" spellcheck=\"true\">Come gi\u00e0 accaduto il mese scorso, <b>la smentita non ha tardato ad arrivare<\/b>. Senza menzionare direttamente l&#8217;ultimo gossip, Giulia ha condiviso su Instagram una foto in cui, insieme a Tony Effe, si appresta a fare l&#8217;ennesima ecografia in vista del parto. &#8220;Quanti monitoraggi pu\u00f2 fare un essere umano in massima? Chiediamo per un&#8217;amichetta&#8221;, ha scritto <a href=\"https:\/\/www.gazzetta.it\/gossip\/03-08-2025\/giulia-de-lellis-e-cecilia-rodriguez-la-gravidanza-vissuta-insieme.shtml?intcmp=hyperlink-articolo-gazit\" target=\"_blank\" rel=\"nofollow noopener\">l&#8217;influencer e imprenditrice<\/a> digitale a corredo dello scatto.<\/p>\n<p class=\"paragraph\" spellcheck=\"true\">Stavolta <b>De Lellis ha preferito puntare sull&#8217;ironia<\/b>, mentre solo poche settimane fa si era accanita contro <b>l&#8217;ossessione nei confronti della sua gravidanza<\/b>: &#8220;La gente ha perso completamente il senso del rispetto. Sono scioccata dall&#8217;ossessione e dalla follia con cui ci si permette di giocare su qualcosa di cos\u00ec intimo e prezioso come una nuova vita&#8221;.<\/p>\n<p>    Giulia De Lellis a un passo dal parto\u2014 \u00a0<\/p>\n<p class=\"paragraph is-inline\" spellcheck=\"true\">Fake news e indiscrezioni a parte, il momento del parto per Giulia De Lellis \u00e8 sempre pi\u00f9 vicino. <a href=\"https:\/\/www.gazzetta.it\/gossip\/02-05-2025\/tony-effe-e-giulia-de-lellis-in-dolce-attesa-annuncio-social-della-gravidanza.shtml?intcmp=hyperlink-articolo-gazit\" target=\"_blank\" rel=\"nofollow noopener\">L&#8217;annuncio ufficiale di Giulia e Tony Effe<\/a> risale al 2 maggio scorso, dopo giorni di voci e indiscrezioni, e da quel momento i due hanno documentato i preparativi per l&#8217;arrivo della bimba <b>senza mai svelare il periodo in cui la piccola sarebbe venuta al mondo<\/b>. A cinque mesi da quell&#8217;annuncio, ipotizzando che Giulia fosse gi\u00e0 al quarto mese di gravidanza quando ha deciso di svelarlo pubblicamente, <b>la nascita di Priscilla dovrebbe essere ormai questione di giorni<\/b>.<\/p>\n<p class=\"is-above-copyright is-mr-r-10\" spellcheck=\"true\">La Gazzetta dello Sport<\/p>\n<p class=\"is-copyright\">\u00a9 RIPRODUZIONE RISERVATA<\/p>\n","protected":false},"excerpt":{"rendered":"Dopo le voci di un parto in gran segreto, la 29enne ha smentito in modo ironico con una&hellip;\n","protected":false},"author":3,"featured_media":153041,"comment_status":"","ping_status":"","sticky":false,"template":"","format":"standard","meta":{"footnotes":""},"categories":[1451],"tags":[500,3825,1262,2750,1621,1620,1276,277,17105,94708,17490,17689,203,10243,16406,228,2618,17491,7128,1232,230,204,1537,90,89,17481,272,7,4509,7871,7900,17482,25692,7129],"class_list":{"0":"post-153040","1":"post","2":"type-post","3":"status-publish","4":"format-standard","5":"has-post-thumbnail","7":"category-celebrita","8":"tag-accaduto","9":"tag-annuncio","10":"tag-arrivo","11":"tag-bimba","12":"tag-celebrita","13":"tag-celebrities","14":"tag-corsa","15":"tag-de","16":"tag-de-lellis","17":"tag-de-lellis-passo","18":"tag-effe","19":"tag-ennesima","20":"tag-entertainment","21":"tag-fake","22":"tag-fake-news","23":"tag-foto","24":"tag-giulia","25":"tag-giulia-de","26":"tag-giulia-de-lellis","27":"tag-gravidanza","28":"tag-instagram","29":"tag-intrattenimento","30":"tag-it","31":"tag-italia","32":"tag-italy","33":"tag-lellis","34":"tag-nascita","35":"tag-news","36":"tag-notizia","37":"tag-parto","38":"tag-piccola","39":"tag-priscilla","40":"tag-tony","41":"tag-tony-effe"},"share_on_mastodon":{"url":"","error":""},"_links":{"self":[{"href":"https:\/\/www.europesays.com\/it\/wp-json\/wp\/v2\/posts\/153040","targetHints":{"allow":["GET"]}}],"collection":[{"href":"https:\/\/www.europesays.com\/it\/wp-json\/wp\/v2\/posts"}],"about":[{"href":"https:\/\/www.europesays.com\/it\/wp-json\/wp\/v2\/types\/post"}],"author":[{"embeddable":true,"href":"https:\/\/www.europesays.com\/it\/wp-json\/wp\/v2\/users\/3"}],"replies":[{"embeddable":true,"href":"https:\/\/www.europesays.com\/it\/wp-json\/wp\/v2\/comments?post=153040"}],"version-history":[{"count":0,"href":"https:\/\/www.europesays.com\/it\/wp-json\/wp\/v2\/posts\/153040\/revisions"}],"wp:featuredmedia":[{"embeddable":true,"href":"https:\/\/www.europesays.com\/it\/wp-json\/wp\/v2\/media\/153041"}],"wp:attachment":[{"href":"https:\/\/www.europesays.com\/it\/wp-json\/wp\/v2\/media?parent=153040"}],"wp:term":[{"taxonomy":"category","embeddable":true,"href":"https:\/\/www.europesays.com\/it\/wp-json\/wp\/v2\/categories?post=153040"},{"taxonomy":"post_tag","embeddable":true,"href":"https:\/\/www.europesays.com\/it\/wp-json\/wp\/v2\/tags?post=153040"}],"curies":[{"name":"wp","href":"https:\/\/api.w.org\/{rel}","templated":true}]}}