{"id":153337,"date":"2025-10-08T13:08:12","date_gmt":"2025-10-08T13:08:12","guid":{"rendered":"https:\/\/www.europesays.com\/it\/153337\/"},"modified":"2025-10-08T13:08:12","modified_gmt":"2025-10-08T13:08:12","slug":"scambiate-liste-prigionieri-da-rilasciare-ce-ottimismo-possibile-prima-fase-del-piano-di-pace-prima-di-venerdi","status":"publish","type":"post","link":"https:\/\/www.europesays.com\/it\/153337\/","title":{"rendered":"\u00abScambiate liste prigionieri da rilasciare, c&#8217;\u00e8 ottimismo\u00bb. Possibile prima fase del piano di pace prima di venerd\u00ec"},"content":{"rendered":"<p>            2025-10-08 12:23:26<br \/>\n            Unicef: 64mila bambini uccisi o mutilati a Gaza<\/p>\n<p>\u00a0\u00abDa oltre 700 giorni, i bambini di Gaza vengono uccisi, mutilati e sfollati in una guerra devastante che \u00e8 un affronto alla nostra comune umanit\u00e0. Gli attacchi israeliani su Gaza City e su altre parti della Striscia continuano. Il mondo non pu\u00f2 e non deve permettere che questo continui. Negli ultimi due anni, secondo le notizie, un numero sconcertante di 64.000 bambini sono stati uccisi o mutilati in tutta la Striscia di Gaza, tra cui almeno 1.000 appena nati. Non sappiamo quanti altri siano morti a causa di malattie prevenibili o siano sepolti sotto le macerie\u00bb. Lo dichiara la direttrice generale dell&#8217;Unicef\u00a0Catherine Russell.<\/p>\n<p>            2025-10-08 11:39:15<br \/>\n            Media,&#8217;palestinesi vogliono aumentare liberati da 250 a 300<\/p>\n<p>Nell&#8217;ambito dei colloqui di Sharm-el-Sheikh per la pace a Gaza i palestinesi starebbero cercando di massimizzare i risultati della trattativa rispetto alla liberazione dei reciproci ostaggi. Una fonte palestinese di alto livello ha riferito alla testata israeliana Ynet che si starebbe cercando di aumentare la lista dei prigionieri della sua fazione da 250 a 300, creando una situazione di \u00abtutti per tutti\u00bb. Secondo il Palestinian Prisoner Club, 303 ergastolani sono detenuti nelle carceri israeliane &#8211; alcuni dei quali addirittura da prima degli Accordi di Oslo &#8211; e quindi non hanno quasi nessuna speranza di essere rilasciati in futuro. \u00abPer questi prigionieri, questa potrebbe essere l&#8217;ultima possibilit\u00e0 di essere liberi, e quindi c&#8217;\u00e8 grande speranza tra loro\u00bb, ha affermato la fonte di alto livello. La stessa fonte ha riferito a Ynet che a seguito delle pressioni turche si \u00e8 cercato di impedire a Israele di porre il veto sui nomi dei prigionieri proposti per il rilascio e che si \u00e8 anche cercato di impedirne la deportazione in Paesi terzi. \u00abLa cosa pi\u00f9 importante \u00e8 l&#8217;effettivo rilascio\u00bb, ha osservato, aggiungendo che tra i nomi che i palestinesi stanno cercando di includere ci sono anche quelli di prigionieri arabo-israeliani condannati a pesanti pene detentive. Secondo la fonte, la questione dell&#8217;espulsione rimane una delle pi\u00f9 delicate nei negoziati. \u00abI prigionieri espulsi vengono di fatto rilasciati, ma incontrano molte difficolt\u00e0, soprattutto quelli che si trovano in Egitto\u00bb, ha affermato. \u00abFinora non hanno la cittadinanza, non possono muoversi liberamente e l&#8217;Egitto rappresenta per loro una tappa intermedia nel loro viaggio verso altri Paesi, sia in Europa che in Paesi come il Pakistan che accettano prigionieri palestinesi\u00bb. L&#8217;alto funzionario ha sottolineato che la maggior parte dei prigionieri rilasciati in passato \u00abnon sono tornati al terrorismo o alla politica\u00bb e che molti di loro vivono attualmente in varie parti del mondo, isolati dalla scena palestinese.<\/p>\n<p>            2025-10-08 10:44:45<br \/>\n            Hamas: \u00abScambiate liste prigionieri da rilasciare, c&#8217;\u00e8 ottimismo\u00bb<\/p>\n<p>Taher al-Nunu, che fa parte della delegazione di Hamas a Sharm el-Sheikh, in una dichiarazione pubblicata dal gruppo, ha affermato che i mediatori stanno \u00abfacendo grandi sforzi per rimuovere qualsiasi ostacolo all&#8217;attuazione del cessate il fuoco e che uno spirito di ottimismo prevale tra tutti\u00bb. <\/p>\n<p>Lo riporta al-Jazeera. \u00abI negoziati si sono concentrati sui meccanismi per attuare la fine della guerra, il ritiro delle forze di occupazione dalla Striscia di Gaza e lo scambio di prigionieri\u00bb, ha affermato al-Nunu. \u00abLe liste dei prigionieri da rilasciare sono state scambiate oggi secondo i criteri e i numeri concordati. I negoziati indiretti continuano oggi con la partecipazione di tutte le parti e dei mediatori\u00bb, ha aggiunto<\/p>\n<p>            2025-10-08 10:31:22<br \/>\n            Hamas: \u00abScambiate liste prigionieri da rilasciare, c&#8217;\u00e8 ottimismo\u00bb<\/p>\n<p>Israele e Hamas si sono scambiati \u00abliste di prigionieri da rilasciare\u00bb, ha dichiarato all&#8217;Afp un leader di Hamas. \u00abL&#8217;ottimismo prevale tra tutte le parti\u00bb nei colloqui su Gaza<\/p>\n<p>            2025-10-08 08:36:26<br \/>\n            Hamas chiede i corpi di Yahya e Muhammad Sinwar<\/p>\n<p>Hamas chiede la restituzione, nell&#8217;ambito dei negoziati in corso in Egitto per il rilascio degli ostaggi, dei corpi di Yahya Sinwar, l&#8217;ideatore dell&#8217;attacco del 7 ottobre, e di suo fratello Muhammad, anch&#8217;egli eliminato dopo aver assunto il ruolo di leader dell&#8217;organizzazione nella Striscia di Gaza. Lo riporta il Wall Street Journal, citando mediatori arabi, sottolineando che si tratta di una richiesta che Israele ha gi\u00e0 respinto in passato.<\/p>\n<p>            2025-10-08 08:36:00<br \/>\n            Possibile conclusione prima fase piano pace per Gaza prima di venerd\u00ec<\/p>\n<p>La prima fase del piano di pace per Gaza del presidente degli Stati Uniti Donald Trump potrebbe essere finalizzata prima di venerd\u00ec, a condizione che l&#8217;attuale tono ottimistico che circonda i negoziati a Sharm el-Sheikh continui. Lo ha dichiarato una fonte egiziana a conoscenza della questione al giornale di propriet\u00e0 saudita Asharq Al-Awsat.<\/p>\n<p>            2025-10-08 08:35:37<br \/>\n            Qatar: necessarie garanzie internazionali che Israele non riprenda guerra<\/p>\n<p>Sono necessarie \u00abforti garanzie internazionali scritte\u00bb per assicurare che Israele adempia ai propri obblighi. Lo ha detto il portavoce del Ministero degli Esteri del Qatar, Majed al-Ansari, all&#8217;agenzia di stampa saudita Al-Arabiya, aggiungendo che il Qatar vuole garantire che ci\u00f2 che \u00e8 attualmente in fase di negoziazione in Egitto \u2013 il ritorno degli ostaggi, il rilascio dei prigionieri palestinesi e una pausa nei combattimenti \u2013 porter\u00e0 al ritiro di Israele da Gaza, all&#8217;ingresso di maggiori aiuti e alla fine definitiva della guerra.<\/p>\n","protected":false},"excerpt":{"rendered":"2025-10-08 12:23:26 Unicef: 64mila bambini uccisi o mutilati a Gaza \u00a0\u00abDa oltre 700 giorni, i bambini di Gaza&hellip;\n","protected":false},"author":3,"featured_media":153338,"comment_status":"","ping_status":"","sticky":false,"template":"","format":"standard","meta":{"footnotes":""},"categories":[6],"tags":[14,73,8673,75,8,72,1537,90,89,7,15,82,9,83,10,13,243,11,80,84,12,81,85],"class_list":{"0":"post-153337","1":"post","2":"type-post","3":"status-publish","4":"format-standard","5":"has-post-thumbnail","7":"category-ultime-notizie","8":"tag-cronaca","9":"tag-gaza","10":"tag-gaza-israele","11":"tag-hamas","12":"tag-headlines","13":"tag-israele","14":"tag-it","15":"tag-italia","16":"tag-italy","17":"tag-news","18":"tag-notizie","19":"tag-notizie-di-cronaca","20":"tag-notizie-principali","21":"tag-notiziedicronaca","22":"tag-notizieprincipali","23":"tag-titoli","24":"tag-ultima-ora","25":"tag-ultime-notizie","26":"tag-ultime-notizie-di-cronaca","27":"tag-ultime-notizie-e-news-di-oggi","28":"tag-ultimenotizie","29":"tag-ultimenotiziedicronaca","30":"tag-ultimenotizieenewsdioggi"},"share_on_mastodon":{"url":"","error":""},"_links":{"self":[{"href":"https:\/\/www.europesays.com\/it\/wp-json\/wp\/v2\/posts\/153337","targetHints":{"allow":["GET"]}}],"collection":[{"href":"https:\/\/www.europesays.com\/it\/wp-json\/wp\/v2\/posts"}],"about":[{"href":"https:\/\/www.europesays.com\/it\/wp-json\/wp\/v2\/types\/post"}],"author":[{"embeddable":true,"href":"https:\/\/www.europesays.com\/it\/wp-json\/wp\/v2\/users\/3"}],"replies":[{"embeddable":true,"href":"https:\/\/www.europesays.com\/it\/wp-json\/wp\/v2\/comments?post=153337"}],"version-history":[{"count":0,"href":"https:\/\/www.europesays.com\/it\/wp-json\/wp\/v2\/posts\/153337\/revisions"}],"wp:featuredmedia":[{"embeddable":true,"href":"https:\/\/www.europesays.com\/it\/wp-json\/wp\/v2\/media\/153338"}],"wp:attachment":[{"href":"https:\/\/www.europesays.com\/it\/wp-json\/wp\/v2\/media?parent=153337"}],"wp:term":[{"taxonomy":"category","embeddable":true,"href":"https:\/\/www.europesays.com\/it\/wp-json\/wp\/v2\/categories?post=153337"},{"taxonomy":"post_tag","embeddable":true,"href":"https:\/\/www.europesays.com\/it\/wp-json\/wp\/v2\/tags?post=153337"}],"curies":[{"name":"wp","href":"https:\/\/api.w.org\/{rel}","templated":true}]}}