{"id":153351,"date":"2025-10-08T13:17:10","date_gmt":"2025-10-08T13:17:10","guid":{"rendered":"https:\/\/www.europesays.com\/it\/153351\/"},"modified":"2025-10-08T13:17:10","modified_gmt":"2025-10-08T13:17:10","slug":"calendario-ciclismo-mondo-2026-fra-le-novita-il-ritorno-dellherald-sun-tour-il-debutto-della-philadelphia-classic-e-la-riapparizione-del-tour-colombia","status":"publish","type":"post","link":"https:\/\/www.europesays.com\/it\/153351\/","title":{"rendered":"Calendario Ciclismo Mondo 2026, fra le novit\u00e0 il ritorno dell&#8217;Herald Sun Tour, il debutto della Philadelphia Classic e la riapparizione del Tour Colombia"},"content":{"rendered":"<p>\t\t\t\t\t<a href=\"https:\/\/cyclingpro.net\/spaziociclismo\/altro\/scopri-lapp-ufficiale-di-spaziociclismo\/\" title=\"\" rel=\"nofollow noopener\" target=\"_blank\"><br \/>\n\t\t\t\t\t\t<img loading=\"lazy\" decoding=\"async\" src=\"https:\/\/www.europesays.com\/it\/wp-content\/uploads\/2025\/09\/1758060682_662_Banner-App-SpazioCiclismo.png\" alt=\"\" width=\"728\" height=\"91\"\/><br \/>\n\t\t\t\t\t<\/a><\/p>\n<p>L\u2019<strong>Unione Ciclistica Internazionale<\/strong> ha da poco pubblicato il calendario completo di tutte le gare professionistiche previste per il 2026. \u201cPreviste\u201d, <strong>perch\u00e9 il fatto che un appuntamento sia stato inserito nella lunghissima lista di corse non \u00e8 garanzia del fatto che poi la corsa in questione si disputi effettivamente<\/strong>. In attesa quindi delle necessarie certezze, che arriveranno pi\u00f9 in l\u00e0, insieme ai contestuali annunci dei vari organizzatori, dando un\u2019occhiata approfondita al Calendario maschile 2026 si notano molti nomi nuovi o gi\u00e0 noti, ma tornati in circolazione dopo periodi pi\u00f9 o meno lunghi di assenza.<\/p>\n<p>Nella lista spicca il <strong>Tour Colombia 2026<\/strong>, <a href=\"https:\/\/cyclingpro.net\/spaziociclismo\/continental\/tour-colombia-2025-la-ministra-dello-sport-dopo-la-cancellazione-della-corsa-due-milioni-di-euro-per-un-evento-che-non-lascia-nulla-al-paese\/\" target=\"_blank\" rel=\"noopener nofollow\">che era saltato nel 2025 per via del taglio del sostegno statale<\/a> dopo un solo anno di \u201cresurrezione\u201d, seguita alle cancellazioni delle edizioni 2021, 2022 e 2023. Le date preventivamente occupate dagli organizzatori sono quelle che vanno dal 3 all\u20198 febbraio 2026. Nel mese di febbraio \u00e8 segnalata anche una riapparizione, quella dell\u2019<strong>Herald Sun Tour 2026<\/strong>, breve corsa a tappe di livello 2.1 che \u00e8 saltata nelle ultime cinque stagioni e che \u00e8 invece sulla via del ritorno per la prossima stagione, <a href=\"https:\/\/cyclingpro.net\/spaziociclismo\/continental\/australia-la-gara-a-tappe-herald-sun-tour-pronta-a-tornare-in-calendario-nel-2026\/\" target=\"_blank\" rel=\"noopener nofollow\">come peraltro gi\u00e0 annunciato dagli organizzatori nei mesi scorsi<\/a>. Le date scelte sono quelle fra il 4 e l\u20198 febbraio, in coda al programma australiano di competizioni che inizia con il Tour Down Under (WorldTour) e prosegue con Surf Coast Classic (corsa promossa al rango 1.Pro) e Cadel Evans Great Ocean (WorldTour).<\/p>\n<p>E febbraio sar\u00e0 un mese denso di novit\u00e0, perch\u00e9 domenica 8 ha trovato posto in calendario anche la <strong>Aveiro Region Champions Classic 2026<\/strong>, corsa annunciata di categoria 1.1 che avr\u00e0 luogo in Portogallo, una settimana prima rispetto alla ormai consolidata Figueira Champions Classic, a far da apripista rispetto alla successiva Volta ao Algarve 2026. Prima ancora, a gennaio, si nota che la <strong>Classica Camp de Morvedre 2026<\/strong>, in programma per il 23 gennaio, sale al rango di gara 1.1, dopo che la sua prima edizione, quella del 2025, era stata caratterizzata come 1.2.<\/p>\n<p>Andando in l\u00e0 con le pagine e detto che delle novit\u00e0 italiane \u2013 <strong>Giro di Sardegna 2026, Gp Emilia 2026, Giro della Magna Grecia 2026, Lyon-Torino 2026 e Gran Premio del Lazio 2026<\/strong> \u2013 <a href=\"https:\/\/cyclingpro.net\/spaziociclismo\/calendario\/calendario-ciclismo-italia-2026-il-programma-delle-corse-nel-nostro-paese-tante-novita-e-qualche-ritorno\/\" target=\"_blank\" rel=\"noopener nofollow\">ne abbiamo parlato a parte<\/a>, in calendario c\u2019\u00e8 anche una novit\u00e0 di categoria 1.1 in Grecia, ovvero il <strong>Region on Dodecanese GP 2026<\/strong>, che \u00e8 in calendario per l\u20191 marzo e che \u00e8 di fatto il frutto della divisione in due parti di quella che era una brevissima corsa a tappe, la Visit South Aegean Island, che nella prossima stagione sar\u00e0 invece gara di un giorno.<\/p>\n<p>Nel novero delle corse professionistiche entrer\u00e0, con il rango di gara 1.1, anche il <strong>Grand Prix Samarkand 2026,<\/strong> previsto per il 20 aprile in Uzbekistan. Spazio anche per una prova in Azerbaijan: fra il 10 e il 14 maggio \u00e8 infatti in programma la <strong>Baku-Khankendi 2026<\/strong>, gara a tappe di categoria 2.1, categoria cui \u00e8 stata promossa la <strong>Fl\u00e8che du Sud 2026<\/strong>, competizione tradizionalmente giovanile che si svolger\u00e0 fra il 13 e il 17 maggio sulle strade del Lussemburgo.<\/p>\n<p>Si arricchisce anche il calendario statunitense, dopo un periodo storico abbastanza avaro sotto questo aspetto. La <strong>Maryland Classic 2026<\/strong> sar\u00e0 una corsa a tappe di livello .Pro e sar\u00e0 anticipata dalla neonata <strong>Philadelphia Classic 2026,<\/strong> in agenda per il 30 agosto, stesso giorno in cui \u00e8 previsto il <strong>Gp Kranj 2026<\/strong>, gara slovena che ha gi\u00e0 una certa tradizione, ma che salir\u00e0 di livello, diventando .1. In quel periodo dell\u2019anno trover\u00e0 posto, se la corsa verr\u00e0 confemata dagli organizzatori, il <strong>Tour of Korea 2026<\/strong>, breve gara a tappe (2.1) che dovrebbe dipanarsi fra il 31 agosto e il 4 settembre e che manca in calendario dal 2019.<\/p>\n<p>Riprender\u00e0 vita, poi, lo <strong>ZLM Tour<\/strong>, breve gara a tappe sulle strade dei Paesi Bassi <a href=\"https:\/\/cyclingpro.net\/spaziociclismo\/continental\/zlm-tour-2025-corsa-annullata-a-causa-del-vertice-nato-di-giugno-senza-lintervento-della-polizia-non-possiamo-garantire-in-modo-sufficiente-la-sicurezza\/\" target=\"_blank\" rel=\"noopener nofollow\">che nel 2025 era saltata per via della concomitanza con un vertice NATO<\/a> e con le relative problematiche legate alla sicurezza delle strade. L\u00ec si correr\u00e0 fra il 2 e il 6 settembre, mentre i pedali dei professionisti gireranno anche a Hong Kong, nel mese di ottobre: il giorno 11, infatti, \u00e8 in agenda il <strong>Sun Hung Kai Cyclothon 2026<\/strong>, gara di un giorno di categoria .1.<\/p>\n","protected":false},"excerpt":{"rendered":"L\u2019Unione Ciclistica Internazionale ha da poco pubblicato il calendario completo di tutte le gare professionistiche previste per il&hellip;\n","protected":false},"author":3,"featured_media":153352,"comment_status":"","ping_status":"","sticky":false,"template":"","format":"standard","meta":{"footnotes":""},"categories":[1456],"tags":[1824,1825,1537,90,89,245,244,3148],"class_list":{"0":"post-153351","1":"post","2":"type-post","3":"status-publish","4":"format-standard","5":"has-post-thumbnail","7":"category-ciclismo","8":"tag-ciclismo","9":"tag-cycling","10":"tag-it","11":"tag-italia","12":"tag-italy","13":"tag-sport","14":"tag-sports","15":"tag-uci"},"share_on_mastodon":{"url":"","error":""},"_links":{"self":[{"href":"https:\/\/www.europesays.com\/it\/wp-json\/wp\/v2\/posts\/153351","targetHints":{"allow":["GET"]}}],"collection":[{"href":"https:\/\/www.europesays.com\/it\/wp-json\/wp\/v2\/posts"}],"about":[{"href":"https:\/\/www.europesays.com\/it\/wp-json\/wp\/v2\/types\/post"}],"author":[{"embeddable":true,"href":"https:\/\/www.europesays.com\/it\/wp-json\/wp\/v2\/users\/3"}],"replies":[{"embeddable":true,"href":"https:\/\/www.europesays.com\/it\/wp-json\/wp\/v2\/comments?post=153351"}],"version-history":[{"count":0,"href":"https:\/\/www.europesays.com\/it\/wp-json\/wp\/v2\/posts\/153351\/revisions"}],"wp:featuredmedia":[{"embeddable":true,"href":"https:\/\/www.europesays.com\/it\/wp-json\/wp\/v2\/media\/153352"}],"wp:attachment":[{"href":"https:\/\/www.europesays.com\/it\/wp-json\/wp\/v2\/media?parent=153351"}],"wp:term":[{"taxonomy":"category","embeddable":true,"href":"https:\/\/www.europesays.com\/it\/wp-json\/wp\/v2\/categories?post=153351"},{"taxonomy":"post_tag","embeddable":true,"href":"https:\/\/www.europesays.com\/it\/wp-json\/wp\/v2\/tags?post=153351"}],"curies":[{"name":"wp","href":"https:\/\/api.w.org\/{rel}","templated":true}]}}