{"id":153361,"date":"2025-10-08T13:23:17","date_gmt":"2025-10-08T13:23:17","guid":{"rendered":"https:\/\/www.europesays.com\/it\/153361\/"},"modified":"2025-10-08T13:23:17","modified_gmt":"2025-10-08T13:23:17","slug":"lurate-caccivio-co-la-mensa-di-larchs-come-padiglione-nel-verde","status":"publish","type":"post","link":"https:\/\/www.europesays.com\/it\/153361\/","title":{"rendered":"Lurate Caccivio (Co), la mensa di Larchs come padiglione nel verde"},"content":{"rendered":"<p>Dopo la <a href=\"https:\/\/www.professionearchitetto.it\/news\/notizie\/32617\/Lurate-Caccivio-Co-al-posto-del-bocciodromo-irrompe-la-palestra-di-Larchs\" target=\"_blank\" rel=\"nofollow noopener\">palestra<\/a> realizzata al posto di un vecchio bocciodromo, a Lurate Caccivio (Como) lo studio\u00a0<strong>Colombo\/Molteni Larchs Architettura<\/strong> con <strong>Alessandro Gaffuri<\/strong> termina un&#8217;altra opera: la mensa della scuola primaria.<\/p>\n<p>Uno spazio contemporaneo e radicato nel suo contesto, pensato come un&#8217;occasione per ridefinire il rapporto tra la scuola e il suo giardino che rappresenta &#8211; affermano i titolari dello studio, <strong>Emauele Colombo e Paolo Molteni<\/strong> &#8211; \u00abun unicum identitario insieme al corpo principale\u00bb.<\/p>\n<p>Il padiglione nel verde, realizzato in sostituzione del vecchio refettorio, \u00e8 formato da un volume compatto e articolato, ma allo stesso tempo aperto e permeabile. Il grande refettorio \u00e8 concepito come un ambiente unitario che si apre sul giardino per mezzo di una grande vetrata. Al suo fianco un corpo pi\u00f9 basso che ospita la distribuzione dei pasti, i locali di servizio, gli spogliatoi e i servizi igienici.<\/p>\n<p>\u00a0\u00ab<strong>Il momento del pasto diventa esperienza collettiva e inclusiva, arricchita dalla luce naturale, dai colori delle stagioni, dalla percezione diretta della natura che circonda i bambini<\/strong>\u00bb, affermano gli architetti in una nota.<\/p>\n<p><img src=\"https:\/\/www.europesays.com\/it\/wp-content\/uploads\/2025\/10\/MARCELLO_MARIANA_MA_01.jpg\" border=\"0\" alt=\"\" width=\"800\" height=\"664\" loading=\"lazy\" decoding=\"async\"\/><\/p>\n<p><img src=\"https:\/\/www.europesays.com\/it\/wp-content\/uploads\/2025\/10\/MARCELLO_MARIANA_MA_02.jpg\" border=\"0\" alt=\"\" width=\"800\" height=\"982\" loading=\"lazy\" decoding=\"async\"\/><\/p>\n<p><img src=\"https:\/\/www.europesays.com\/it\/wp-content\/uploads\/2025\/10\/MARCELLO_MARIANA_MA_03.jpg\" border=\"0\" alt=\"\" width=\"800\" height=\"963\" loading=\"lazy\" decoding=\"async\"\/><\/p>\n<p class=\"didascalia\">Fotografie di \u00a9 Marcello Mariana Fotografia<\/p>\n<p>Un disimpegno connette direttamente al corpo principale della scuola; mentre una pensilina metallica leggera la congiunge alla palestra. Il piano di calpestio interno posto quasi alla stessa quota dell&#8217;esterno stabilisce un contatto ancora pi\u00f9 diretto con il giardino, rafforzando la relazione tra interno ed esterno.<\/p>\n<p>Il progetto ridefinisce anche gli spazi aperti: \u00abIl giardino &#8211; spiegano i progettisti &#8211; viene ampliato e potenziato: le superfici asfaltate sono sostituite da nuove aree verdi, integrate da alberature e arbusti che arricchiscono l&#8217;esperienza sensoriale e restituiscono un paesaggio pi\u00f9 ampio e articolato. Il<strong> nuovo padiglione non solo si inserisce nel giardino, ma contribuisce ad articolarne le geometrie e a riqualificarlo, diventando parte integrante del suo disegno<\/strong>\u00bb.<\/p>\n<p>\u00abLe murature intonacate in tonalit\u00e0 chiare &#8211; proseguono gli architetti &#8211; offrono uno sfondo neutro e luminoso, mentre la grande vetrata in legno segna la facciata principale e diventa elemento identitario, scandendo la continuit\u00e0 tra interno ed esterno\u00bb.<\/p>\n<p>Il tetto &#8211; con la sua geometria trilobata &#8211; \u00e8 rivestito con scaglie di alluminio preverniciato, restituendo una texture cromatica che aggiunge vibrazioni di luce e colore al giardino stesso. Gli oscuranti esterni, in tessuto, completano la ritmica della facciata, rafforzando la tensione dinamica del volume.<\/p>\n<p><img src=\"https:\/\/www.europesays.com\/it\/wp-content\/uploads\/2025\/10\/MARCELLO_MARIANA_MA_04.jpg\" border=\"0\" alt=\"\" width=\"800\" height=\"971\" loading=\"lazy\" decoding=\"async\"\/><\/p>\n<p><img src=\"https:\/\/www.europesays.com\/it\/wp-content\/uploads\/2025\/10\/MARCELLO_MARIANA_MA_05.jpg\" border=\"0\" alt=\"\" width=\"800\" height=\"944\" loading=\"lazy\" decoding=\"async\"\/><\/p>\n<p><img src=\"https:\/\/www.europesays.com\/it\/wp-content\/uploads\/2025\/10\/MARCELLO_MARIANA_MA_06.jpg\" border=\"0\" alt=\"\" width=\"800\" height=\"956\" loading=\"lazy\" decoding=\"async\"\/><\/p>\n<p class=\"didascalia\">Fotografie di \u00a9 Marcello Mariana Fotografia<\/p>\n<p>\u00abGli spazi interni &#8211; spiegano ancora i progettisti &#8211; amplificano la torsione dinamica del volume, definendo una sorta di cassa armonica pronta a dare voce alla ricreazione degli studenti. I pavimenti vinilici garantiscono funzionalit\u00e0 e continuit\u00e0 materica, i rivestimenti in gr\u00e8s definiscono i locali di servizio, i controsoffitti delle geometrie sorprendenti assicurano un&#8217;adeguata qualit\u00e0 acustica allo spazio del refettorio. Tutto concorre a costruire un ambiente ordinato, luminoso e sereno, in cui ogni elemento tecnico diventa parte di un insieme unitario, che lega il fruitore allo spazio che lo circonda\u00bb.<\/p>\n<p>La nuova mensa \u00e8 &#8211; concludono &#8211; \u00ab<strong>un luogo di comunit\u00e0, un padiglione che non \u00e8 semplice fruizione di un servizio, ma esperienza educativa e collettiva, in cui architettura e paesaggio diventano strumenti di benessere e di bellezza quotidiana per i bambini della scuola<\/strong>\u00bb.<\/p>\n<p><img src=\"https:\/\/www.europesays.com\/it\/wp-content\/uploads\/2025\/10\/MARCELLO_MARIANA_MA_07.jpg\" border=\"0\" alt=\"\" width=\"800\" height=\"654\" loading=\"lazy\" decoding=\"async\"\/><\/p>\n<p><img src=\"https:\/\/www.europesays.com\/it\/wp-content\/uploads\/2025\/10\/MARCELLO_MARIANA_MA_08.jpg\" border=\"0\" alt=\"\" width=\"800\" height=\"968\" loading=\"lazy\" decoding=\"async\"\/><\/p>\n<p><img src=\"https:\/\/www.europesays.com\/it\/wp-content\/uploads\/2025\/10\/MARCELLO_MARIANA_MA_09.jpg\" border=\"0\" alt=\"\" width=\"800\" height=\"639\" loading=\"lazy\" decoding=\"async\"\/><\/p>\n<p class=\"didascalia\">Fotografie di \u00a9 Marcello Mariana Fotografia<\/p>\n<p><img src=\"https:\/\/www.europesays.com\/it\/wp-content\/uploads\/2025\/10\/MARCELLO_MARIANA_MA_10.jpg\" border=\"0\" alt=\"\" width=\"800\" height=\"984\" loading=\"lazy\" decoding=\"async\"\/><\/p>\n<p><img src=\"https:\/\/www.europesays.com\/it\/wp-content\/uploads\/2025\/10\/MARCELLO_MARIANA_MA_11.jpg\" border=\"0\" alt=\"\" width=\"800\" height=\"1004\" loading=\"lazy\" decoding=\"async\"\/><\/p>\n<p><img src=\"https:\/\/www.europesays.com\/it\/wp-content\/uploads\/2025\/10\/MARCELLO_MARIANA_MA_12.jpg\" border=\"0\" alt=\"\" width=\"800\" height=\"980\" loading=\"lazy\" decoding=\"async\"\/><\/p>\n<p><img src=\"https:\/\/www.europesays.com\/it\/wp-content\/uploads\/2025\/10\/MARCELLO_MARIANA_MA_13.jpg\" border=\"0\" alt=\"\" width=\"800\" height=\"999\" loading=\"lazy\" decoding=\"async\"\/><\/p>\n<p><img src=\"https:\/\/www.europesays.com\/it\/wp-content\/uploads\/2025\/10\/MARCELLO_MARIANA_MA_14.jpg\" border=\"0\" alt=\"\" width=\"800\" height=\"980\" loading=\"lazy\" decoding=\"async\"\/><\/p>\n<p><img src=\"https:\/\/www.europesays.com\/it\/wp-content\/uploads\/2025\/10\/MARCELLO_MARIANA_MA_15.jpg\" border=\"0\" alt=\"\" width=\"800\" height=\"1016\" loading=\"lazy\" decoding=\"async\"\/><\/p>\n<p><img src=\"https:\/\/www.europesays.com\/it\/wp-content\/uploads\/2025\/10\/MARCELLO_MARIANA_MA_16.jpg\" border=\"0\" alt=\"\" width=\"800\" height=\"964\" loading=\"lazy\" decoding=\"async\"\/><\/p>\n<p><img src=\"https:\/\/www.europesays.com\/it\/wp-content\/uploads\/2025\/10\/MARCELLO_MARIANA_MA_17.jpg\" border=\"0\" alt=\"\" width=\"800\" height=\"642\" loading=\"lazy\" decoding=\"async\"\/><\/p>\n<p><img src=\"https:\/\/www.europesays.com\/it\/wp-content\/uploads\/2025\/10\/MARCELLO_MARIANA_MA_18.jpg\" border=\"0\" alt=\"\" width=\"800\" height=\"996\" loading=\"lazy\" decoding=\"async\"\/><\/p>\n<p class=\"didascalia\">Fotografie di \u00a9 Marcello Mariana Fotografia<\/p>\n<p class=\"spaceup\">CREDITI DEL PROGETTO<\/p>\n<p class=\"infonote\">Progettazione architettonica: Colombo\/Molteni Larchs Architettura con arch. A. Gaffuri\u00a0<br \/>Progettazione strutturale: Colombo Engineering<br \/>Progettazione impianto termico\/idrico: Ing. A. Chiesa <br \/>Progettazione impianto elettrico: Per.Ind. M. Sala Tesciat <\/p>\n<p>Consulenza acustica: Arch. A. Giuliano <br \/>Sicurezza: Arch. S. Cacia <\/p>\n<p>Impresa costruttrice: Delta Como S.r.l. <\/p>\n<p>Fotografie: Marcello Mariana Fotografia<\/p>\n<p class=\"infonote spaceup\">\u00a9 RIPRODUZIONE RISERVATA<\/p>\n<p>pubblicato il: 08\/10\/2025 <\/p>\n","protected":false},"excerpt":{"rendered":"Dopo la palestra realizzata al posto di un vecchio bocciodromo, a Lurate Caccivio (Como) lo studio\u00a0Colombo\/Molteni Larchs Architettura&hellip;\n","protected":false},"author":3,"featured_media":153362,"comment_status":"","ping_status":"","sticky":false,"template":"","format":"standard","meta":{"footnotes":""},"categories":[1446],"tags":[1615,1613,1614,1611,1610,1612,203,204,1537,90,89],"class_list":{"0":"post-153361","1":"post","2":"type-post","3":"status-publish","4":"format-standard","5":"has-post-thumbnail","7":"category-arte-e-design","8":"tag-arte","9":"tag-arte-e-design","10":"tag-arteedesign","11":"tag-arts","12":"tag-arts-and-design","13":"tag-design","14":"tag-entertainment","15":"tag-intrattenimento","16":"tag-it","17":"tag-italia","18":"tag-italy"},"share_on_mastodon":{"url":"","error":""},"_links":{"self":[{"href":"https:\/\/www.europesays.com\/it\/wp-json\/wp\/v2\/posts\/153361","targetHints":{"allow":["GET"]}}],"collection":[{"href":"https:\/\/www.europesays.com\/it\/wp-json\/wp\/v2\/posts"}],"about":[{"href":"https:\/\/www.europesays.com\/it\/wp-json\/wp\/v2\/types\/post"}],"author":[{"embeddable":true,"href":"https:\/\/www.europesays.com\/it\/wp-json\/wp\/v2\/users\/3"}],"replies":[{"embeddable":true,"href":"https:\/\/www.europesays.com\/it\/wp-json\/wp\/v2\/comments?post=153361"}],"version-history":[{"count":0,"href":"https:\/\/www.europesays.com\/it\/wp-json\/wp\/v2\/posts\/153361\/revisions"}],"wp:featuredmedia":[{"embeddable":true,"href":"https:\/\/www.europesays.com\/it\/wp-json\/wp\/v2\/media\/153362"}],"wp:attachment":[{"href":"https:\/\/www.europesays.com\/it\/wp-json\/wp\/v2\/media?parent=153361"}],"wp:term":[{"taxonomy":"category","embeddable":true,"href":"https:\/\/www.europesays.com\/it\/wp-json\/wp\/v2\/categories?post=153361"},{"taxonomy":"post_tag","embeddable":true,"href":"https:\/\/www.europesays.com\/it\/wp-json\/wp\/v2\/tags?post=153361"}],"curies":[{"name":"wp","href":"https:\/\/api.w.org\/{rel}","templated":true}]}}