{"id":153412,"date":"2025-10-08T13:53:26","date_gmt":"2025-10-08T13:53:26","guid":{"rendered":"https:\/\/www.europesays.com\/it\/153412\/"},"modified":"2025-10-08T13:53:26","modified_gmt":"2025-10-08T13:53:26","slug":"donatella-dazzo-lutto-a-radio-company-tumore-uccide-una-delle-voci-storiche-dellemittente","status":"publish","type":"post","link":"https:\/\/www.europesays.com\/it\/153412\/","title":{"rendered":"Donatella Dazzo, lutto a Radio Company: tumore uccide una delle voci storiche dell&#8217;emittente"},"content":{"rendered":"<p>    di<br \/>\n    Federica Gabrieli<\/p>\n<p class=\"summary-art is-line-h-12\">Un giorno il direttore artistico Mauro Tonello le affid\u00f2 una trasmissione il sabato mattina: nacque cos\u00ec &#8220;Non chiamatemi Donatella&#8221;: \u00abGrazie agli ascoltatori ho meno paura del microfono\u00bb<\/p>\n<p class=\"chapter-paragraph\">Quando <b>Donatella Dazzo entr\u00f2 in Radio Company<\/b>, nessuno la conosceva. Non era una speaker, n\u00e9 una tecnica, n\u00e9 una giornalista. La sua mansione era semplice, eppure essenziale: <b>puliva, sistemava, riordinava<\/b>. Si prendeva cura degli ambienti e delle persone. C\u2019era chi la vedeva passare con lo straccio in mano e chi la salutava con un sorriso, sapendo che senza di lei nulla <b>sarebbe stato davvero pronto. <\/b>Ma lei c\u2019era, sempre, con il sorriso gentile e la disponibilit\u00e0 infinita. E da quel momento, non se ne \u00e8 mai pi\u00f9 andata.<\/p>\n<p>    La prima ad arrivare<\/p>\n<p class=\"chapter-paragraph\">Ogni mattina, alle 6.30, era lei ad andare a prendere i giornali, perch\u00e9 le notizie fossero pronte per la redazione.<b> Se qualcuno stava male, Donatella passava in farmacia.<\/b> Sistemava le sale, lavava, riordinava e accudiva. Perch\u00e9 s\u00ec, la sua vera mansione era questa: prendersi cura. Delle cose, dei luoghi, delle persone. Era nata il 29 luglio del 1958 a Saonara (Padova). In Radio Company ha <b>passato pi\u00f9 di trent\u2019anni<\/b>, e lentamente, con pazienza e dedizione, \u00e8 diventata molto di pi\u00f9 di ci\u00f2 che faceva. \u00c8<b> diventata parte della famiglia. Vent&#8217;anni fa<\/b>, in un momento in cui la radio contava ancora solo 7-8 persone, il direttore artistico<b> Mauro Tonello <\/b>decise di fare una scelta che avrebbe cambiato tutto: le affid\u00f2 una trasmissione tutta sua, il sabato mattina. Nacque cos\u00ec <b>\u00abNon chiamatemi Donatella\u00bb<\/b>, una rubrica semplice, umana, fatta di consigli pratici, aneddoti, battute e tanto cuore. Dony, come la chiamavano tutti, conquist\u00f2 subito il pubblico.    &#13;<br \/>\n&#13;<br \/>\n&#13;<br \/>\n&#13;<br \/>\n&#13;<br \/>\n&#13;<br \/>\n&#13;<br \/>\n&#13;<br \/>\n&#13;<br \/>\n&#13;<br \/>\n&#13;<br \/>\n&#13;<br \/>\n&#13;<br \/>\n&#13;<br \/>\n&#13;<br \/>\n&#13;<br \/>\n&#13;<br \/>\n&#13;<br \/>\n&#13;<br \/>\n&#13;<br \/>\n&#13;<br \/>\n&#13;<br \/>\n&#13;<br \/>\n&#13;<br \/>\n&#13;<br \/>\n&#13;<br \/>\n&#13;<br \/>\n&#13;<br \/>\n&#13;<br \/>\n&#13;<br \/>\n&#13;<br \/>\n&#13;<br \/>\n&#13;<br \/>\n&#13;<br \/>\n&#13;<br \/>\n&#13;<br \/>\n&#13;<br \/>\n&#13;<br \/>\n&#13;<br \/>\n&#13;<br \/>\n&#13;<br \/>\n&#13;<br \/>\n&#13;<br \/>\n&#13;<br \/>\n&#13;<br \/>\n&#13;<br \/>\n&#13;<br \/>\n&#13;<br \/>\n&#13;<br \/>\n&#13;<br \/>\n&#13;<br \/>\n&#13;<br \/>\n&#13;\n<\/p>\n<p>    La lunga lotta con la malattia<\/p>\n<p class=\"chapter-paragraph\">\u00abEra la nostra sorella maggiore, il nostro angelo custode\u00bb &#8211;<b> la ricorda con emozione Tonello<\/b>&#8211; \u00abNon si \u00e8 mai risparmiata, ha dato tutta se stessa. Anche negli ultimi anni, durante la malattia, non ha mai mollato. Fino all\u2019ultimo\u00bb.<br \/>Donatella se n\u2019\u00e8 andata luned\u00ec pomeriggio, a 67 anni, dopo aver combattuto con coraggio una lunga <b>battaglia contro un tumore<\/b> alla colonna vertebrale, diagnosticato quando ormai era troppo tardi. In un\u2019intervista del 2023, raccont\u00f2 con lucidit\u00e0 e umilt\u00e0 la sua odissea tra analisi sbagliate e medici incerti, finch\u00e9 un giovane <b>dottore non cap\u00ec tutto<\/b> <b>e la mand\u00f2<\/b> a fare esami specifici. Dopo l\u2019intervento, riusc\u00ec persino a tornare a camminare. \u00abVoglio solo ringraziarlo\u00bb, aveva detto, \u00abmi ha restituito un pezzo di vita\u00bb.<\/p>\n<p>    \u00abUna persona semplice\u00bb<\/p>\n<p class=\"chapter-paragraph\">Viveva a Padova e lascia il figlio Paolo e il nipote Nicolas, suo grande orgoglio. Il suo modo di raccontarsi,<b> semplice e diretto<\/b>, aveva conquistato migliaia di ascoltatori. Lei stessa, sul sito della radio, scriveva: \u00abSono Donatella, meglio conosciuta come Dony. <b>Faccio parte della famiglia Company da tanti anni.<\/b> Grazie all\u2019appoggio degli ascoltatori ho meno paura del microfono e spero che la semplicit\u00e0 dei miei consigli sia davvero utile. Questo mi fa sentire importante e pi\u00f9 vicina a voi\u00bb. Oggi, che quella voce si \u00e8 spenta, rimane il suono indelebile della sua umanit\u00e0. Quella che non si costruisce <b>davanti a un microfono, ma dietro le quinte<\/b>, passando il mocio o preparando il caff\u00e8, con l\u2019anima piena d\u2019amore e il cuore aperto agli altri. Donatella Dazzo era tutto questo. E molto di pi\u00f9. Una donna che ha vissuto la radio prima con le mani, poi con la voce. E sempre con il cuore.<\/p>\n<p class=\"chapter-paragraph\">Il funerale avr\u00e0 luogo venerd\u00ec 10 ottobre 2025 alle ore 10.30 nella chiesa del Cristo Risorto, partendo dalla Casa Funeraria Brogio (via Matteotti 67, Cadoneghe) alle ore 10.10.<\/p>\n<p class=\"is-mr-t-20 is-mr-b-20\"><b><br \/>\n                                    <a href=\"https:\/\/corrieredelveneto.corriere.it\/padova\/?intcmp=Notizielocali_nd_010623_corriere_ss_padova\" target=\"_blank\" rel=\"nofollow noopener\">Vai a tutte le notizie di Padova<\/a><br \/>\n                        <\/b><\/p>\n<p class=\"chapter-paragraph\"><b><a href=\"https:\/\/www.corriere.it\/newsletter\/?theme=39&amp;intcmp=NL-artic_nd_060624_corriere_ss_veneto\" target=\"_blank\" rel=\"nofollow noopener\">Iscriviti alla newsletter del Corriere del Veneto<\/a><\/b><\/p>\n<p class=\"is-last-update\" datetime=\"2025-10-07T19:29:58+02:00\">7 ottobre 2025 ( modifica il 7 ottobre 2025 | 19:29)<\/p>\n<p class=\"is-copyright\">\n            \u00a9 RIPRODUZIONE RISERVATA\n        <\/p>\n","protected":false},"excerpt":{"rendered":"di Federica Gabrieli Un giorno il direttore artistico Mauro Tonello le affid\u00f2 una trasmissione il sabato mattina: nacque&hellip;\n","protected":false},"author":3,"featured_media":153413,"comment_status":"","ping_status":"","sticky":false,"template":"","format":"standard","meta":{"footnotes":""},"categories":[1443],"tags":[23210,94995,94996,1961,11185,94997,94998,23800,94999,95000,62959,95001,12407,16662,6036,2664,1278,94991,1109,95002,95003,13035,12424,94992,95004,203,1909,204,1537,90,89,1258,370,95005,4557,95006,95007,26758,95008,37203,1538,1539,4061,94993,14493,94994],"class_list":{"0":"post-153412","1":"post","2":"type-post","3":"status-publish","4":"format-standard","5":"has-post-thumbnail","7":"category-musica","8":"tag-affido","9":"tag-affido-trasmissione","10":"tag-affido-trasmissione-sabato","11":"tag-andata","12":"tag-artistico","13":"tag-artistico-mauro","14":"tag-artistico-mauro-tonello","15":"tag-ascoltatori","16":"tag-ascoltatori-paura","17":"tag-ascoltatori-paura-microfono","18":"tag-chiamatemi","19":"tag-chiamatemi-donatella","20":"tag-company","21":"tag-consigli","22":"tag-cuore","23":"tag-cura","24":"tag-davvero","25":"tag-dazzo","26":"tag-direttore","27":"tag-direttore-artistico","28":"tag-direttore-artistico-mauro","29":"tag-diventata","30":"tag-donatella","31":"tag-donatella-dazzo","32":"tag-dony","33":"tag-entertainment","34":"tag-famiglia","35":"tag-intrattenimento","36":"tag-it","37":"tag-italia","38":"tag-italy","39":"tag-lunga","40":"tag-malattia","41":"tag-mansione","42":"tag-mattina","43":"tag-mattina-nacque","44":"tag-mattina-nacque-chiamatemi","45":"tag-mauro","46":"tag-mauro-tonello","47":"tag-microfono","48":"tag-music","49":"tag-musica","50":"tag-radio","51":"tag-radio-company","52":"tag-semplice","53":"tag-tonello"},"share_on_mastodon":{"url":"","error":""},"_links":{"self":[{"href":"https:\/\/www.europesays.com\/it\/wp-json\/wp\/v2\/posts\/153412","targetHints":{"allow":["GET"]}}],"collection":[{"href":"https:\/\/www.europesays.com\/it\/wp-json\/wp\/v2\/posts"}],"about":[{"href":"https:\/\/www.europesays.com\/it\/wp-json\/wp\/v2\/types\/post"}],"author":[{"embeddable":true,"href":"https:\/\/www.europesays.com\/it\/wp-json\/wp\/v2\/users\/3"}],"replies":[{"embeddable":true,"href":"https:\/\/www.europesays.com\/it\/wp-json\/wp\/v2\/comments?post=153412"}],"version-history":[{"count":0,"href":"https:\/\/www.europesays.com\/it\/wp-json\/wp\/v2\/posts\/153412\/revisions"}],"wp:featuredmedia":[{"embeddable":true,"href":"https:\/\/www.europesays.com\/it\/wp-json\/wp\/v2\/media\/153413"}],"wp:attachment":[{"href":"https:\/\/www.europesays.com\/it\/wp-json\/wp\/v2\/media?parent=153412"}],"wp:term":[{"taxonomy":"category","embeddable":true,"href":"https:\/\/www.europesays.com\/it\/wp-json\/wp\/v2\/categories?post=153412"},{"taxonomy":"post_tag","embeddable":true,"href":"https:\/\/www.europesays.com\/it\/wp-json\/wp\/v2\/tags?post=153412"}],"curies":[{"name":"wp","href":"https:\/\/api.w.org\/{rel}","templated":true}]}}