{"id":153504,"date":"2025-10-08T14:48:14","date_gmt":"2025-10-08T14:48:14","guid":{"rendered":"https:\/\/www.europesays.com\/it\/153504\/"},"modified":"2025-10-08T14:48:14","modified_gmt":"2025-10-08T14:48:14","slug":"il-diavolo-veste-prada-2-e-invade-milano-mappa-completa-delle-riprese-in-citta-e-donatella-versace-spunta-nel-cast","status":"publish","type":"post","link":"https:\/\/www.europesays.com\/it\/153504\/","title":{"rendered":"Il diavolo veste Prada 2\u2026 e invade Milano: mappa completa delle riprese in citt\u00e0 (e Donatella Versace spunta nel cast)"},"content":{"rendered":"<p>Nulla togliere a New York e Parigi: la stessa Milano sta reggendo la sua parte egregiamente. Le sue strade sono diventate una passerella a cielo aperto: in <strong>Piazza della Scala<\/strong> sarebbero state girate scene notturne, in <strong>Galleria Vittorio Emanuele II<\/strong> attimi frenetici con shopping bag al seguito, mentre &#8211; in <strong>via Piranesi<\/strong> &#8211; la realt\u00e0 sembrerebbe aver incontrato la finzione nello <strong>showroom di Riccardo Grassi<\/strong> per il casting delle comparse.<\/p>\n<p>Oltre duemila persone sono state selezionate a Milano, la citt\u00e0 perfetta per includere nel cast chi lavora davvero nella moda, nel design, o chi semplicemente ha un guardaroba che parla da s\u00e9. Senza dimenticare che Milano, con la sua fashion week, <a href=\"https:\/\/www.vanityfair.it\/article\/dolce-gabbana-primavera-estate-2026-diavolo-veste-prada-2\" target=\"_blank\" rel=\"nofollow noopener\">ha persino trasformato la reale sfilata di Dolce&amp;Gabbana in una scena del film<\/a>.<\/p>\n<p><img decoding=\"async\" alt=\"Anna Hathaway sul set in centro a Milano.\" loading=\"lazy\" class=\"ResponsiveImageContainer-eNxvmU cfBbTk responsive-image__image\"   src=\"https:\/\/www.europesays.com\/it\/wp-content\/uploads\/2025\/10\/IPA_Agency_IPA66280934.jpg\"\/><\/p>\n<p>Anna Hathaway sul set in centro a Milano.<\/p>\n<p>Duilio Piaggesi \/ ipa-agency.netIl diavolo veste Versace?<\/p>\n<p>Sul set milanese, i quattro protagonisti originali \u2014 <a href=\"https:\/\/www.vanityfair.it\/gallery\/meryl-streep-miranda-priestley-e-tornata-il-diavolo-veste-prada-look-abiti-outfit\" target=\"_blank\" rel=\"nofollow noopener\"><strong>Meryl Streep<\/strong><\/a>, <a href=\"https:\/\/www.vanityfair.it\/article\/anne-hathaway-sequel-il-diavolo-veste-prada-primi-look-andy-outfit-abiti\" target=\"_blank\" rel=\"nofollow noopener\"><strong>Anne Hathaway<\/strong><\/a>, <a href=\"https:\/\/www.vanityfair.it\/article\/emily-blunt-intervista-diavolo-veste-prada-2-festival-venezia\" target=\"_blank\" rel=\"nofollow noopener\"><strong>Emily Blunt<\/strong><\/a> e <a href=\"https:\/\/www.vanityfair.it\/article\/miuccia-prada-frasi-sulla-moda-che-ci-hanno-colpito-questa-settimana\" target=\"_blank\" rel=\"nofollow noopener\"><strong>Stanley Tucci<\/strong><\/a> \u2014 si sono calati nuovamente nei propri ruoli come se non li avessero mai abbandonati. C\u2019\u00e8 di nuovo Miranda Priestly, algida e intoccabile. C\u2019\u00e8 Andy Sachs in tutto il suo ritrovato stile (nel frattempo, avr\u00e0 imparato a dire di no?). E c\u2019\u00e8 Emily, che abbiamo conosciuto come la pi\u00f9 impeccabile delle assistenti, e che ora potrebbe essere diventata pi\u00f9 tagliente che mai. <strong>A unirsi alla compagnia, <a href=\"https:\/\/www.vanityfair.it\/article\/belfast-film-kenneth-branagh-trama-recensione-cinema-oscar-autobiografico-irlanda\" target=\"_blank\" rel=\"nofollow noopener\">Kenneth Branagh<\/a>, nel ruolo del marito di Miranda<\/strong>: un\u2019aggiunta che incuriosisce (e non poco).<\/p>\n","protected":false},"excerpt":{"rendered":"Nulla togliere a New York e Parigi: la stessa Milano sta reggendo la sua parte egregiamente. Le sue&hellip;\n","protected":false},"author":3,"featured_media":153505,"comment_status":"","ping_status":"","sticky":false,"template":"","format":"standard","meta":{"footnotes":""},"categories":[1442],"tags":[1674,203,454,20320,204,1537,90,89,1677,72128,1521,11453,22854],"class_list":{"0":"post-153504","1":"post","2":"type-post","3":"status-publish","4":"format-standard","5":"has-post-thumbnail","7":"category-film","8":"tag-anne-hathaway","9":"tag-entertainment","10":"tag-film","11":"tag-film-in-lavorazione","12":"tag-intrattenimento","13":"tag-it","14":"tag-italia","15":"tag-italy","16":"tag-meryl-streep","17":"tag-milano-fashion-week","18":"tag-movies","19":"tag-prada","20":"tag-versace"},"share_on_mastodon":{"url":"","error":""},"_links":{"self":[{"href":"https:\/\/www.europesays.com\/it\/wp-json\/wp\/v2\/posts\/153504","targetHints":{"allow":["GET"]}}],"collection":[{"href":"https:\/\/www.europesays.com\/it\/wp-json\/wp\/v2\/posts"}],"about":[{"href":"https:\/\/www.europesays.com\/it\/wp-json\/wp\/v2\/types\/post"}],"author":[{"embeddable":true,"href":"https:\/\/www.europesays.com\/it\/wp-json\/wp\/v2\/users\/3"}],"replies":[{"embeddable":true,"href":"https:\/\/www.europesays.com\/it\/wp-json\/wp\/v2\/comments?post=153504"}],"version-history":[{"count":0,"href":"https:\/\/www.europesays.com\/it\/wp-json\/wp\/v2\/posts\/153504\/revisions"}],"wp:featuredmedia":[{"embeddable":true,"href":"https:\/\/www.europesays.com\/it\/wp-json\/wp\/v2\/media\/153505"}],"wp:attachment":[{"href":"https:\/\/www.europesays.com\/it\/wp-json\/wp\/v2\/media?parent=153504"}],"wp:term":[{"taxonomy":"category","embeddable":true,"href":"https:\/\/www.europesays.com\/it\/wp-json\/wp\/v2\/categories?post=153504"},{"taxonomy":"post_tag","embeddable":true,"href":"https:\/\/www.europesays.com\/it\/wp-json\/wp\/v2\/tags?post=153504"}],"curies":[{"name":"wp","href":"https:\/\/api.w.org\/{rel}","templated":true}]}}