{"id":153596,"date":"2025-10-08T15:43:11","date_gmt":"2025-10-08T15:43:11","guid":{"rendered":"https:\/\/www.europesays.com\/it\/153596\/"},"modified":"2025-10-08T15:43:11","modified_gmt":"2025-10-08T15:43:11","slug":"inter-in-estate-rivoluzione-in-difesa-il-piano","status":"publish","type":"post","link":"https:\/\/www.europesays.com\/it\/153596\/","title":{"rendered":"Inter, in estate rivoluzione in difesa: il piano"},"content":{"rendered":"<p>Quello in corso sar\u00e0 l\u2019ultimo anno per tre baluardi della difesa nerazzurra, ma la societ\u00e0 non vuole farsi cogliere impreparata<\/p>\n<p><strong>Il prossimo anno la difesa dell\u2019Inter andr\u00e0 incontro a una mezza rivoluzione. I nerazzurri si apprestano a salutare tre calciatori che in questi anni hanno offerto un corposo contributo <\/strong>per tutti i traguardi raggiunti: parliamo ovviamente di <strong>Matteo Darmian,\u00a0 Frencesco Acerbi e Stefan de Vrij, <\/strong>rispettivamente 36 anni a dicembre, 38 anni a febbraio e 34 anni a febbraio. Al di l\u00e0 di qualche eccezione, si sa che per Oaktree la questione anagrafica rappresenta un aspetto di primaria importanza, specie se agli over trenta sono legati ingaggi molto pesanti. Ma se l\u2019addio di Darmian pu\u00f2 essere assorbito senza eccessivi problemi, non si pu\u00f2 dire altrettanto per quanto riguarda i centrali, <strong>ruolo in cui si fa fatica a trovarne di pi\u00f9 affidabili rispetto a quelli dell\u2019Inter. Forse alla fine proprio questa considerazione porter\u00e0 a fare nuove valutazioni su De Vrij, ma non sar\u00e0 facile convincere Oaktree a puntare ancora sull\u2019olandese.\u00a0<\/strong><\/p>\n<p><a href=\"https:\/\/whatsapp.com\/channel\/0029VaVijAc5K3zMuRLvqA09 \" target=\"_blank\" rel=\"nofollow noopener\"><strong>Tutti gli AGGIORNAMENTI in TEMPO REALE! Unisciti al canale WHATSAPP DI CALCIOMERCATO.COM: clicca qui<\/strong><\/a><\/p>\n","protected":false},"excerpt":{"rendered":"Quello in corso sar\u00e0 l\u2019ultimo anno per tre baluardi della difesa nerazzurra, ma la societ\u00e0 non vuole farsi&hellip;\n","protected":false},"author":3,"featured_media":153597,"comment_status":"","ping_status":"","sticky":false,"template":"","format":"standard","meta":{"footnotes":""},"categories":[176],"tags":[353,95076,350,1537,90,89,95075,251,245,244,355],"class_list":{"0":"post-153596","1":"post","2":"type-post","3":"status-publish","4":"format-standard","5":"has-post-thumbnail","7":"category-sport","8":"tag-calciomercato","9":"tag-f-acerbi","10":"tag-inter","11":"tag-it","12":"tag-italia","13":"tag-italy","14":"tag-s-de-vrij","15":"tag-serie-a","16":"tag-sport","17":"tag-sports","18":"tag-transfers"},"share_on_mastodon":{"url":"","error":""},"_links":{"self":[{"href":"https:\/\/www.europesays.com\/it\/wp-json\/wp\/v2\/posts\/153596","targetHints":{"allow":["GET"]}}],"collection":[{"href":"https:\/\/www.europesays.com\/it\/wp-json\/wp\/v2\/posts"}],"about":[{"href":"https:\/\/www.europesays.com\/it\/wp-json\/wp\/v2\/types\/post"}],"author":[{"embeddable":true,"href":"https:\/\/www.europesays.com\/it\/wp-json\/wp\/v2\/users\/3"}],"replies":[{"embeddable":true,"href":"https:\/\/www.europesays.com\/it\/wp-json\/wp\/v2\/comments?post=153596"}],"version-history":[{"count":0,"href":"https:\/\/www.europesays.com\/it\/wp-json\/wp\/v2\/posts\/153596\/revisions"}],"wp:featuredmedia":[{"embeddable":true,"href":"https:\/\/www.europesays.com\/it\/wp-json\/wp\/v2\/media\/153597"}],"wp:attachment":[{"href":"https:\/\/www.europesays.com\/it\/wp-json\/wp\/v2\/media?parent=153596"}],"wp:term":[{"taxonomy":"category","embeddable":true,"href":"https:\/\/www.europesays.com\/it\/wp-json\/wp\/v2\/categories?post=153596"},{"taxonomy":"post_tag","embeddable":true,"href":"https:\/\/www.europesays.com\/it\/wp-json\/wp\/v2\/tags?post=153596"}],"curies":[{"name":"wp","href":"https:\/\/api.w.org\/{rel}","templated":true}]}}