{"id":15361,"date":"2025-07-29T06:23:09","date_gmt":"2025-07-29T06:23:09","guid":{"rendered":"https:\/\/www.europesays.com\/it\/15361\/"},"modified":"2025-07-29T06:23:09","modified_gmt":"2025-07-29T06:23:09","slug":"il-caffe-di-massimo-gramellini-ursula-von-der-leyen-vien-dal-mare-e-linchino-a-trump-sui-dazi","status":"publish","type":"post","link":"https:\/\/www.europesays.com\/it\/15361\/","title":{"rendered":"Il Caff\u00e8 di Massimo Gramellini | Ursula von der Leyen Vien dal Mare e l&#8217;inchino a Trump sui dazi"},"content":{"rendered":"<p class=\"chapter-paragraph\">Non conosco <b>un solo europeo<\/b> di destra, di sinistra, di sopra o di sotto che si senta rappresentato da <b><a href=\"https:\/\/www.corriere.it\/economia\/finanza\/25_luglio_28\/la-doccia-scozzese-sui-dazi-ecco-cosa-ha-dovuto-concedere-l-ue-agli-stati-uniti-in-cambio-dell-accordo-5062c7fb-f87b-4c76-895b-466340069xlk.shtml\" rel=\"nofollow noopener\" target=\"_blank\">Ursula von der Leyen<\/a><\/b>. Senza scomodare Bismarck e Cavour (e poi De Gasperi, Schumann, Adenauer) siamo pur sempre il continente che nell\u2019ultimo mezzo secolo ha espresso <b>Kohl<\/b>, <b>Mitterrand<\/b>, la stessa <b>Merkel<\/b>.\u00a0<\/p>\n<p class=\"chapter-paragraph\">Statisti, ma prima ancora persone con un certo senso di s\u00e9 e della Storia. Per non dire di <b>Draghi<\/b>, che fu capace di ergersi orgogliosamente <b>contro gli speculatori<\/b> americani in difesa dell\u2019euro. Adesso siamo passati da Whatever it takes a <b>Come \u00e8 umano lei<\/b>. Rutte ha trasformato la poltrona di segretario generale della Nato nel puff di Fracchia, con Trump nei panni del burbero capufficio. Quanto alla von der Leyen, per restare alla mitologia fantozziana, le starebbero a pennello i panni della contessa <b>Serbelloni Mazzanti Vien dal Mare<\/b>, tipico esempio di personalit\u00e0 inadeguata al ruolo.    &#13;<br \/>\n&#13;<br \/>\n&#13;<br \/>\n&#13;<br \/>\n&#13;<br \/>\n&#13;<br \/>\n&#13;<br \/>\n&#13;<br \/>\n&#13;<br \/>\n&#13;<br \/>\n&#13;<br \/>\n&#13;<br \/>\n&#13;<br \/>\n&#13;<br \/>\n&#13;<br \/>\n&#13;<br \/>\n&#13;<br \/>\n&#13;<br \/>\n&#13;<br \/>\n&#13;<br \/>\n&#13;<br \/>\n&#13;<br \/>\n&#13;<br \/>\n&#13;<br \/>\n&#13;<br \/>\n&#13;<br \/>\n&#13;<br \/>\n&#13;<br \/>\n&#13;<br \/>\n&#13;<br \/>\n&#13;<br \/>\n&#13;<br \/>\n&#13;<br \/>\n&#13;<br \/>\n&#13;<br \/>\n&#13;<br \/>\n&#13;<br \/>\n&#13;<br \/>\n&#13;<br \/>\n&#13;<br \/>\n&#13;<br \/>\n&#13;<br \/>\n&#13;<br \/>\n&#13;<br \/>\n&#13;<br \/>\n&#13;<br \/>\n&#13;<br \/>\n&#13;<br \/>\n&#13;<br \/>\n&#13;<br \/>\n&#13;<br \/>\n&#13;<br \/>\n&#13;\n<\/p>\n<p class=\"chapter-paragraph\">Come ha fatto implacabilmente notare <a href=\"https:\/\/www.corriere.it\/frammenti-ferruccio-de-bortoli\/25_luglio_28\/27-luglio-2025-giorno-vergognarsi-4afef2da-7308-4d3d-95c5-dca770bf9xlk.shtml\" rel=\"nofollow noopener\" target=\"_blank\">Ferruccio de Bortoli<\/a>, non soltanto sui dazi Ursula Vien dal Mare ha accettato da Trump condizioni inaccettabili, ma <b>si \u00e8 lasciata umiliare<\/b> fin dalla scelta del luogo dell\u2019incontro: non la Casa Bianca o una capitale europea, ma un resort del presidente americano, per di pi\u00f9 in Gran Bretagna, cio\u00e8 in <b>una nazione che dall\u2019Europa \u00e8 addirittura uscita<\/b>. Con tutti questi bulli in circolazione,<b> urge trovare qualcuno che tuteli gli interessi del Vecchio<\/b> (ma non defunto) <b>Continente <\/b>meglio della Serbelloni tedesca e del Fracchia olandese. A qualunque costo.<\/p>\n<p style=\"\">Il Caff\u00e8 di Gramellini vi aspetta qui, da marted\u00ec a sabato. Chi \u00e8 abbonato al Corriere ha a disposizione anche \u00abPrimaOra\u00bb, la newsletter che permette di iniziare al meglio la giornata. Chi non \u00e8 ancora abbonato <a style=\"color:#29abef;text-decoration:underline;\" href=\"https:\/\/www.corriere.it\/abbonati\/\" rel=\"nofollow noopener\" target=\"_blank\">pu\u00f2 trovare qui<\/a> le modalit\u00e0 per farlo e avere accesso a tutti i contenuti del sito, tutte le newsletter e i podcast, e all\u2019archivio storico del giornale.<\/p>\n<p class=\"is-last-update\" datetime=\"2025-07-29T07:57:11+02:00\" content=\"2025-07-29\">29 luglio 2025, 06:53  &#8211; modifica il 29 luglio 2025 | 07:57<\/p>\n<p class=\"is-copyright\">\u00a9 RIPRODUZIONE RISERVATA<\/p>\n","protected":false},"excerpt":{"rendered":"Non conosco un solo europeo di destra, di sinistra, di sopra o di sotto che si senta rappresentato&hellip;\n","protected":false},"author":3,"featured_media":15362,"comment_status":"","ping_status":"","sticky":false,"template":"","format":"standard","meta":{"footnotes":""},"categories":[160],"tags":[18429,14,164,165,277,6515,6516,18430,6519,2050,166,7,15,15180,18431,379,11,167,12,168,13005,18432,18433,18427,18428,161,162,163],"class_list":{"0":"post-15361","1":"post","2":"type-post","3":"status-publish","4":"format-standard","5":"has-post-thumbnail","7":"category-mondo","8":"tag-continente","9":"tag-cronaca","10":"tag-dal-mondo","11":"tag-dalmondo","12":"tag-de","13":"tag-der","14":"tag-der-leyen","15":"tag-fracchia","16":"tag-leyen","17":"tag-mare","18":"tag-mondo","19":"tag-news","20":"tag-notizie","21":"tag-panni","22":"tag-serbelloni","23":"tag-trump","24":"tag-ultime-notizie","25":"tag-ultime-notizie-di-mondo","26":"tag-ultimenotizie","27":"tag-ultimenotiziedimondo","28":"tag-ursula","29":"tag-ursula-vien","30":"tag-ursula-vien-mare","31":"tag-vien","32":"tag-vien-mare","33":"tag-world","34":"tag-world-news","35":"tag-worldnews"},"share_on_mastodon":{"url":"","error":""},"_links":{"self":[{"href":"https:\/\/www.europesays.com\/it\/wp-json\/wp\/v2\/posts\/15361","targetHints":{"allow":["GET"]}}],"collection":[{"href":"https:\/\/www.europesays.com\/it\/wp-json\/wp\/v2\/posts"}],"about":[{"href":"https:\/\/www.europesays.com\/it\/wp-json\/wp\/v2\/types\/post"}],"author":[{"embeddable":true,"href":"https:\/\/www.europesays.com\/it\/wp-json\/wp\/v2\/users\/3"}],"replies":[{"embeddable":true,"href":"https:\/\/www.europesays.com\/it\/wp-json\/wp\/v2\/comments?post=15361"}],"version-history":[{"count":0,"href":"https:\/\/www.europesays.com\/it\/wp-json\/wp\/v2\/posts\/15361\/revisions"}],"wp:featuredmedia":[{"embeddable":true,"href":"https:\/\/www.europesays.com\/it\/wp-json\/wp\/v2\/media\/15362"}],"wp:attachment":[{"href":"https:\/\/www.europesays.com\/it\/wp-json\/wp\/v2\/media?parent=15361"}],"wp:term":[{"taxonomy":"category","embeddable":true,"href":"https:\/\/www.europesays.com\/it\/wp-json\/wp\/v2\/categories?post=15361"},{"taxonomy":"post_tag","embeddable":true,"href":"https:\/\/www.europesays.com\/it\/wp-json\/wp\/v2\/tags?post=15361"}],"curies":[{"name":"wp","href":"https:\/\/api.w.org\/{rel}","templated":true}]}}