{"id":153612,"date":"2025-10-08T15:53:29","date_gmt":"2025-10-08T15:53:29","guid":{"rendered":"https:\/\/www.europesays.com\/it\/153612\/"},"modified":"2025-10-08T15:53:29","modified_gmt":"2025-10-08T15:53:29","slug":"sanita-san-bernardo-25-anni-di-impegno-sociale-per-i-territori-e-le-persone","status":"publish","type":"post","link":"https:\/\/www.europesays.com\/it\/153612\/","title":{"rendered":"Sanit\u00e0. San Bernardo, 25 anni di impegno sociale per i territori e le persone"},"content":{"rendered":"<p>        Da Brindisi al Madagascar, la cooperativa ha fatto del mondo la sua comunit\u00e0<\/p>\n<p>Pubblicato:08-10-2025 16:11<\/p>\n<p>Ultimo aggiornamento:08-10-2025 16:11<\/p>\n<p>        <img width=\"1024\" height=\"768\" src=\"https:\/\/www.europesays.com\/it\/wp-content\/uploads\/2025\/10\/SANITA.-SAN-BERNARDO-25-ANNI-DI-IMPEGNO-SOCIALE-PER-TERRITORI-E-PERSONE-1024x768.jpeg\" class=\"attachment-large size-large wp-post-image\" alt=\"\" loading=\"lazy\" decoding=\"async\"  \/><\/p>\n<p>ROMA \u2013 Con emozione e orgoglio \u00e8 stato<strong> celebrato oggi, nella sala stampa della Camera dei Deputati, il<\/strong> <strong>venticinquesimo anniversario della Cooperativa Sociale San Bernardo<\/strong>. La conferenza, dal titolo \u201925 anni di San Bernardo: dall\u2019assistenza locale alle missioni internazionali. Esperienze, storie e prospettive di una cooperativa che unisce comunit\u00e0 e Paesi\u2019, ha ripercorso un quarto di secolo di impegno, solidariet\u00e0 e crescita condivisa. <strong>Nel corso dell\u2019incontro sono stati presentati i risultati raggiunti e le nuove sfide che attendono la cooperativa<\/strong>: dall\u2019ampliamento dei modelli di assistenza socio-sanitaria innovativa al rafforzamento della cooperazione internazionale e dello scambio di buone pratiche, fino alla promozione di percorsi di formazione e inserimento socio-lavorativo per giovani e persone vulnerabili.<strong> Particolare attenzione \u00e8 stata riservata alla sostenibilit\u00e0 economica e organizzativa<\/strong> e al consolidamento delle <strong>collaborazioni con enti pubblic<\/strong>i, soggetti del <strong>terzo settore e istituzioni<\/strong>. Fondata nel 2000, la San Bernardo ha mosso i suoi primi passi in Puglia con una missione chiara:<strong> mettere al centro la persona, promuovere l\u2019inclusione sociale e offrire assistenza di qualit\u00e0<\/strong>. Da allora, quella che era nata come una realt\u00e0 locale si \u00e8 trasformata in un esempio di cooperazione, capace di coniugare radicamento territoriale e visione globale. Nel territorio della provincia di <strong>Brindisi <\/strong>e oltre, la <strong>cooperativa ha gestito servizi di assistenza domiciliare integrata, teleassistenza, supporti per anziani e persone con disabilit\u00e0, formazione professionale e progetti di inclusione<\/strong>. Ma la sua azione ha presto varcato i confini nazionali: la<strong> San Bernardo ha infatti portato il proprio modello anche all\u2019estero<\/strong>, con missioni umanitarie in <strong>Madagascar, Tanzania e Per\u00f9<\/strong> e con collaborazioni negli <strong>Stati Uniti<\/strong>, esportando competenze e valori fondati sulla dignit\u00e0 della persona.<\/p>\n<p><strong>DOPO 25 ANNI LA COOPERATIVA PENSA AL FUTURO<\/strong><\/p>\n<p>A 25 anni dalla sua nascita, la Cooperativa Sociale San Bernardo si \u00e8 confermata un vero e proprio punto di riferimento nel panorama sociale, simbolo di una comunit\u00e0 che cresce insieme, che costruisce ponti tra culture e che dimostra come l\u2019assistenza, quando animata da passione e visione, possa davvero cambiare la vita delle persone. \u201c<strong>Stiamo pensando al futuro<\/strong>\u2013 ha spiegato all\u2019agenzia Dire il direttore generale della Cooperativa San Bernardo, <strong>Giuseppe Natale<\/strong>\u2013 perch\u00e8 la <strong>nostra priorit\u00e0 \u00e8 guardare con molta attenzione a tutti coloro che hanno ancora necessit\u00e0<\/strong>. Sono 25 anni che facciamo questo lavoro e vogliamo continuare lungo questa strada, soprattutto le missioni internazionali nei Paesi sottosviluppati, e<strong> vogliamo continuare con l\u2019assistenza domiciliare<\/strong>, perch\u00e8 i nostri medici e i nostri infermieri entrano soprattutto nelle case di tanti cittadini: questa sar\u00e0 la nostra missione per il futuro\u201d. \u201cQuesta realt\u00e0- ha poi ricordato- \u00e8 nata <strong>nel 2000<\/strong>, quando <strong>nove donne decisero di formare la Cooperativa San Bernardo<\/strong>. C\u2019era la necessit\u00e0 di dare occupazione e servizi alla cittadinanza: partiamo, dunque, veramente da molto lontano, quando questi strumenti di visibilit\u00e0 non c\u2019erano e si viveva alla giornata\u201d.<\/p>\n<p><strong>ZULLO: IL DOMICILIO DEVE ESSERE IL LUOGO PRIVILEGIATO DI CURA<\/strong><\/p>\n<p>La conferenza ha visto la partecipazione di numerose figure istituzionali e del mondo del sociale. \u201cAbbiamo tanta necessit\u00e0 di territorializzare l\u2019assistenza sanitaria. Il <strong>domicilio<\/strong>\u2013 ha dichiarato il senatore <strong>Ignazio Zullo<\/strong>, capogruppo di Fratelli d\u2019Italia in X Commissione permanente del Senato (Affari sociali, sanit\u00e0, lavoro pubblico e privato, previdenza sociale)- <strong>deve essere il luogo privilegiato di cura<\/strong>, dove il paziente, che spesso \u00e8 una persona fragile, deve <strong>sentirsi circondato dai suoi affetti<\/strong>. Dobbiamo portare i servizi a domicilio perch\u00e8 <strong>c\u2019\u00e8 molta ospedalizzazione inappropriata<\/strong>, e questo incide anche sulla sostenibilit\u00e0 economico-finanziaria del Servizio sanitario nazionale\u201d.<\/p>\n<p><strong>IAIA: UNA COOPERATIVA SEMPRE ACCANTO AI PI\u00d9 DEBOLI<\/strong><\/p>\n<p>\u201cSono felice di essere qui- ha affermato <strong>Dario Iaia<\/strong>, Fratelli d\u2019Italia, membro dell\u2019VIII Commissione Camera (Ambiente, territorio, lavori pubblici)- e faccio gli auguri alla San Bernardo, all\u2019amico Giuseppe Natale e a tutti gli associati e componenti della Cooperativa. \u00c8 <strong>una realt\u00e0 splendida della nostra Puglia<\/strong>, che <strong>opera <\/strong>non solo<strong> nel territorio nazionale ma anche all\u2019estero<\/strong> con importanti missioni svolte nei Paesi pi\u00f9 sfortunati dei nostri: penso, ad esempio, all\u2019Africa. Una attivit\u00e0 importantissima dal punto di vista sociale, <strong>una Cooperativa sempre accanto ai pi\u00f9 deboli<\/strong>, alle famiglie disagiate e a coloro che hanno bisogno. Una realt\u00e0 assolutamente positiva e da guardare con grande ammirazione: colgo l\u2019occasione per fare loro i migliori auguri di buona prosecuzione di attivit\u00e0\u201d.<\/p>\n<p><strong>MAIORANA: UNA COOPERATIVA IMPORTANTE PER IL NOSTRO TERRITORIO<\/strong><\/p>\n<p>\u201cQuello odierno- le parole di<strong> Giovanni Maiorano<\/strong>, Fratelli d\u2019Italia, membro della prima Commissione Camera (Affari costituzionali, Presidenza del Consiglio e Interni) e Commissione parlamentare d\u2019inchiesta sul fenomeno delle mafie- \u00e8 un momento di <strong>gioia per celebrare un anniversario importante di una Cooperativa importante per il nostro territorio<\/strong>, il territorio pugliese, e che porta il nome della nostra Nazione, del nostro territorio in altre parti del mondo con<strong> tantissime iniziative di carattere sociale<\/strong>. \u00c8 una Cooperativa<strong> molto attenta a temi particolar<\/strong>i e in questi momenti noi non possiamo fare altro che unirci a loro e festeggiare e sostenere con gioia la loro attivit\u00e0\u201d.<\/p>\n<p><strong>PUGLIESE: IMPORTANTE REALT\u00c0 ASSOCIATA ALLA UNEBA PUGLIA<\/strong><\/p>\n<p>\u201cLa Cooperativa San Bernardo- ha evidenziato il presidente della Federazione Regionale Uneba Puglia e consigliere nazionale Uneba, <strong>Pierangelo Antonio Pugliese<\/strong>\u2013 \u00e8 una <strong>importante realt\u00e0 associata alla Uneba Puglia<\/strong>, alla nostra Federazione che, a livello nazionale, da 75 anni si occupa proprio di settore sociosanitario, soprattutto del non profit, quindi degli enti del Terzo settore. Credo davvero che la <strong>Cooperativa San Bernardo operi<\/strong> all\u2019interno della Federazione regionale Uneba Puglia<strong> in piena sintonia con quelli che sono i principi del nostro statuto e della nostra etica<\/strong>, fin dal 1950, dove Uneba si muove tra principi costituzionali e dottrina sociale della chiesa\u201d. \u201cPer <strong>Uneba<\/strong>\u2013 ha concluso Pierangelo Antonio Pugliese- partecipare alla celebrazione dei 25 anni della San Bernardo significa <strong>festeggiare la Cooperativa in questo importante momento giubilare<\/strong>, che coincide proprio con il Giubileo ordinario e anche con una importante cadenza giubilare per l\u2019Uneba, i 75 anni: bellissima la coincidenza che ci vede proprio ricordare le nostre origini e ricordare a noi stessi i principi fondanti delle nostre realt\u00e0\u201d.<\/p>\n<p><a href=\"https:\/\/www.dire.it\/wp-content\/uploads\/2025\/10\/2-SANITA.-SAN-BERNARDO-25-ANNI-DI-IMPEGNO-SOCIALE-PER-TERRITORI-E-PERSONE.jpeg\" rel=\"nofollow noopener\" target=\"_blank\"><img fetchpriority=\"high\" decoding=\"async\" width=\"1024\" height=\"768\" data-id=\"1187156\" src=\"https:\/\/www.europesays.com\/it\/wp-content\/uploads\/2025\/10\/2-SANITA.-SAN-BERNARDO-25-ANNI-DI-IMPEGNO-SOCIALE-PER-TERRITORI-E-PERSONE-1024x768.jpeg\" alt=\"\" class=\"wp-image-1187156\"  \/><\/a><\/p>\n<p><a href=\"https:\/\/www.dire.it\/wp-content\/uploads\/2025\/10\/3-SANITA.-SAN-BERNARDO-25-ANNI-DI-IMPEGNO-SOCIALE-PER-TERRITORI-E-PERSONE.jpeg\" rel=\"nofollow noopener\" target=\"_blank\"><img loading=\"lazy\" decoding=\"async\" width=\"1024\" height=\"768\" data-id=\"1187157\" src=\"https:\/\/www.europesays.com\/it\/wp-content\/uploads\/2025\/10\/3-SANITA.-SAN-BERNARDO-25-ANNI-DI-IMPEGNO-SOCIALE-PER-TERRITORI-E-PERSONE-1024x768.jpeg\" alt=\"\" class=\"wp-image-1187157\"  \/><\/a><\/p>\n<p><a href=\"https:\/\/www.dire.it\/wp-content\/uploads\/2025\/10\/4-SANITA.-SAN-BERNARDO-25-ANNI-DI-IMPEGNO-SOCIALE-PER-TERRITORI-E-PERSONE.jpeg\" rel=\"nofollow noopener\" target=\"_blank\"><img loading=\"lazy\" decoding=\"async\" width=\"1024\" height=\"768\" data-id=\"1187158\" src=\"https:\/\/www.europesays.com\/it\/wp-content\/uploads\/2025\/10\/4-SANITA.-SAN-BERNARDO-25-ANNI-DI-IMPEGNO-SOCIALE-PER-TERRITORI-E-PERSONE-1024x768.jpeg\" alt=\"\" class=\"wp-image-1187158\"  \/><\/a><\/p>\n<p><a href=\"https:\/\/www.dire.it\/wp-content\/uploads\/2025\/10\/5-SANITA.-SAN-BERNARDO-25-ANNI-DI-IMPEGNO-SOCIALE-PER-TERRITORI-E-PERSONE.jpeg\" rel=\"nofollow noopener\" target=\"_blank\"><img loading=\"lazy\" decoding=\"async\" width=\"1024\" height=\"768\" data-id=\"1187159\" src=\"https:\/\/www.europesays.com\/it\/wp-content\/uploads\/2025\/10\/5-SANITA.-SAN-BERNARDO-25-ANNI-DI-IMPEGNO-SOCIALE-PER-TERRITORI-E-PERSONE-1024x768.jpeg\" alt=\"\" class=\"wp-image-1187159\"  \/><\/a><\/p>\n<p><a href=\"https:\/\/www.dire.it\/wp-content\/uploads\/2025\/10\/6-SANITA.-SAN-BERNARDO-25-ANNI-DI-IMPEGNO-SOCIALE-PER-TERRITORI-E-PERSONE.jpeg\" rel=\"nofollow noopener\" target=\"_blank\"><img loading=\"lazy\" decoding=\"async\" width=\"1024\" height=\"768\" data-id=\"1187160\" src=\"https:\/\/www.europesays.com\/it\/wp-content\/uploads\/2025\/10\/6-SANITA.-SAN-BERNARDO-25-ANNI-DI-IMPEGNO-SOCIALE-PER-TERRITORI-E-PERSONE-1024x768.jpeg\" alt=\"\" class=\"wp-image-1187160\"  \/><\/a><\/p>\n<p><a href=\"https:\/\/www.dire.it\/wp-content\/uploads\/2025\/10\/7-SANITA.-SAN-BERNARDO-25-ANNI-DI-IMPEGNO-SOCIALE-PER-TERRITORI-E-PERSONE.jpeg\" rel=\"nofollow noopener\" target=\"_blank\"><img loading=\"lazy\" decoding=\"async\" width=\"1024\" height=\"768\" data-id=\"1187161\" src=\"https:\/\/www.europesays.com\/it\/wp-content\/uploads\/2025\/10\/7-SANITA.-SAN-BERNARDO-25-ANNI-DI-IMPEGNO-SOCIALE-PER-TERRITORI-E-PERSONE-1024x768.jpeg\" alt=\"\" class=\"wp-image-1187161\"  \/><\/a><\/p>\n<p><a href=\"https:\/\/www.dire.it\/wp-content\/uploads\/2025\/10\/8-SANITA.-SAN-BERNARDO-25-ANNI-DI-IMPEGNO-SOCIALE-PER-TERRITORI-E-PERSONE.jpeg\" rel=\"nofollow noopener\" target=\"_blank\"><img loading=\"lazy\" decoding=\"async\" width=\"1024\" height=\"768\" data-id=\"1187162\" src=\"https:\/\/www.europesays.com\/it\/wp-content\/uploads\/2025\/10\/8-SANITA.-SAN-BERNARDO-25-ANNI-DI-IMPEGNO-SOCIALE-PER-TERRITORI-E-PERSONE-1024x768.jpeg\" alt=\"\" class=\"wp-image-1187162\"  \/><\/a><\/p>\n<p><a href=\"https:\/\/www.dire.it\/wp-content\/uploads\/2025\/10\/9-SANITA.-SAN-BERNARDO-25-ANNI-DI-IMPEGNO-SOCIALE-PER-TERRITORI-E-PERSONE.jpeg\" rel=\"nofollow noopener\" target=\"_blank\"><img loading=\"lazy\" decoding=\"async\" width=\"1024\" height=\"768\" data-id=\"1187163\" src=\"https:\/\/www.europesays.com\/it\/wp-content\/uploads\/2025\/10\/9-SANITA.-SAN-BERNARDO-25-ANNI-DI-IMPEGNO-SOCIALE-PER-TERRITORI-E-PERSONE-1024x768.jpeg\" alt=\"\" class=\"wp-image-1187163\"  \/><\/a><\/p>\n<p><a href=\"https:\/\/www.dire.it\/wp-content\/uploads\/2025\/10\/10-SANITA.-SAN-BERNARDO-25-ANNI-DI-IMPEGNO-SOCIALE-PER-TERRITORI-E-PERSONE.jpeg\" rel=\"nofollow noopener\" target=\"_blank\"><img loading=\"lazy\" decoding=\"async\" width=\"1024\" height=\"768\" data-id=\"1187164\" src=\"https:\/\/www.europesays.com\/it\/wp-content\/uploads\/2025\/10\/10-SANITA.-SAN-BERNARDO-25-ANNI-DI-IMPEGNO-SOCIALE-PER-TERRITORI-E-PERSONE-1024x768.jpeg\" alt=\"\" class=\"wp-image-1187164\"  \/><\/a><\/p>\n<p><a href=\"https:\/\/www.dire.it\/wp-content\/uploads\/2025\/10\/11-SANITA.-SAN-BERNARDO-25-ANNI-DI-IMPEGNO-SOCIALE-PER-TERRITORI-E-PERSONE.jpeg\" rel=\"nofollow noopener\" target=\"_blank\"><img loading=\"lazy\" decoding=\"async\" width=\"1024\" height=\"768\" data-id=\"1187165\" src=\"https:\/\/www.europesays.com\/it\/wp-content\/uploads\/2025\/10\/11-SANITA.-SAN-BERNARDO-25-ANNI-DI-IMPEGNO-SOCIALE-PER-TERRITORI-E-PERSONE-1024x768.jpeg\" alt=\"\" class=\"wp-image-1187165\"  \/><\/a><\/p>\n<p>Nella sala stampa della Camera dei Deputati hanno poi portato il proprio contributo <strong>Massimo Milani<\/strong>, segretario VIII Commissione Camera dei Deputati (Ambiente, territorio, lavori pubblici), <strong>Roy De Vita<\/strong>, direttore della Divisione di Chirurgia Plastica presso l\u2019Istituto Nazionale dei Tumori \u2018Regina Elena\u2019 di Roma, e<strong> Giordano Fatali<\/strong>, fondatore e presidente di CEOforLIFE. Nel corso della conferenza \u00e8 stato inoltre <strong>consegnato un premio speciale <\/strong>al presidente dell\u2019Unione Sportiva Lecce e consigliere della Lega Nazionale Professionisti, <strong>Saverio Sticchi Damiani<\/strong>, quale riconoscimento per l\u2019impegno nel sociale e per la vicinanza alla comunit\u00e0. Dopo 25 anni di sfide e conquiste, dunque, la Cooperativa Sociale San Bernardo guarda avanti con la stessa passione di sempre e con un bagaglio fatto di volti, storie e mani intrecciate. Perch\u00e9 ogni progetto, ogni missione, ogni persona assistita racconta una sola, grande verit\u00e0: prendersi cura \u00e8 il gesto pi\u00f9 rivoluzionario e universale che esista.<\/p>\n<p class=\"alert\">Le notizie del sito Dire sono utilizzabili e riproducibili, a condizione di citare espressamente la fonte Agenzia DIRE e l\u2019indirizzo <a href=\"https:\/\/www.dire.it\" rel=\"nofollow noopener\" target=\"_blank\">www.dire.it<\/a><\/p>\n","protected":false},"excerpt":{"rendered":"Da Brindisi al Madagascar, la cooperativa ha fatto del mondo la sua comunit\u00e0 Pubblicato:08-10-2025 16:11 Ultimo aggiornamento:08-10-2025 16:11&hellip;\n","protected":false},"author":3,"featured_media":153613,"comment_status":"","ping_status":"","sticky":false,"template":"","format":"standard","meta":{"footnotes":""},"categories":[1481],"tags":[76731,2065,2066,44422,239,2063,2064,3506,1537,90,89,240,301],"class_list":{"0":"post-153612","1":"post","2":"type-post","3":"status-publish","4":"format-standard","5":"has-post-thumbnail","7":"category-assistenza-sanitaria","8":"tag-assistenza-domiciliare","9":"tag-assistenza-sanitaria","10":"tag-assistenzasanitaria","11":"tag-cooperativa-sociale","12":"tag-health","13":"tag-health-care","14":"tag-healthcare","15":"tag-inclusione","16":"tag-it","17":"tag-italia","18":"tag-italy","19":"tag-salute","20":"tag-sanita"},"share_on_mastodon":{"url":"","error":""},"_links":{"self":[{"href":"https:\/\/www.europesays.com\/it\/wp-json\/wp\/v2\/posts\/153612","targetHints":{"allow":["GET"]}}],"collection":[{"href":"https:\/\/www.europesays.com\/it\/wp-json\/wp\/v2\/posts"}],"about":[{"href":"https:\/\/www.europesays.com\/it\/wp-json\/wp\/v2\/types\/post"}],"author":[{"embeddable":true,"href":"https:\/\/www.europesays.com\/it\/wp-json\/wp\/v2\/users\/3"}],"replies":[{"embeddable":true,"href":"https:\/\/www.europesays.com\/it\/wp-json\/wp\/v2\/comments?post=153612"}],"version-history":[{"count":0,"href":"https:\/\/www.europesays.com\/it\/wp-json\/wp\/v2\/posts\/153612\/revisions"}],"wp:featuredmedia":[{"embeddable":true,"href":"https:\/\/www.europesays.com\/it\/wp-json\/wp\/v2\/media\/153613"}],"wp:attachment":[{"href":"https:\/\/www.europesays.com\/it\/wp-json\/wp\/v2\/media?parent=153612"}],"wp:term":[{"taxonomy":"category","embeddable":true,"href":"https:\/\/www.europesays.com\/it\/wp-json\/wp\/v2\/categories?post=153612"},{"taxonomy":"post_tag","embeddable":true,"href":"https:\/\/www.europesays.com\/it\/wp-json\/wp\/v2\/tags?post=153612"}],"curies":[{"name":"wp","href":"https:\/\/api.w.org\/{rel}","templated":true}]}}