{"id":153620,"date":"2025-10-08T15:58:10","date_gmt":"2025-10-08T15:58:10","guid":{"rendered":"https:\/\/www.europesays.com\/it\/153620\/"},"modified":"2025-10-08T15:58:10","modified_gmt":"2025-10-08T15:58:10","slug":"moorhouse-itia-niente-restrizioni-sul-ritorno-del-preparatore-atletico-per-sinner","status":"publish","type":"post","link":"https:\/\/www.europesays.com\/it\/153620\/","title":{"rendered":"Moorhouse, Itia: &#8220;Niente restrizioni sul ritorno del preparatore atletico per Sinner&#8221;"},"content":{"rendered":"<p>                                La dirigente dell&#8217;Agenzia che tutela l&#8217;integrit\u00e0 sul reintegro di Ferrara: &#8220;I tennisti sono indipendenti, e i membri dello staff di Jannik non avevano violato le regole&#8221;<\/p>\n<p>\n                                                    Pellegrino Dell&#8217;Anno\n                            <\/p>\n<p>                    8 ottobre &#8211; 16:35  &#8211; MILANO<\/p>\n<p class=\"paragraph\" spellcheck=\"true\">La vicenda di Jannik Sinner legata alla positivit\u00e0 da clostebol ha scosso il mondo del tennis tra il 2024 e il 2025. Un terremoto, risolto alla fine con tre mesi di sospensione per l&#8217;azzurro tra il febbraio e il maggio di quest&#8217;anno, che non hanno tra l&#8217;altro intaccato la sua classifica, quantomeno nell&#8217;immediato. Il caso divenne pubblico nell&#8217;agosto del 2024, e qualche settimana dopo Sinner licenzi\u00f2 dal suo staff il preparatore atletico Umberto Ferrara e il fisioterapista Giacomo Naldi, ritenuti responsabili. Quasi un anno dopo, all&#8217;indomani di Wimbledon 2025 e in seguito a qualche mese con l&#8217;ex preparatore di Djokovic Panichi, l&#8217;azzurro ha reintegrato Ferrara. Una scelta che ha sorpreso molti visto quanto era accaduto. Ma che Sinner ha difeso a spada tratta e che, in questi giorni, \u00e8 stata definita assolutamente legittima dall&#8217;ITIA, l&#8217;Agenzia internazionale per l&#8217;integrit\u00e0 nel tennis.<\/p>\n<p>    la decisione sta al tennista\u2014 \u00a0<\/p>\n<p class=\"paragraph is-inline\" spellcheck=\"true\">Karen Moorhouse, direttore generale dell&#8217;Agenzia che tutela lo sport da doping, scommesse\u00a0 e altre vicende che potrebbero intaccarne la regolarit\u00e0, ha rilasciato dichiarazioni a riguardo. Secondo lei non c&#8217;\u00e8 nessuna restrizione: &#8220;I\u00a0tennisti sono indipendenti, spetta a loro decidere chi assumere e lo fanno consapevoli delle loro responsabilit\u00e0 nei confronti del programma antidoping&#8221;. La dichiarazione \u00e8 arrivata mercoled\u00ec 8 ottobre, a margine di un annuncio sulle misure a sostegno dei giocatori oggetto di indagini da parte dell&#8217;ITIA. Com&#8217;era, appunto, capitato a Sinner.<\/p>\n<p>    nessuna restrizione a ferrara\u2014 \u00a0<\/p>\n<p class=\"paragraph is-inline\" spellcheck=\"true\">Le spiegazioni del team Sinner si poggiavano sul ruolo che Ferrara ha svolto nella crescita di Jannik, e dell&#8217;apporto che pu\u00f2 dare per mantenere certi livelli. &#8220;Lo staff tecnico di un giocatore \u00e8 del tutto suscettibile di commettere infrazioni&#8221;, ha proseguito Moourhouse, &#8220;in ogni caso (di doping) cerchiamo sistematicamente di capire se un allenatore o qualsiasi altro membro dello staff (di un giocatore) sia coinvolto\u00a0nella commissione dell&#8217;infrazione. Nel caso specifico di Sinner l&#8217;ITIA ha concluso che i membri dell&#8217;entourage dell&#8217;italiano non avevano violato alcuna regola. Quindi, dal nostro punto di vista,\u00a0non vi \u00e8 alcuna restrizione al loro lavoro nel mondo del tennis&#8221;. Una conferma, se ce ne fosse bisogno, della bont\u00e0 della scelta di Sinner. E di un&#8217;attenzione costante a migliorarsi e rimanere al top.<\/p>\n<p class=\"is-copyright\">\u00a9 RIPRODUZIONE RISERVATA<\/p>\n","protected":false},"excerpt":{"rendered":"La dirigente dell&#8217;Agenzia che tutela l&#8217;integrit\u00e0 sul reintegro di Ferrara: &#8220;I tennisti sono indipendenti, e i membri dello&hellip;\n","protected":false},"author":3,"featured_media":153621,"comment_status":"","ping_status":"","sticky":false,"template":"","format":"standard","meta":{"footnotes":""},"categories":[1457],"tags":[763,95078,5358,7920,5572,5493,564,30686,1377,1537,90,89,25064,1269,4558,95079,5495,6200,83185,1360,366,245,244,6194,1273,19346,95080,7911,81445],"class_list":{"0":"post-153620","1":"post","2":"type-post","3":"status-publish","4":"format-standard","5":"has-post-thumbnail","7":"category-tennis","8":"tag-agenzia","9":"tag-agenzia-tutela","10":"tag-atletico","11":"tag-azzurro","12":"tag-doping","13":"tag-ferrara","14":"tag-giocatore","15":"tag-indipendenti","16":"tag-integrita","17":"tag-it","18":"tag-italia","19":"tag-italy","20":"tag-itia","21":"tag-jannik","22":"tag-membri","23":"tag-moorhouse","24":"tag-preparatore","25":"tag-preparatore-atletico","26":"tag-restrizione","27":"tag-scelta","28":"tag-sinner","29":"tag-sport","30":"tag-sports","31":"tag-staff","32":"tag-tennis","33":"tag-tennisti","34":"tag-tennisti-indipendenti","35":"tag-tutela","36":"tag-violato"},"share_on_mastodon":{"url":"","error":""},"_links":{"self":[{"href":"https:\/\/www.europesays.com\/it\/wp-json\/wp\/v2\/posts\/153620","targetHints":{"allow":["GET"]}}],"collection":[{"href":"https:\/\/www.europesays.com\/it\/wp-json\/wp\/v2\/posts"}],"about":[{"href":"https:\/\/www.europesays.com\/it\/wp-json\/wp\/v2\/types\/post"}],"author":[{"embeddable":true,"href":"https:\/\/www.europesays.com\/it\/wp-json\/wp\/v2\/users\/3"}],"replies":[{"embeddable":true,"href":"https:\/\/www.europesays.com\/it\/wp-json\/wp\/v2\/comments?post=153620"}],"version-history":[{"count":0,"href":"https:\/\/www.europesays.com\/it\/wp-json\/wp\/v2\/posts\/153620\/revisions"}],"wp:featuredmedia":[{"embeddable":true,"href":"https:\/\/www.europesays.com\/it\/wp-json\/wp\/v2\/media\/153621"}],"wp:attachment":[{"href":"https:\/\/www.europesays.com\/it\/wp-json\/wp\/v2\/media?parent=153620"}],"wp:term":[{"taxonomy":"category","embeddable":true,"href":"https:\/\/www.europesays.com\/it\/wp-json\/wp\/v2\/categories?post=153620"},{"taxonomy":"post_tag","embeddable":true,"href":"https:\/\/www.europesays.com\/it\/wp-json\/wp\/v2\/tags?post=153620"}],"curies":[{"name":"wp","href":"https:\/\/api.w.org\/{rel}","templated":true}]}}