{"id":153651,"date":"2025-10-08T16:17:11","date_gmt":"2025-10-08T16:17:11","guid":{"rendered":"https:\/\/www.europesays.com\/it\/153651\/"},"modified":"2025-10-08T16:17:11","modified_gmt":"2025-10-08T16:17:11","slug":"patrimoniale-landini-rilancia-la-tassa-per-i-ricchi-dai-2-milioni-in-su-l1-di-contributo-straordinario-vale-26-miliardi","status":"publish","type":"post","link":"https:\/\/www.europesays.com\/it\/153651\/","title":{"rendered":"Patrimoniale, Landini rilancia la tassa per i ricchi (dai 2 milioni in su): \u00abL\u20191% di contributo straordinario vale 26 miliardi\u00bb"},"content":{"rendered":"<p>    di<br \/>\n    Redazione Economia<\/p>\n<p class=\"summary-art is-line-h-12 is-mr-t-20\">La proposta del segretario CGIL al governo in vista della manovra: \u00abScelta compatibile con le regole economiche europee che prevedono la possibilit\u00e0 di aumentare la spesa per lavoro, salari, pensioni, welfare e investimenti\u00bb<\/p>\n<p class=\"chapter-paragraph\">\u00abUn contributo di solidariet\u00e0 dai ricchi, ossia da chi detiene pi\u00f9 di 2 milioni e cha rappresentano l&#8217;1% a vantaggio del 99%\u00bb. \u00c8 la proposta rilanciata dal segretario generale della Cgil, Maurizio Landini. \u00abA proposito di andare a prendere le risorse dove sono &#8211; ha spiegato Landini &#8211;<b>\u00a0<a href=\"https:\/\/www.corriere.it?code=\" rel=\"nofollow noopener\" target=\"_blank\">crediamo che sia sempre pi\u00f9 urgente e necessario istituire un contr<\/a>ibuto di solidariet\u00e0 dalle ricchezze pi\u00f9 grandi. <\/b>Applicando l&#8217;ipotesi di aliquota effettiva ottimale dell&#8217;1,3% solo sull&#8217;1%, pari a circa 500 mila contribuenti che detiene almeno 2 milioni di euro, si otterrebbe un gettito addizionale annuo di circa 26 miliardi di euro\u00bb.\u00a0<\/p>\n<p>    L\u2019extra-gettito<\/p>\n<p class=\"chapter-paragraph\">\u00abRisorse fondamentali &#8211; dice &#8211; per finanziare e investire su sanit\u00e0, istruzione, non autosufficienza, politiche abitative, sociali e di trasporto pubblico\u00bb. Secondo Landini, si tratterebbe \u00abdi <b>una scelta compatibile con le nuove regole economiche europee che, pur nei vincoli del Patto di stabilit\u00e0 e crescita, prevedono la possibilit\u00e0 di aumentare la spesa per sostenere lavoro<\/b>, <b>salari, pensioni, welfare e investimenti<\/b>, recuperando nuove entrate strutturali per il bilancio dello Stato\u00bb. \u00abLa giustizia fiscale -spiega &#8211; \u00e8 la leva decisiva per sostenere un&#8217;agenda economica e sociale radicalmente alternativa al rigido programma di austerit\u00e0 e riarmo che oggi si sta portando avanti\u00bb.    &#13;<br \/>\n&#13;<br \/>\n&#13;<br \/>\n&#13;<br \/>\n&#13;<br \/>\n&#13;<br \/>\n&#13;<br \/>\n&#13;<br \/>\n&#13;<br \/>\n&#13;<br \/>\n&#13;<br \/>\n&#13;<br \/>\n&#13;<br \/>\n&#13;<br \/>\n&#13;<br \/>\n&#13;<br \/>\n&#13;<br \/>\n&#13;<br \/>\n&#13;<br \/>\n&#13;<br \/>\n&#13;<br \/>\n&#13;<br \/>\n&#13;<br \/>\n&#13;<br \/>\n&#13;<br \/>\n&#13;<br \/>\n&#13;<br \/>\n&#13;<br \/>\n&#13;<br \/>\n&#13;<br \/>\n&#13;<br \/>\n&#13;<br \/>\n&#13;<br \/>\n&#13;<br \/>\n&#13;<br \/>\n&#13;<br \/>\n&#13;<br \/>\n&#13;<br \/>\n&#13;<br \/>\n&#13;<br \/>\n&#13;<br \/>\n&#13;<br \/>\n&#13;<br \/>\n&#13;<br \/>\n&#13;<br \/>\n&#13;<br \/>\n&#13;<br \/>\n&#13;<br \/>\n&#13;<br \/>\n&#13;<br \/>\n&#13;<br \/>\n&#13;<br \/>\n&#13;\n<\/p>\n<p>    L\u2019incontro di venerd\u00ec col governo<\/p>\n<p class=\"chapter-paragraph\">All&#8217;incontro di venerd\u00ec con il governo sulla manovra \u00abdobbiamo verificare concretamente quali sono i margini di discussione o di trattativa. Spero che non accada quello gi\u00e0 successo in passato e cio\u00e8 che in realt\u00e0 sia una comunicazione. <b>Non a caso stiamo indicando prima proprio quali sono le nostre proposte.<\/b> \u00c8 evidente che se accolte, siamo pronti a fare la nostra parte, altrimenti siamo pronti a sostenere le nostre posizioni con tutti gli strumenti a partire dalla mobilitazione che abbiamo messo in campo\u00bb, aggiunge Landini. \u00abCon le altre organizzazioni stiamo lavorando per esempio sul fisco con la Uil. Quanto a Confindustria abbiamo disponibilit\u00e0 a un documento comune: si sta tutto accelerando, anche loro stanno uscendo con loro proposte\u00bb.\u00a0<b>Nell&#8217;agenda del sindacato la necessit\u00e0 di aumentare salari e pensioni, dire no alla precariet\u00e0, fare una vera riforma fiscale<\/b>,  investire su sanit\u00e0 e scuola, dire s\u00ec alla pace e no al riarmo.<\/p>\n<p>    Il dibattito internazionale<\/p>\n<p class=\"chapter-paragraph\">L\u2019idea di una patrimoniale sui super-ricchi \u00e8 ampiamente dibattuta anche a livello internazionale (<a href=\"https:\/\/www.corriere.it\/economia\/tasse\/25_luglio_09\/tassare-gli-ultraricchi-un-40enne-geniale-e-7-samurai-dell-uguaglianza-rilanciano-l-idea-della-patrimoniale-c743f6f4-aeba-46e9-aecb-ffa9daee7xlk.shtml\" target=\"_blank\" rel=\"nofollow noopener\">ne abbiamo scritto qui<\/a>). \u00abNon sono mai stati cos\u00ec ricchi, ma contribuiscono poco agli oneri comuni in relazione alle loro capacit\u00e0: da Bernard Arnault a Elon Musk, i miliardari hanno aliquote fiscali effettive pi\u00f9 basse rispetto al contribuente medio\u00bb,<a href=\"https:\/\/www.corriere.it\/economia\/tasse\/25_luglio_09\/tassare-gli-ultraricchi-un-40enne-geniale-e-7-samurai-dell-uguaglianza-rilanciano-l-idea-della-patrimoniale-c743f6f4-aeba-46e9-aecb-ffa9daee7xlk.shtml?refresh_ce\" target=\"_blank\" rel=\"nofollow noopener\"> <b>hanno appena scritto 7 Premi Nobel per l\u2019Economia, pubblicato da Le Monde, che promette di rilanciare il dibattito planetario <\/b>sul tema dei temi<\/a>, l\u2019elefante nella stanza delle disuguaglianze, lo spettro che per decenni si \u00e8 aggirato sulle leggi di bilancio dei grandi Paesi europei, per essere puntualmente scacciato in quanto antimoderno, paleo-rivoluzionario, controintuitivo perch\u00e9 \u00abfarebbe scappare i ricchi\u00bb: la tassa patrimoniale.<\/p>\n<p>    \u00abInsostenibile sul piano morale\u00bb<\/p>\n<p class=\"chapter-paragraph\">Invece 7 giganti del pensiero economico che hanno vivisezionato le crisi di questi decenni insistono sull\u2019altro aspetto della faccenda: <b>che gli ultraricchi paghino solo spiccioli \u00e8 semplicemente insostenibile sul piano morale<\/b> e pratico e trovare il modo di farli pagare di pi\u00f9 non \u00e8 un prurito gauchista ma un\u2019esigenza di cui i primi a doversi fare carico dovrebbero essere i sacerdoti del rigore e delle compatibilit\u00e0, sempre pi\u00f9 impossibilitati a una quadratura dei conti che sia compatibile anzitutto con la realt\u00e0 sociale.\u00a0<\/p>\n<p>    Il fisco regressivo<\/p>\n<p class=\"chapter-paragraph\">La questione \u00e8 stata ripresa anche da un\u2019analisi qualitativa dei dati disponibili dai Distributional Wealth Accounts (DWA) della Bce per ricostruire la distribuzione del reddito da capitale in Italia tenendo conto dei rendimenti eterogenei del capitale (<a href=\"https:\/\/www.corriere.it\/economia\/risparmio\/24_ottobre_08\/tasse-una-patrimoniale-sul-7-dei-piu-ricchi-sarebbe-possibile-si-ecco-come-funzionerebbe-1bf2a5dd-0df1-49c2-8588-42cdc1e16xlk.shtml\" target=\"_blank\" rel=\"nofollow noopener\">ne abbiamo scritto qui<\/a>). <b>Si basa sull\u2019assunto che il sistema fiscale italiano \u00e8 tra i pi\u00f9 regressivi con aliquote pi\u00f9 basse, dunque di vantaggio, che si focalizzano sul 7%<\/b> dei contribuenti pi\u00f9 ricchi. I redditi da capitale sono dunque tassati meno di quelli da lavoro, chi \u00e8 gi\u00e0 nel ristretto gruppo dei pi\u00f9 ricchi vede aumentare le sue fortune a un ritmo superiore a quello degli altri senza per questo pagare pi\u00f9 imposte.\u00a0<\/p>\n<p>    Lo studio su dati Bce<\/p>\n<p class=\"chapter-paragraph\">Secondo <a href=\"https:\/\/www.corriere.it\/economia\/risparmio\/24_ottobre_08\/tasse-una-patrimoniale-sul-7-dei-piu-ricchi-sarebbe-possibile-si-ecco-come-funzionerebbe-1bf2a5dd-0df1-49c2-8588-42cdc1e16xlk.shtml\" target=\"_blank\" rel=\"nofollow noopener\">gli economisti Matteo Dalle Luche, Demetrio Guzzardi, Elisa Palagi, Andrea Roventini e Alessandro Santoro<\/a>, che hanno redatto lo studio, <b>queste aliquote sono notevolmente inferiori a quelle suggerite da un sistema di tassazione ottimale <\/b>e dunque il rapporto finisce per suggerire stime puntuali per le entrate fiscali riducendo cos\u00ec le disuguaglianze sociali. Per riuscirci basterebbe applicare \u00abaliquote (pi\u00f9 elevate) al reddito da capitale o alla ricchezza, monitorando vari gradi di risposte comportamentali e sociali\u00bb. <b>Landini attinge probabilmente a questa analisi che rivela sorprendenti disparit\u00e0 nei tassi di rendimento della ricchezza tra le famiglie italiane<\/b>, con tassi che salgono dal 2,5% per il 90% pi\u00f9 povero a un 5% netto per il 10% pi\u00f9 ricco.\u00a0<\/p>\n<p>    La piramide rovesciata<\/p>\n<p class=\"chapter-paragraph\">Ci\u00f2 implica una maggiore concentrazione del reddito nella parte pi\u00f9 ricca della popolazione e rivela che il sistema fiscale italiano \u00e8 pi\u00f9 regressivo di quanto stimato, con aliquote fiscali che avvantaggiano in modo sproporzionato il 7% pi\u00f9 abbiente. <b>L\u2019aliquota media pagata da chi fa parte di quella \u00e9lite \u00e8 inferiore a quella di chi sta nelle fasce pi\u00f9 basse della piramide.<\/b> <a href=\"https:\/\/www.corriere.it\/economia\/risparmio\/24_ottobre_08\/tasse-una-patrimoniale-sul-7-dei-piu-ricchi-sarebbe-possibile-si-ecco-come-funzionerebbe-1bf2a5dd-0df1-49c2-8588-42cdc1e16xlk.shtml?refresh_ce\" target=\"_blank\" rel=\"nofollow noopener\">Il top 0,1% dei contribuenti, situazione in cui si trova chi ha un patrimonio medio sopra i 15 milioni di euro<\/a>, paga un\u2019aliquota effettiva del 32%, pi\u00f9 bassa di quella applicata ai redditi tra 28mila e 50mila euro. Al momento l\u2019aliquota Irpef massima \u00e8 al 43% e i redditi da capitale sono tassati al 26% con l\u2019eccezione dei titoli di Stato.<\/p>\n<p>LEGGI ANCHE<\/p>\n<ul id=\"m4996-4995-4997\">\n<li id=\"m5001-5000-5002\">\n<p>            <a id=\"m5157-5156-5158\" href=\"https:\/\/www.corriere.it\/economia\/trasporti\/diretta-live\/25_ottobre_03\/sciopero-generale-oggi-3-ottobre-per-gaza-in-diretta-gli-stop-ai-mezzi-treni-aerei-metro-bus-tram-e-le-fasce-garantite.shtml\" rel=\"nofollow noopener\" target=\"_blank\">Sciopero generale oggi 3 ottobre per Gaza in diretta: i disagi per lo stop a treni metro e bus. Voli cancellati a Pisa: manifestanti sulla pista<\/a>di Redazione Economia<\/p>\n<\/li>\n<li id=\"m5014-5013-5015\">\n<p>            <a id=\"m5179-5178-5180\" href=\"https:\/\/www.corriere.it\/economia\/aziende\/25_ottobre_02\/sciopero-generale-3-ottobre-per-gaza-orari-e-settori-coinvolti-da-oggi-trasporti-a-rischio-per-un-altro-stop-2933f2f8-1d6f-40a1-86be-e81f7a6f8xlk.shtml\" rel=\"nofollow noopener\" target=\"_blank\">Sciopero generale per Gaza, Meloni: \u00abRivoluzione? Non con un weekend lungo\u00bb. Salvini: \u00abLa legge punisce chi partecipa a scioperi illegittimi\u00bb<\/a>di Redazione Economia<\/p>\n<\/li>\n<li id=\"m5027-5026-5028\">\n<p>            <a id=\"m5201-5200-5202\" href=\"https:\/\/www.corriere.it\/economia\/lavoro\/25_ottobre_01\/sciopero-generale-per-la-flotilla-salvini-alla-cgil-non-consentiremo-che-porti-l-italia-al-caos-6ea08023-b3d7-43d8-8792-7bf760085xlk.shtml\" rel=\"nofollow noopener\" target=\"_blank\">Sciopero generale il 3 ottobre per la Flotilla, l\u2019annuncio della Cgil. Salvini: \u00abNon consentiremo che porti l\u2019Italia al caos\u00bb<\/a>di Redazione Economia<\/p>\n<\/li>\n<li id=\"m5040-5039-5041\">\n<p>            <a id=\"m5223-5222-5224\" href=\"https:\/\/www.corriere.it\/economia\/tasse\/25_settembre_18\/irpef-taglio-dell-aliquota-al-33-per-i-redditi-fino-a-50-mila-euro-il-piano-del-governo-per-il-ceto-medio-c1eaed51-021d-4b3d-82a1-bc29e07fcxlk.shtml\" rel=\"nofollow noopener\" target=\"_blank\">Taglio dell\u2019aliquota Irpef al 33%, il piano del governo per i redditi fino a 50 mila euro<\/a>di Massimiliano Jattoni Dall\u2019As\u00e9n<\/p>\n<\/li>\n<li id=\"m5053-5052-5054\">\n<p>            <a id=\"m5245-5244-5246\" href=\"https:\/\/www.corriere.it\/economia\/lavoro\/25_settembre_26\/i-tre-sconosciuti-dell-usb-e-la-batosta-cgil-perche-lo-sciopero-pro-pal-di-lunedi-ha-cambiato-il-sindacato-9fc80ef2-ddb2-4038-9745-d14a24facxlk.shtml\" rel=\"nofollow noopener\" target=\"_blank\">I tre \u00absconosciuti\u00bb dell\u2019Usb e la batosta Cgil: perch\u00e9 lo sciopero pro Pal di luned\u00ec ha cambiato il sindacato<\/a>di Luca Angelini<\/p>\n<\/li>\n<li id=\"m5066-5065-5067\">\n<p>            <a id=\"m5267-5266-5268\" href=\"https:\/\/www.corriere.it\/economia\/finanza\/25_settembre_17\/landini-cgil-gaza-impossibile-restare-a-guardare-venerdi-in-piazza-in-tutta-italia-1f2e2cf8-0f8a-4f8e-bbb7-73b885167xlk.shtml\" rel=\"nofollow noopener\" target=\"_blank\">Landini (Cgil): \u00abGaza, impossibile restare a guardare: venerd\u00ec in piazza in tutta Italia\u00bb<\/a>di Claudia Voltattorni<\/p>\n<\/li>\n<li id=\"m5079-5078-5080\">\n<p>            <a id=\"m5289-5288-5290\" href=\"https:\/\/www.corriere.it\/economia\/lavoro\/25_settembre_16\/sciopero-generale-per-gaza-fermi-treni-trasporti-e-scuole-venerdi-19-con-la-cgil-e-lunedi-22-cobas-f534c26d-79ba-4366-b3a5-483b185dfxlk.shtml\" rel=\"nofollow noopener\" target=\"_blank\">Sciopero per Gaza, stop oggi e il 22 settembre: cosa si ferma, orari e cosa sapere<\/a>di Redazione Economia<\/p>\n<\/li>\n<li id=\"m5092-5091-5093\">\n<p>            <a id=\"m5311-5310-5312\" href=\"https:\/\/www.corriere.it\/economia\/lavoro\/25_luglio_21\/licenziamenti-e-indennita-e-incostituzionale-il-tetto-di-sei-mensilita-era-uno-dei-quesiti-del-referendum-di-giugno-46165ef9-a58b-4112-bb91-5cfd4ba13xlk.shtml\" rel=\"nofollow noopener\" target=\"_blank\">Licenziamenti e indennit\u00e0, \u00e8 incostituzionale il tetto di sei mensilit\u00e0: era uno dei quesiti del referendum di giugno<\/a>di Redazione Economia<\/p>\n<\/li>\n<li id=\"m5105-5104-5106\">\n<p>            <a id=\"m5333-5332-5334\" href=\"https:\/\/www.corriere.it\/economia\/aziende\/diretta-live\/25_luglio_30\/dazi-le-ultime-notizie-in-diretta-discrepanze-ue-usa-sui-dettagli-atteso-un-testo-congiunto.shtml\" rel=\"nofollow noopener\" target=\"_blank\">L\u2019Europa divisa dall\u2019accordo sulle tariffe, Macron: \u00abNon finisce qui\u00bb. Pil Usa sopra le attese, Trump: \u00abOra tassi gi\u00f9\u00bb<\/a>di Redazione Economia<\/p>\n<\/li>\n<li id=\"m5118-5117-5119\">\n<p>            <a id=\"m5355-5354-5356\" href=\"https:\/\/www.corriere.it\/economia\/finanza\/25_luglio_17\/meloni-alla-cisl-si-al-patto-della-responsabilita-e-sui-dazi-no-a-guerre-commerciali-con-gli-usa-95634fec-9173-4b40-9ff8-c387a0e8exlk.shtml\" rel=\"nofollow noopener\" target=\"_blank\">Meloni alla Cisl: \u00abS\u00ec al Patto della responsabilit\u00e0\u00bb. E sui dazi: \u00abNo a guerre commerciali con gli Usa\u00bb<\/a>di Enrico Marro<\/p>\n<\/li>\n<li id=\"m5131-5130-5132\">\n<p>            <a id=\"m5377-5376-5378\" href=\"https:\/\/www.corriere.it\/economia\/finanza\/25_luglio_17\/meloni-oggi-al-congresso-cisl-patto-di-responsabilita-con-il-governo-salari-minimo-fiscal-drag-le-differenze-con-cgil-e-uil-78f99290-230f-4079-8afa-51d9e287bxlk.shtml\" rel=\"nofollow noopener\" target=\"_blank\">Meloni oggi al congresso Cisl: \u00abPatto di responsabilit\u00e0\u00bb con il governo, salario minimo, fiscal drag, le differenze con Cgil e Uil<\/a>di Enrico Marro<\/p>\n<\/li>\n<li id=\"m5144-5143-5145\">\n<p>            <a id=\"m5399-5398-5400\" href=\"https:\/\/www.corriere.it\/economia\/finanza\/diretta-live\/25_luglio_15\/dazi-le-ultime-notizie-in-diretta-tregua-armata-della-ue-ma-pronte-misure-per-72-miliardi.shtml\" rel=\"nofollow noopener\" target=\"_blank\">Contromisure Ue ai dazi Usa, nella lista bourbon e componenti per Boeing. Trump: \u00abStiamo parlando con l\u2019Europa, faremo progressi\u00bb<\/a>di Redazione Economia<\/p>\n<\/li>\n<\/ul>\n<p><a class=\"chiedi-esperto-box\" href=\"https:\/\/www.corriere.it\/economia\/chiedi-esperto\/fai-una-domanda\/\" rel=\"nofollow noopener\" target=\"_blank\"><img decoding=\"async\" src=\"https:\/\/www.europesays.com\/it\/wp-content\/uploads\/2025\/10\/box_esperto_dsk.png\" alt=\"Chiedi agli esperti\"\/><\/a><\/p>\n<p class=\"is-last-update\" datetime=\"2025-10-08T16:44:42+02:00\">8 ottobre 2025 ( modifica il 8 ottobre 2025 | 16:44)<\/p>\n<p class=\"is-copyright\">\n            \u00a9 RIPRODUZIONE RISERVATA\n        <\/p>\n","protected":false},"excerpt":{"rendered":"di Redazione Economia La proposta del segretario CGIL al governo in vista della manovra: \u00abScelta compatibile con le&hellip;\n","protected":false},"author":3,"featured_media":153652,"comment_status":"","ping_status":"","sticky":false,"template":"","format":"standard","meta":{"footnotes":""},"categories":[79],"tags":[4922,3817,95096,55404,74875,5143,2111,95097,9708,6537,1033,392,95098,192,20652,34414,7323,95099,14,93,94,728,16480,33557,2494,4935,4937,95100,31296,752,724,3766,6768,95101,24373,730,33362,1251,399,95102,55345,95103,95104,832,5430,19083,95105,1537,90,1599,89,78192,6771,6410,17333,7,15,2508,95106,24106,7711,26547,4194,26548,9318,95095,988,2099,40256,10680,11,84,91,12,85,92],"class_list":{"0":"post-153651","1":"post","2":"type-post","3":"status-publish","4":"format-standard","5":"has-post-thumbnail","7":"category-italia","8":"tag-agenda","9":"tag-aliquota","10":"tag-aliquota-effettiva","11":"tag-aliquote","12":"tag-aliquote-fiscali","13":"tag-analisi","14":"tag-aumentare","15":"tag-aumentare-spesa","16":"tag-basse","17":"tag-bce","18":"tag-bilancio","19":"tag-capitale","20":"tag-capitale-tassati","21":"tag-cgil","22":"tag-compatibile","23":"tag-contribuenti","24":"tag-contributo","25":"tag-contributo-solidarieta","26":"tag-cronaca","27":"tag-cronaca-italiana","28":"tag-cronacaitaliana","29":"tag-dati","30":"tag-decenni","31":"tag-detiene","32":"tag-dibattito","33":"tag-disuguaglianze","34":"tag-economiche","35":"tag-economiche-europee","36":"tag-effettiva","37":"tag-entrate","38":"tag-euro","39":"tag-europee","40":"tag-fiscale","41":"tag-fiscale-italiano","42":"tag-fiscali","43":"tag-fisco","44":"tag-gettito","45":"tag-grandi","46":"tag-incontro","47":"tag-incontro-venerdi","48":"tag-insostenibile","49":"tag-insostenibile-piano","50":"tag-insostenibile-piano-morale","51":"tag-internazionale","52":"tag-investimenti","53":"tag-investire","54":"tag-investire-sanita","55":"tag-it","56":"tag-italia","57":"tag-italiano","58":"tag-italy","59":"tag-landini","60":"tag-manovra","61":"tag-medio","62":"tag-morale","63":"tag-news","64":"tag-notizie","65":"tag-nuove","66":"tag-ottimale","67":"tag-patrimoniale","68":"tag-pensioni","69":"tag-redditi","70":"tag-reddito","71":"tag-ricchi","72":"tag-salari","73":"tag-salari-pensioni","74":"tag-scritto","75":"tag-sistema","76":"tag-sociali","77":"tag-sostenere","78":"tag-ultime-notizie","79":"tag-ultime-notizie-e-news-di-oggi","80":"tag-ultime-notizie-italia","81":"tag-ultimenotizie","82":"tag-ultimenotizieenewsdioggi","83":"tag-ultimenotizieitalia"},"share_on_mastodon":{"url":"","error":""},"_links":{"self":[{"href":"https:\/\/www.europesays.com\/it\/wp-json\/wp\/v2\/posts\/153651","targetHints":{"allow":["GET"]}}],"collection":[{"href":"https:\/\/www.europesays.com\/it\/wp-json\/wp\/v2\/posts"}],"about":[{"href":"https:\/\/www.europesays.com\/it\/wp-json\/wp\/v2\/types\/post"}],"author":[{"embeddable":true,"href":"https:\/\/www.europesays.com\/it\/wp-json\/wp\/v2\/users\/3"}],"replies":[{"embeddable":true,"href":"https:\/\/www.europesays.com\/it\/wp-json\/wp\/v2\/comments?post=153651"}],"version-history":[{"count":0,"href":"https:\/\/www.europesays.com\/it\/wp-json\/wp\/v2\/posts\/153651\/revisions"}],"wp:featuredmedia":[{"embeddable":true,"href":"https:\/\/www.europesays.com\/it\/wp-json\/wp\/v2\/media\/153652"}],"wp:attachment":[{"href":"https:\/\/www.europesays.com\/it\/wp-json\/wp\/v2\/media?parent=153651"}],"wp:term":[{"taxonomy":"category","embeddable":true,"href":"https:\/\/www.europesays.com\/it\/wp-json\/wp\/v2\/categories?post=153651"},{"taxonomy":"post_tag","embeddable":true,"href":"https:\/\/www.europesays.com\/it\/wp-json\/wp\/v2\/tags?post=153651"}],"curies":[{"name":"wp","href":"https:\/\/api.w.org\/{rel}","templated":true}]}}