{"id":153665,"date":"2025-10-08T16:27:11","date_gmt":"2025-10-08T16:27:11","guid":{"rendered":"https:\/\/www.europesays.com\/it\/153665\/"},"modified":"2025-10-08T16:27:11","modified_gmt":"2025-10-08T16:27:11","slug":"picnic-postnl-biennale-per-dillon-corkery-e-oliver-peace-un-anno-di-contratto-per-james-knox","status":"publish","type":"post","link":"https:\/\/www.europesays.com\/it\/153665\/","title":{"rendered":"Picnic PostNL, biennale per Dillon Corkery e Oliver Peace, un anno di contratto per James Knox"},"content":{"rendered":"<p>\t\t<img width=\"1200\" height=\"750\" src=\"https:\/\/www.europesays.com\/it\/wp-content\/uploads\/2025\/10\/Picnic-PostNL-Allenamento.jpg\" class=\"attachment-full size-full wp-post-image\" alt=\"\" data-main-img=\"1\" decoding=\"async\" fetchpriority=\"high\"  \/><\/p>\n<p>\t\t\t\t\t\t\t \u00a9 Patrick Brunt<\/p>\n<p>\t\t\t\t\t<a href=\"https:\/\/cyclingpro.net\/spaziociclismo\/altro\/scopri-lapp-ufficiale-di-spaziociclismo\/\" title=\"\" rel=\"nofollow noopener\" target=\"_blank\"><br \/>\n\t\t\t\t\t\t<img loading=\"lazy\" decoding=\"async\" src=\"https:\/\/www.europesays.com\/it\/wp-content\/uploads\/2025\/09\/1758060682_662_Banner-App-SpazioCiclismo.png\" alt=\"\" width=\"728\" height=\"91\"\/><br \/>\n\t\t\t\t\t<\/a><\/p>\n<p>Il <strong>Team Picnic PostNL<\/strong> ha annunciato i primi tre innesti per la stagione 2026. Ad unirsi alla compagine neerlandese sono lo scalatore britannico <strong>James Knox<\/strong>, che ha firmato un contratto valido solo per un anno con la sua nuova squadra e lascia dopo sette annate la Soudal Quick-Step, l\u2019irlandese <strong>Dillon Corkery<\/strong>, che in questo finale di 2025 ha corso come stagista con il team e che approda per la prima volta a livello WorldTour dopo aver trascorso gli ultimi due anni con la St Michel-Preference Home-Auber93, e il 20enne britannico <strong>Oliver Peace<\/strong>, che nelle ultime due stagioni ha militato nella formazione di sviluppo della squadra diretta da Iwan Spekenbrink. Gli ultimi due hanno firmato un biennale, dunque con scadenza a fine 2027.<\/p>\n<p>\u201cCi\u00f2 che mi ha attratto del Team Picnic PostNL \u00e8 l\u2019opportunit\u00e0 di entrare a far parte di una squadra con una comprovata esperienza ai massimi livelli e di <strong>lavorare con giovani corridori di talento come i miei connazionali Oscar Onley e Max Poole<\/strong> \u2013 le parole di Knox \u2013 Sono entusiasta di entrare a far parte di una squadra con una forte cultura e di contribuire al suo continuo successo. Mi descriverei come un corridore esperto e affidabile nelle gare a tappe e nei Grandi Giri, qualcuno che ha contribuito a grandi vittorie e che \u00e8 desideroso di farlo di nuovo con il Team Picnic PostNL. <strong>Il mio obiettivo \u00e8 sempre quello di ottenere i migliori risultati possibili nelle gare pi\u00f9 importanti<\/strong> e, in sella alla mia bicicletta, offro sostegno e costanza, mentre gi\u00f9 dalla bici cerco di essere una presenza positiva e motivante all\u2019interno della squadra\u201d.<\/p>\n<p>\u201cHo sempre desiderato far parte di una squadra che unisse professionalit\u00e0 e libert\u00e0 di crescita, e il Team Picnic PostNL mi \u00e8 sembrato perfetto \u2013 ha dichiarato il 26enen Corkey \u2013 <strong>Sono particolarmente entusiasta di poter partecipare a gare che sogno fin da bambino, come le Classiche e forse anche un Grande Giro. Mi descriverei come un corridore grintoso che ama gli arrivi veloci e che sa supportare i velocisti quando serve<\/strong>. Il mio obiettivo \u00e8 contribuire a creare un ambiente vincente e mantenere questo slancio per tutta la stagione. In sella alla bicicletta apporto esperienza e know-how tattico, mentre fuori dalla bicicletta cerco di creare un\u2019atmosfera calma e rilassata e di divertirmi un po\u2019 con i compagni\u201d.<\/p>\n<p>\u201cHo davvero apprezzato i miei primi due anni con la formazione di sviluppo e le opportunit\u00e0 che ho avuto con la squadra WorldTour sono state preziose \u2013 ha aggiunto Peace \u2013 <strong>La fiducia che gli allenatori e la squadra hanno riposto in me mi ha dato molta sicurezza<\/strong>. Fin dall\u2019inizio mi sono sentito davvero a mio agio in questo ambiente e ho gi\u00e0 collezionato molti bei ricordi con la squadra. Correre in Rwanda all\u2019inizio di quest\u2019anno \u00e8 stata un\u2019esperienza speciale, e anche la mia prima gara da professionista al Tour of the Alps lo scorso anno \u00e8 stata divertente, ma il mio ricordo preferito finora \u00e8 sicuramente quello di aver corso sulle strade di casa al Tour of Britain lo scorso anno. <strong>Guardando al futuro, voglio solo continuare a crescere con la squadra e trovare il mio posto a livello WorldTour, contribuendo il pi\u00f9 possibile e imparando il pi\u00f9 possibile dai ragazzi pi\u00f9 esperti<\/strong>\u201c.<\/p>\n<p>Seguici<\/p>\n<p>\t\t\t\t\t\t\t\t\t\t<a href=\"https:\/\/news.google.com\/publications\/CAAqBwgKMNaVhQswhaiCAw?hl=it&amp;gl=IT&amp;ceid=IT%3Ait\" title=\"Google News\" target=\"_blank\" rel=\"nofollow noopener\" class=\"post-followus-btn google-new-btn\"><br \/>\n\t\t\t\t\t\t<img decoding=\"async\" src=\"https:\/\/cyclingpro.net\/spaziociclismo\/wp-content\/themes\/jannah\/assets\/images\/google-news.svg\" alt=\"Google News\" loading=\"lazy\" width=\"120\" height=\"22\"\/><br \/>\n\t\t\t\t\t<\/a><br \/>\n\t\t\t\t\t\t\t\t\t\t<a href=\"https:\/\/flipboard.com\/@SpazioCiclismo\" title=\"Flipboard\" target=\"_blank\" rel=\"nofollow noopener\" class=\"post-followus-btn flipboard-btn\"><br \/>\n\t\t\t\t\t\t<img decoding=\"async\" src=\"https:\/\/cyclingpro.net\/spaziociclismo\/wp-content\/themes\/jannah\/assets\/images\/flipboard.svg\" alt=\"Flipboard\" loading=\"lazy\" width=\"152\" height=\"30\"\/><br \/>\n\t\t\t\t\t<\/a><\/p>\n","protected":false},"excerpt":{"rendered":"\u00a9 Patrick Brunt Il Team Picnic PostNL ha annunciato i primi tre innesti per la stagione 2026. Ad&hellip;\n","protected":false},"author":3,"featured_media":153666,"comment_status":"","ping_status":"","sticky":false,"template":"","format":"standard","meta":{"footnotes":""},"categories":[1456],"tags":[1824,1849,1825,95119,1537,90,89,95120,95121,245,244,29368],"class_list":{"0":"post-153665","1":"post","2":"type-post","3":"status-publish","4":"format-standard","5":"has-post-thumbnail","7":"category-ciclismo","8":"tag-ciclismo","9":"tag-ciclomercato-2026","10":"tag-cycling","11":"tag-dillon-corkery","12":"tag-it","13":"tag-italia","14":"tag-italy","15":"tag-james-knox","16":"tag-oliver-peace","17":"tag-sport","18":"tag-sports","19":"tag-team-picnic-postnl-2025"},"share_on_mastodon":{"url":"","error":""},"_links":{"self":[{"href":"https:\/\/www.europesays.com\/it\/wp-json\/wp\/v2\/posts\/153665","targetHints":{"allow":["GET"]}}],"collection":[{"href":"https:\/\/www.europesays.com\/it\/wp-json\/wp\/v2\/posts"}],"about":[{"href":"https:\/\/www.europesays.com\/it\/wp-json\/wp\/v2\/types\/post"}],"author":[{"embeddable":true,"href":"https:\/\/www.europesays.com\/it\/wp-json\/wp\/v2\/users\/3"}],"replies":[{"embeddable":true,"href":"https:\/\/www.europesays.com\/it\/wp-json\/wp\/v2\/comments?post=153665"}],"version-history":[{"count":0,"href":"https:\/\/www.europesays.com\/it\/wp-json\/wp\/v2\/posts\/153665\/revisions"}],"wp:featuredmedia":[{"embeddable":true,"href":"https:\/\/www.europesays.com\/it\/wp-json\/wp\/v2\/media\/153666"}],"wp:attachment":[{"href":"https:\/\/www.europesays.com\/it\/wp-json\/wp\/v2\/media?parent=153665"}],"wp:term":[{"taxonomy":"category","embeddable":true,"href":"https:\/\/www.europesays.com\/it\/wp-json\/wp\/v2\/categories?post=153665"},{"taxonomy":"post_tag","embeddable":true,"href":"https:\/\/www.europesays.com\/it\/wp-json\/wp\/v2\/tags?post=153665"}],"curies":[{"name":"wp","href":"https:\/\/api.w.org\/{rel}","templated":true}]}}