{"id":153681,"date":"2025-10-08T16:38:08","date_gmt":"2025-10-08T16:38:08","guid":{"rendered":"https:\/\/www.europesays.com\/it\/153681\/"},"modified":"2025-10-08T16:38:08","modified_gmt":"2025-10-08T16:38:08","slug":"mattarella-riceve-al-quirinale-le-due-nazionali-di-volley-velasco-vittorie-e-diversita-le-nostre-ragazze-un-modello-da-seguire","status":"publish","type":"post","link":"https:\/\/www.europesays.com\/it\/153681\/","title":{"rendered":"Mattarella riceve al Quirinale le due Nazionali di volley. Velasco: \u00abVittorie e diversit\u00e0: le nostre ragazze un modello da seguire\u00bb"},"content":{"rendered":"<p>    di<br \/>\n    Pierfrancesco Catucci<\/p>\n<p class=\"summary-art is-line-h-12\">Il Capo dello Stato ha omaggiato i ragazzi di De Giorgi e le ragazze di Velasco dopo i due titoli mondiali<\/p>\n<p class=\"chapter-paragraph\">A un anno dall\u2019incontro post olimpico, gli azzurri e le azzurre che solo poche settimane fa si sono laureati campioni del mondo \u2013 guidati dal presidente del Coni Luciano Buonfiglio e dal numero uno della Federvolley Giuseppe Manfredi \u2013 sono stati ricevuti<b> dal Presidente della Repubblica Sergio Mattarella<\/b> che, come spesso accaduto anche in passato, ha raccontato di aver seguito con passione il cammino iridato sia <b>delle ragazze di Julio Velasco che dei ragazzi di Fef\u00e8 De Giorgi<\/b>. \u00abI sacrifici, le difficolt\u00e0, le rinunce, la pressione che si avverte, gli affetti personali a distanza \u2013 ha sottolineato Mattarella \u2013 rappresentano un prezzo che si paga e un sacrificio alto. Naturalmente il tutto viene affiancato dalla passione, \u00e8 questa la base dei successi. Ma trovo una ricompensa, nei successi e nell\u2019affetto che vi circonda. E c\u2019\u00e8 un\u2019altra ricompensa ai sacrifici e agli impegni che svolgete: quella di avere spinto, sollecitato, esortato e incoraggiato tante bambine e tanti bambini, tante ragazze e tanti ragazzi, a dedicarsi alla pallavolo o comunque a uno sport. Questo \u00e8 un contributo grande per la vita del nostro Paese e per i nostri giovani\u00bb.<\/p>\n<p class=\"chapter-paragraph\">Il capo dello stato ha ricevuto in dono le medaglie d\u2019oro degli azzurri e ha sottolineato come, in occasione dell\u2019inaugurazione del nuovo anno scolastico a cui ha preso parte anche Velasco, il c.t. delle azzurre abbia fatto un intervento \u00aba difesa dei giovani e contro quelli della mia generazione, che ogni tanto si lamentano e li criticano. L\u2019ho applaudito molto, con molto calore e convinzione, perch\u00e9 sono convinto che stia crescendo e stia venendo su una straordinaria e positiva generazione giovanile. Questo incoraggiamento ai giovani si avvale anche del vostro esempio, del vostro trascinamento e nella dimostrazione che si si possono avere dei sogni\u00bb. Lo stesso Velasco ha spiegato come, in un momento storico segnato dalle divisioni, \u00ablo sport possa difendere una cultura democratica e convivere con la diversit\u00e0. La squadra femminile credo sia un modello da seguire e ammirare. Abbiamo molta diversit\u00e0, una diversit\u00e0 per\u00f2 vincente e che riesce a lavorare insieme, perch\u00e9 si lavora per un&#8217;unica funzione, quella di raggiungere un determinato obiettivo: vincere\u00bb.<br \/>&#13;<br \/>\n&#13;<br \/>\n&#13;<br \/>\n&#13;<br \/>\n&#13;<br \/>\n&#13;<br \/>\n&#13;<br \/>\n&#13;<br \/>\n&#13;<br \/>\n&#13;<br \/>\n&#13;<br \/>\n&#13;<br \/>\n&#13;<br \/>\n&#13;<br \/>\n&#13;<br \/>\n&#13;<br \/>\n&#13;<br \/>\n&#13;<br \/>\n&#13;<br \/>\n&#13;<br \/>\n&#13;<br \/>\n&#13;<br \/>\n&#13;<br \/>\n&#13;<br \/>\n&#13;<br \/>\n&#13;<br \/>\n&#13;<br \/>\n&#13;<br \/>\n&#13;<br \/>\n&#13;<br \/>\n&#13;<br \/>\n&#13;<br \/>\n&#13;<br \/>\n&#13;<br \/>\n&#13;<br \/>\n&#13;<br \/>\n&#13;<br \/>\n&#13;<br \/>\n&#13;<br \/>\n&#13;<br \/>\n&#13;<br \/>\n&#13;<br \/>\n&#13;<br \/>\n&#13;<br \/>\n&#13;<br \/>\n&#13;<br \/>\n&#13;<br \/>\n&#13;<br \/>\n&#13;<br \/>\n&#13;<br \/>\n&#13;<br \/>\n&#13;<br \/>\n&#13;\n<\/p>\n<p class=\"chapter-paragraph\">De Giorgi ha aggiunto come questa vittoria \u00abrifletta il valore immenso della Nostra Italia complessa ma immensa nella sua storia e nel suo sentire morale. L\u2019altra volta le avevo confidato del nostro grido agonistico di \u201cNoi Italia\u201d. Oggi le voglio confidare le tre parole imperative che abbiamo utilizzato grazie all\u2019ispirazione del nostro fisioterapista toscano Pito, nelle due ultime partite: \u201cdivertitevi\u201d, \u201clottate\u201d e \u201cresistete\u201d\u00bb. Chiudendo con la sua consueta ironia, nell\u2019ilarit\u00e0 generale: \u00abSignore Presidente, lei ha ancora un po\u2019 di anni di mandato, io qualcuno di meno: mi piacerebbe rivederla a breve\u00bb.<\/p>\n<p class=\"chapter-paragraph\">Assenti per impegni con i club Simone Giannelli e Roberto Russo di Perugia, Yuri Roman\u00f2 volato in Siberia e Miriam Sylla e Alessia Orro che si sono trasferite a Istanbul, con le squadre c\u2019era Daniele Lavia, lo schiacciatore che ha dovuto rinunciare al Mondiale poche settimane prima della partenza per le Filippine a causa di un bruttissimo infortunio alla mano. E allora \u00e8 toccato al vice capitano Simone Anzani, che proprio nella cena post finale ha annunciato alla squadra il ritiro dalla Nazionale dopo i problemi cardiaci che hanno condizionato le estati 2023 e 2024 e che l\u2019hanno quasi costretto a lasciare la pallavolo, salutare Mattarella. \u00abQuesta coppa appartiene all\u2019Italia: a chi ha creduto in noi, a chi ci ha seguito con emozione e a chi, guardandoci giocare, ha ritrovato l\u2019orgoglio di sentirsi parte di un Paese capace di primeggiare anche nelle sfide pi\u00f9 difficili. Signor Presidente, dedichiamo questa vittoria al nostro Paese. Lo facciamo con l\u2019orgoglio di aver portato in alto i colori dell\u2019Italia, certi che questo successo possa ispirare le nuove generazioni a credere nei propri sogni, con la stessa determinazione e lo stesso cuore che ci hanno guidato in campo\u00bb.<\/p>\n<p class=\"chapter-paragraph\">Un orgoglio testimoniato anche dalla capitana azzurra Anna Danesi che, dopo aver ringraziato le compagne, lo staff e la Federvolley, ha spiegato quanto importanti possano essere questi successi per tutto il movimento: \u00abOggi contiamo 281.349 atlete tesserate: un numero straordinario, che testimonia una passione in crescita e ci fa gridare con convinzione che il futuro della pallavolo femminile italiana non pu\u00f2 che essere fantastico. E a queste bambine e queste ragazze che sognano di arrivare fin qui, voglio dire una cosa semplicissima: fate sport. Fatelo a scuola e nel tempo libero, di giorno, di sera e se necessario anche di notte. Non ascoltate chi dice che lo sport \u00e8 nemico dello studio. Perch\u00e9 lo sport allena la concentrazione, rafforza il corpo e la mente, e vi dar\u00e0 quella determinazione che vi aiuter\u00e0 anche tra i banchi. Abbiamo tanti esempi di campionesse e campioni del volley che sono riusciti a completare con successo il loro percorso scolastico, senza mai dover scegliere tra un sogno e l\u2019istruzione\u00bb.\u00a0<\/p>\n<p class=\"is-last-update\" datetime=\"2025-10-08T18:05:30+02:00\">8 ottobre 2025 ( modifica il 8 ottobre 2025 | 18:05)<\/p>\n<p class=\"is-copyright\">\n            \u00a9 RIPRODUZIONE RISERVATA\n        <\/p>\n","protected":false},"excerpt":{"rendered":"di Pierfrancesco Catucci Il Capo dello Stato ha omaggiato i ragazzi di De Giorgi e le ragazze di&hellip;\n","protected":false},"author":3,"featured_media":153682,"comment_status":"","ping_status":"","sticky":false,"template":"","format":"standard","meta":{"footnotes":""},"categories":[176],"tags":[4197,2537,3064,4700,11970,2037,777,4162,277,25038,10799,8828,95127,1944,1597,25039,1598,8675,1537,90,89,20322,2506,95128,1312,10800,2347,1950,14492,95129,978,135,3181,1699,45673,3999,21254,22479,8910,8206,9654,796,11268,245,244,1857,1838,1886,659,5248,15822,2224,8188,1869],"class_list":{"0":"post-153681","1":"post","2":"type-post","3":"status-publish","4":"format-standard","5":"has-post-thumbnail","7":"category-sport","8":"tag-alto","9":"tag-altra","10":"tag-azzurre","11":"tag-azzurri","12":"tag-bambine","13":"tag-campioni","14":"tag-capo","15":"tag-convinzione","16":"tag-de","17":"tag-de-giorgi","18":"tag-determinazione","19":"tag-diversita","20":"tag-federvolley","21":"tag-femminile","22":"tag-generazione","23":"tag-giorgi","24":"tag-giovani","25":"tag-impegni","26":"tag-it","27":"tag-italia","28":"tag-italy","29":"tag-mattarella","30":"tag-modello","31":"tag-modello-seguire","32":"tag-numero","33":"tag-orgoglio","34":"tag-pallavolo","35":"tag-passione","36":"tag-poche","37":"tag-poche-settimane","38":"tag-post","39":"tag-presidente","40":"tag-ragazze","41":"tag-ragazzi","42":"tag-ricompensa","43":"tag-sacrifici","44":"tag-scolastico","45":"tag-seguire","46":"tag-settimane","47":"tag-simone","48":"tag-sogni","49":"tag-sottolineato","50":"tag-spiegato","51":"tag-sport","52":"tag-sports","53":"tag-squadra","54":"tag-successi","55":"tag-successo","56":"tag-tante","57":"tag-tanti","58":"tag-velasco","59":"tag-vittoria","60":"tag-voglio","61":"tag-volley"},"share_on_mastodon":{"url":"","error":""},"_links":{"self":[{"href":"https:\/\/www.europesays.com\/it\/wp-json\/wp\/v2\/posts\/153681","targetHints":{"allow":["GET"]}}],"collection":[{"href":"https:\/\/www.europesays.com\/it\/wp-json\/wp\/v2\/posts"}],"about":[{"href":"https:\/\/www.europesays.com\/it\/wp-json\/wp\/v2\/types\/post"}],"author":[{"embeddable":true,"href":"https:\/\/www.europesays.com\/it\/wp-json\/wp\/v2\/users\/3"}],"replies":[{"embeddable":true,"href":"https:\/\/www.europesays.com\/it\/wp-json\/wp\/v2\/comments?post=153681"}],"version-history":[{"count":0,"href":"https:\/\/www.europesays.com\/it\/wp-json\/wp\/v2\/posts\/153681\/revisions"}],"wp:featuredmedia":[{"embeddable":true,"href":"https:\/\/www.europesays.com\/it\/wp-json\/wp\/v2\/media\/153682"}],"wp:attachment":[{"href":"https:\/\/www.europesays.com\/it\/wp-json\/wp\/v2\/media?parent=153681"}],"wp:term":[{"taxonomy":"category","embeddable":true,"href":"https:\/\/www.europesays.com\/it\/wp-json\/wp\/v2\/categories?post=153681"},{"taxonomy":"post_tag","embeddable":true,"href":"https:\/\/www.europesays.com\/it\/wp-json\/wp\/v2\/tags?post=153681"}],"curies":[{"name":"wp","href":"https:\/\/api.w.org\/{rel}","templated":true}]}}