{"id":153691,"date":"2025-10-08T16:43:09","date_gmt":"2025-10-08T16:43:09","guid":{"rendered":"https:\/\/www.europesays.com\/it\/153691\/"},"modified":"2025-10-08T16:43:09","modified_gmt":"2025-10-08T16:43:09","slug":"wolfgang-porsche-il-magnate-di-82-anni-fa-scavare-un-tunnel-sotto-la-sua-villa-per-arrivare-piu-velocemente-in-centro-rivolta-a-salisburgo","status":"publish","type":"post","link":"https:\/\/www.europesays.com\/it\/153691\/","title":{"rendered":"Wolfgang Porsche, il magnate di 82 anni fa scavare un tunnel sotto la sua villa per arrivare (pi\u00f9 velocemente) in centro: rivolta a Salisburgo"},"content":{"rendered":"<p>Guidare a 82 anni d&#8217;inverno per l\u2019unica stradina che dalla collina di Kapuzinerberg porta a Salisburgo non \u00e8 molto semplice, anche se si \u00e8 al volante di un&#8217;auto di lusso. Cos\u00ec Wolfgang <a href=\"https:\/\/www.ilmessaggero.it\/t\/porsche\" rel=\"nofollow noopener\" target=\"_blank\">Porsche<\/a>, decano dell\u2019omonima dinastia automobilistica proprietaria dei marchi Volkswagen e Porsche, di cui \u00e8 primo azionista, ha pensato una soluzione efficace: farsi scavare un tunnel privato che collega direttamente il centro della citt\u00e0 con il garage della villa. Ma la cosa ha scatenato non poche polemiche.<\/p>\n","protected":false},"excerpt":{"rendered":"Guidare a 82 anni d&#8217;inverno per l\u2019unica stradina che dalla collina di Kapuzinerberg porta a Salisburgo non \u00e8&hellip;\n","protected":false},"author":3,"featured_media":153692,"comment_status":"","ping_status":"","sticky":false,"template":"","format":"standard","meta":{"footnotes":""},"categories":[160],"tags":[14,164,165,166,7,15,6243,11,167,12,168,94657,161,162,163],"class_list":{"0":"post-153691","1":"post","2":"type-post","3":"status-publish","4":"format-standard","5":"has-post-thumbnail","7":"category-mondo","8":"tag-cronaca","9":"tag-dal-mondo","10":"tag-dalmondo","11":"tag-mondo","12":"tag-news","13":"tag-notizie","14":"tag-porsche","15":"tag-ultime-notizie","16":"tag-ultime-notizie-di-mondo","17":"tag-ultimenotizie","18":"tag-ultimenotiziedimondo","19":"tag-wolfgang-porsche","20":"tag-world","21":"tag-world-news","22":"tag-worldnews"},"share_on_mastodon":{"url":"","error":""},"_links":{"self":[{"href":"https:\/\/www.europesays.com\/it\/wp-json\/wp\/v2\/posts\/153691","targetHints":{"allow":["GET"]}}],"collection":[{"href":"https:\/\/www.europesays.com\/it\/wp-json\/wp\/v2\/posts"}],"about":[{"href":"https:\/\/www.europesays.com\/it\/wp-json\/wp\/v2\/types\/post"}],"author":[{"embeddable":true,"href":"https:\/\/www.europesays.com\/it\/wp-json\/wp\/v2\/users\/3"}],"replies":[{"embeddable":true,"href":"https:\/\/www.europesays.com\/it\/wp-json\/wp\/v2\/comments?post=153691"}],"version-history":[{"count":0,"href":"https:\/\/www.europesays.com\/it\/wp-json\/wp\/v2\/posts\/153691\/revisions"}],"wp:featuredmedia":[{"embeddable":true,"href":"https:\/\/www.europesays.com\/it\/wp-json\/wp\/v2\/media\/153692"}],"wp:attachment":[{"href":"https:\/\/www.europesays.com\/it\/wp-json\/wp\/v2\/media?parent=153691"}],"wp:term":[{"taxonomy":"category","embeddable":true,"href":"https:\/\/www.europesays.com\/it\/wp-json\/wp\/v2\/categories?post=153691"},{"taxonomy":"post_tag","embeddable":true,"href":"https:\/\/www.europesays.com\/it\/wp-json\/wp\/v2\/tags?post=153691"}],"curies":[{"name":"wp","href":"https:\/\/api.w.org\/{rel}","templated":true}]}}