{"id":153699,"date":"2025-10-08T16:51:19","date_gmt":"2025-10-08T16:51:19","guid":{"rendered":"https:\/\/www.europesays.com\/it\/153699\/"},"modified":"2025-10-08T16:51:19","modified_gmt":"2025-10-08T16:51:19","slug":"sonepar-padova-presentata-la-stagione-sportiva-2025-26","status":"publish","type":"post","link":"https:\/\/www.europesays.com\/it\/153699\/","title":{"rendered":"Sonepar Padova: presentata la stagione sportiva 2025-26"},"content":{"rendered":"<p data-start=\"468\" data-end=\"873\">\u00c8 stata una serata di grande emozione e comunit\u00e0 quella di ieri alla Kioene Arena, dove Sonepar Padova ha ufficialmente presentato la squadra in vista della stagione di SuperLega Credem Banca 2025-26. Pi\u00f9 di 250 tra sponsor, dirigenti, tecnici, autorit\u00e0 e giornalisti hanno gremito l\u2019arena, testimoniando l\u2019entusiasmo che accompagna la vigilia di un nuovo campionato.<\/p>\n<p><a rel=\"nofollow noopener\" target=\"_blank\" href=\"https:\/\/www.instagram.com\/gelateriagiannipadova\/\"><br \/>\n <img decoding=\"async\" id=\"img_9313d3a\" loading=\"lazy\" data-nosnippet=\"\" aria-hidden=\"true\" src=\"https:\/\/www.europesays.com\/it\/wp-content\/uploads\/2025\/08\/1753083168616.png\" alt=\"1753083168616.png\"\/><br \/>\n <\/a><\/p>\n<p data-start=\"468\" data-end=\"873\"><img loading=\"lazy\" decoding=\"async\" src=\"https:\/\/www.europesays.com\/it\/wp-content\/uploads\/2025\/10\/IMG_4993-1759938800171.JPG\" alt=\"\" width=\"1280\" height=\"853\"\/><\/p>\n<p data-start=\"875\" data-end=\"1291\">A condurre l\u2019evento, Martina Moscato e Massimo Salmaso, che hanno alternato interviste e momenti istituzionali sul palco. Sono intervenuti il Presidente Giancarlo Bettio, il Past President Fabio Cremonese, il Sindaco Sergio Giordani, l\u2019Assessore allo Sport Diego Bonavina, il Prorettore all\u2019Universit\u00e0 di Padova Antonio Paoli e Andrea Bernardinello, responsabile area Nord di Sonepar Italia, main sponsor del club.<\/p>\n<p data-start=\"1293\" data-end=\"1527\">Un momento di rilievo della serata \u00e8 stata la presentazione della Fondazione Veneta Terapia Cellulare del Diabete, nuovo partner benefico della societ\u00e0, impegnata nella ricerca e nelle terapie innovative contro il diabete di tipo 1.<\/p>\n<p data-start=\"1529\" data-end=\"1929\">Non sono mancati i momenti di spettacolo: le nuove divise ufficiali sono state svelate, confermando il nero per la maglia casalinga e il bianco per quella da trasferta, mentre i liberi indosseranno tonalit\u00e0 di ottanio, acquamarina, verde e lavanda. Lo show delle Lumen Invoco ha completato la presentazione con giochi di luce e coreografie luminose che hanno reso la serata ancora pi\u00f9 coinvolgente.<\/p>\n<p><a rel=\"nofollow noopener\" target=\"_blank\" href=\"https:\/\/www.provincia.padova.it\/calendario-eventi-sul-territorio#\/eventi\"><br \/>\n <img decoding=\"async\" id=\"img_f38c92d\" loading=\"lazy\" data-nosnippet=\"\" aria-hidden=\"true\" src=\"https:\/\/www.europesays.com\/it\/wp-content\/uploads\/2025\/10\/1758188447155.jpg\" alt=\"1758188447155.jpg\"\/><br \/>\n <\/a><\/p>\n<p data-start=\"1931\" data-end=\"2222\">\u201c\u2018Pi\u00f9 di una squadra\u2019 non \u00e8 solo il nostro slogan per questa stagione, \u00e8 la nostra identit\u00e0\u201d, ha spiegato il Presidente Bettio. \u201cDietro la prima squadra c\u2019\u00e8 un mondo fatto di rapporti umani, settore giovanile, attivit\u00e0 estive e Accademia. Questo \u00e8 ci\u00f2 che rende Pallavolo Padova speciale.\u201d<\/p>\n<p data-start=\"2224\" data-end=\"2441\">Il Past President Cremonese ha aggiunto: \u201cOggi siamo oltre 120 aziende che sostengono la societ\u00e0, ma la squadra \u00e8 della citt\u00e0, non solo dei dirigenti. \u00c8 grazie a questo senso di comunit\u00e0 che continuiamo a crescere.\u201d<\/p>\n<p data-start=\"2224\" data-end=\"2441\"><img loading=\"lazy\" decoding=\"async\" src=\"https:\/\/www.europesays.com\/it\/wp-content\/uploads\/2025\/10\/IMG_4998-1759938808526.JPG\" alt=\"\" width=\"1280\" height=\"854\"\/><\/p>\n<p data-start=\"2443\" data-end=\"2754\">Il Sindaco Giordani ha sottolineato l\u2019importanza della squadra per Padova, ringraziando sponsor e istituzioni che supportano il progetto. L\u2019Assessore Bonavina ha ricordato l\u2019impegno per la riqualificazione della Kioene Arena e la costruzione della nuova palestra, che aggiunger\u00e0 valore all\u2019impianto cittadino.<\/p>\n<p><a rel=\"nofollow noopener\" target=\"_blank\" href=\"https:\/\/www.etraspa.it\/combatti-con-noi-lo-spreco-alimentare-e-risparmia\"><br \/>\n <img decoding=\"async\" id=\"img_dce486f\" loading=\"lazy\" data-nosnippet=\"\" aria-hidden=\"true\" src=\"https:\/\/www.europesays.com\/it\/wp-content\/uploads\/2025\/07\/1747819595395.png\" alt=\"1747819595395.png\"\/><br \/>\n <\/a><\/p>\n<p data-start=\"2756\" data-end=\"3015\">Andrea Bernardinello di Sonepar Italia ha chiuso con un messaggio di sostegno e continuit\u00e0: \u201cRinnovare la partnership significa condividere valori di impegno, passione e gioco di squadra e portare avanti la cultura dello sport per i giovani del territorio.\u201d<\/p>\n<p>\t\t\t<script async src=\"\/\/www.instagram.com\/embed.js\"><\/script><\/p>\n","protected":false},"excerpt":{"rendered":"\u00c8 stata una serata di grande emozione e comunit\u00e0 quella di ieri alla Kioene Arena, dove Sonepar Padova&hellip;\n","protected":false},"author":3,"featured_media":153700,"comment_status":"","ping_status":"","sticky":false,"template":"","format":"standard","meta":{"footnotes":""},"categories":[1474],"tags":[95134,37223,54081,1537,90,89,54079,95131,95132,79857,95133,26136,245,244,95135,1869],"class_list":{"0":"post-153699","1":"post","2":"type-post","3":"status-publish","4":"format-standard","5":"has-post-thumbnail","7":"category-volley","8":"tag-andrea-bernardinello","9":"tag-diego-bonavina","10":"tag-giancarlo-bettio","11":"tag-it","12":"tag-italia","13":"tag-italy","14":"tag-kioene-arena","15":"tag-martina-moscato","16":"tag-massimo-salmaso","17":"tag-pallavolo-padova","18":"tag-sergio-giordani","19":"tag-sonepar-padova","20":"tag-sport","21":"tag-sports","22":"tag-universita-di-padova","23":"tag-volley"},"share_on_mastodon":{"url":"","error":""},"_links":{"self":[{"href":"https:\/\/www.europesays.com\/it\/wp-json\/wp\/v2\/posts\/153699","targetHints":{"allow":["GET"]}}],"collection":[{"href":"https:\/\/www.europesays.com\/it\/wp-json\/wp\/v2\/posts"}],"about":[{"href":"https:\/\/www.europesays.com\/it\/wp-json\/wp\/v2\/types\/post"}],"author":[{"embeddable":true,"href":"https:\/\/www.europesays.com\/it\/wp-json\/wp\/v2\/users\/3"}],"replies":[{"embeddable":true,"href":"https:\/\/www.europesays.com\/it\/wp-json\/wp\/v2\/comments?post=153699"}],"version-history":[{"count":0,"href":"https:\/\/www.europesays.com\/it\/wp-json\/wp\/v2\/posts\/153699\/revisions"}],"wp:featuredmedia":[{"embeddable":true,"href":"https:\/\/www.europesays.com\/it\/wp-json\/wp\/v2\/media\/153700"}],"wp:attachment":[{"href":"https:\/\/www.europesays.com\/it\/wp-json\/wp\/v2\/media?parent=153699"}],"wp:term":[{"taxonomy":"category","embeddable":true,"href":"https:\/\/www.europesays.com\/it\/wp-json\/wp\/v2\/categories?post=153699"},{"taxonomy":"post_tag","embeddable":true,"href":"https:\/\/www.europesays.com\/it\/wp-json\/wp\/v2\/tags?post=153699"}],"curies":[{"name":"wp","href":"https:\/\/api.w.org\/{rel}","templated":true}]}}