{"id":153707,"date":"2025-10-08T16:55:11","date_gmt":"2025-10-08T16:55:11","guid":{"rendered":"https:\/\/www.europesays.com\/it\/153707\/"},"modified":"2025-10-08T16:55:11","modified_gmt":"2025-10-08T16:55:11","slug":"toyota-ha-iniziato-i-test-con-la-gr010-evo-le-prime-immagini","status":"publish","type":"post","link":"https:\/\/www.europesays.com\/it\/153707\/","title":{"rendered":"Toyota ha iniziato i test con la GR010 EVO: le prime immagini"},"content":{"rendered":"<p>La Toyota ha cominciato i test con la versione aggiornata della GR010 Hybrid che porter\u00e0 in pista nella stagione 2026 del FIA World Endurance Championship.<\/p>\n<p>La Casa giapponese ha utilizzato il Circuit Paul Ricard per svolgere le prime prove comparative tra il modello attuale della sua Hypercar e quello dotato di una rinnovata aerodinamica.<\/p>\n<p>Dalle immagini &#8216;teaser&#8217; che erano state pubblicate la settimana scorsa si potevano notare gi\u00e0 alcune differenze, messe in evidenza anche dalle foto scattate a Le Castellet durante la prima uscita.<\/p>\n<p>Dotata di livrea mimetica rosso-bianco-grigio-nera per non mostrare tutte le sue forme, la Toyota evoluta mette per\u00f2 gi\u00e0 in risalto quello che si era potuto apprezzare in anticipo, ossia un muso completamente ridisegnato e decisamente pi\u00f9 basso, come si pu\u00f2 apprezzare nella vista di fianco.<\/p>\n<p>\u00a0<\/p>\n<p>Mentre lo splitter mantiene la sua precedente linea ricurva verso il basso nelle sezioni laterali, i fari sono totalmente diversi rispetto alla versione precedente, posizionati nella parte inferiore del passaruota e orizzontalmente sul bordo, riprendendo il concetto gi\u00e0 visto sulla Ferrari 499P.<\/p>\n<p>Di conseguenza, anche i passaruota sono meno tondeggianti, fondendosi in maniera differente e pi\u00f9 lineare con la carrozzeria, che evidenzia ancora il raccordo tra i due lati lasciando un&#8217;ampia apertura inferiore per convogliare l&#8217;aria dallo splitter verso l&#8217;abitacolo e le fiancate.<\/p>\n<p>L&#8217;altra parte ripensata da tecnici ed ingegneri di Toyota Gazoo Racing riguarda l&#8217;ala posteriore e la relativa fanaliera, la quale si sviluppa sempre orizzontalmente per tutta la larghezza, ma assumendo una nuova forma ai lati, in prossimit\u00e0 delle bandelle dei passaruota posteriori, con chiara funzione aerodinamica.<\/p>\n<p>Anche l&#8217;attacco laterale e le paratie dell&#8217;alettone sono molto diverse rispetto alla precedente versione, con il profilo centrale che adesso assume una forma arcuata a cucchiaio centralmente, mantenendo i due supporti a &#8216;collo di cigno&#8217; e aggiungendo un paio di profili proprio in prossimit\u00e0 della curvatura.<\/p>\n<p>Ora attendiamo con ansia i dettagli tecnici &#8211; sempre che arrivino &#8211; su tutte le modifiche apportate alla GR010 Hybrid, mentre sarebbe altres\u00ec curioso, nonch\u00e9 doveroso, conoscere quanti Joker Evo sono stati spesi per queste novit\u00e0, una volta completato il processo di omologazione.<\/p>\n<p>Le prove intanto proseguiranno anche domani, dopo che un primo Shakedown era stato messo in atto in Germania a met\u00e0 agosto. Il programma prevede poi ulteriori test a fine mese, con l&#8217;ultima sessione prevista il 10-12 dicembre in Qatar.<\/p>\n<p>Leggi anche:<\/p>\n<p>            Vogliamo la vostra opinione!<\/p>\n<p class=\"mt-auto\">Cosa vorresti vedere su Motorsport.com?<\/p>\n<p>            <a href=\"#\" class=\"ms-link text-link font-bold\">Partecipate al nostro sondaggio di 5 minuti.<\/a><\/p>\n<p class=\"mt-1 font-info text-body\">&#8211; Il team di Motorsport.com<\/p>\n","protected":false},"excerpt":{"rendered":"La Toyota ha cominciato i test con la versione aggiornata della GR010 Hybrid che porter\u00e0 in pista nella&hellip;\n","protected":false},"author":3,"featured_media":153708,"comment_status":"","ping_status":"","sticky":false,"template":"","format":"standard","meta":{"footnotes":""},"categories":[1455],"tags":[1537,90,89,1783,1784,245,244,31045,95136],"class_list":{"0":"post-153707","1":"post","2":"type-post","3":"status-publish","4":"format-standard","5":"has-post-thumbnail","7":"category-moto","8":"tag-it","9":"tag-italia","10":"tag-italy","11":"tag-moto","12":"tag-motorcycle","13":"tag-sport","14":"tag-sports","15":"tag-wec","16":"tag-wec-toyota-ha-iniziato-i-test-con-la-gr010-evo-le-prime-immagini"},"share_on_mastodon":{"url":"","error":""},"_links":{"self":[{"href":"https:\/\/www.europesays.com\/it\/wp-json\/wp\/v2\/posts\/153707","targetHints":{"allow":["GET"]}}],"collection":[{"href":"https:\/\/www.europesays.com\/it\/wp-json\/wp\/v2\/posts"}],"about":[{"href":"https:\/\/www.europesays.com\/it\/wp-json\/wp\/v2\/types\/post"}],"author":[{"embeddable":true,"href":"https:\/\/www.europesays.com\/it\/wp-json\/wp\/v2\/users\/3"}],"replies":[{"embeddable":true,"href":"https:\/\/www.europesays.com\/it\/wp-json\/wp\/v2\/comments?post=153707"}],"version-history":[{"count":0,"href":"https:\/\/www.europesays.com\/it\/wp-json\/wp\/v2\/posts\/153707\/revisions"}],"wp:featuredmedia":[{"embeddable":true,"href":"https:\/\/www.europesays.com\/it\/wp-json\/wp\/v2\/media\/153708"}],"wp:attachment":[{"href":"https:\/\/www.europesays.com\/it\/wp-json\/wp\/v2\/media?parent=153707"}],"wp:term":[{"taxonomy":"category","embeddable":true,"href":"https:\/\/www.europesays.com\/it\/wp-json\/wp\/v2\/categories?post=153707"},{"taxonomy":"post_tag","embeddable":true,"href":"https:\/\/www.europesays.com\/it\/wp-json\/wp\/v2\/tags?post=153707"}],"curies":[{"name":"wp","href":"https:\/\/api.w.org\/{rel}","templated":true}]}}