{"id":153732,"date":"2025-10-08T17:11:08","date_gmt":"2025-10-08T17:11:08","guid":{"rendered":"https:\/\/www.europesays.com\/it\/153732\/"},"modified":"2025-10-08T17:11:08","modified_gmt":"2025-10-08T17:11:08","slug":"regionali-toscana-scoppia-il-caso-conte-chiude-la-campagna-ma-diviso-da-giani-i-malumori-nel-pd","status":"publish","type":"post","link":"https:\/\/www.europesays.com\/it\/153732\/","title":{"rendered":"Regionali Toscana, scoppia il caso Conte: chiude la campagna, ma diviso da Giani. I malumori nel Pd"},"content":{"rendered":"<p>    di<br \/>\n    Claudio Bozza<\/p>\n<p class=\"summary-art is-line-h-12\">Il presidente M5S  non ha previsto un palco con il candidato del Campo largo. Poi lo spiraglio: non escluso un saluto. Previsti comizi separati di tutti i leader, evento unitario per Meloni, Salvini, Tajani e Lupi<\/p>\n<p class=\"chapter-paragraph\">Da \u00abCampo largo\u00bb a \u00abCampo sparso\u00bb. Dopo la batosta in Calabria del candidato M5S Pasquale Tridico, durissima rispetto alla sconfitta nelle Marche del dem Matteo Ricci, a poche ore dal voto per le Regionali in Toscana l\u2019alleanza Pd-M5S-Avs continua a evidenziare forti imbarazzi. A tal punto che, venerd\u00ec, il presidente del M5S Giuseppe Conte sar\u00e0 in tour nella terra del candidato Eugenio Giani (Pd), senza per\u00f2 farsi vedere sul palco al fianco del governatore uscente. <b>Dai Cinque stelle fanno poi sapere che il partito non ha organizzato un palco finale, ma non \u00e8 escluso che Conte e Giani si vedano per un saluto.<\/b>\u00a0<\/p>\n<p class=\"chapter-paragraph\">Il candidato del centrosinistra chiuder\u00e0 infatti oggi la campagna con Avs, mentre domani sar\u00e0 a Firenze con la segretaria Elly Schlein e il presidente del Pd Stefano Bonaccini. Venerd\u00ec, Matteo Renzi sosterr\u00e0 il governatore con un evento in centro a Firenze. Tutti in ordine sparso, insomma. E niente schieramento unitario dei leader, come invece far\u00e0 il centrodestra, che per la prima volta sbarcher\u00e0 in blocco nel capoluogo toscano per sostenere Alessandro Tomasi. Giorgia Meloni, Matteo Salvini, Antonio Tajani e Maurizio Lupi puntano a portare almeno tremila persone in piazza San Lorenzo, cuore popolare di Firenze, con l\u2019obiettivo di \u00abdetoscanizzare l\u2019Italia\u00bb, slogan sul quale Silvio Berlusconi ha battuto per anni. La missione, anche stavolta, risulta \u00abimpossible\u00bb, ma il centrodestra, nonostante le divisioni interne, dar\u00e0 un messaggio unitario agli elettori.    &#13;<br \/>\n&#13;<br \/>\n&#13;<br \/>\n&#13;<br \/>\n&#13;<br \/>\n&#13;<br \/>\n&#13;<br \/>\n&#13;<br \/>\n&#13;<br \/>\n&#13;<br \/>\n&#13;<br \/>\n&#13;<br \/>\n&#13;<br \/>\n&#13;<br \/>\n&#13;<br \/>\n&#13;<br \/>\n&#13;<br \/>\n&#13;<br \/>\n&#13;<br \/>\n&#13;<br \/>\n&#13;<br \/>\n&#13;<br \/>\n&#13;<br \/>\n&#13;<br \/>\n&#13;<br \/>\n&#13;<br \/>\n&#13;<br \/>\n&#13;<br \/>\n&#13;<br \/>\n&#13;<br \/>\n&#13;<br \/>\n&#13;<br \/>\n&#13;<br \/>\n&#13;<br \/>\n&#13;<br \/>\n&#13;<br \/>\n&#13;<br \/>\n&#13;<br \/>\n&#13;<br \/>\n&#13;<br \/>\n&#13;<br \/>\n&#13;<br \/>\n&#13;<br \/>\n&#13;<br \/>\n&#13;<br \/>\n&#13;<br \/>\n&#13;<br \/>\n&#13;<br \/>\n&#13;<br \/>\n&#13;<br \/>\n&#13;<br \/>\n&#13;<br \/>\n&#13;\n<\/p>\n<p class=\"chapter-paragraph\">Mentre le liti nel centrosinistra hanno portato ad una spaccatura, proprio nella \u00abregione rossa\u00bb dove \u00e8 attesa la prima vittoria dopo due tornate negative. Il risultato? Quattro alleati e quattro chiusure di campagna distinte, come nelle Marche del resto. <b>Ma stavolta Conte ha scelto di snobbare Giani.<\/b>\u00a0Sono calcoli politici, che continuano a mettere a dura prova il Campo largo, che ambisce a battere Meloni alle Politiche del 2027. <a href=\"https:\/\/corrierefiorentino.corriere.it\/notizie\/politica\/25_luglio_17\/regionali-toscana-cade-il-veto-di-conte-su-giani-ma-serve-rinnovamento-e58c69f7-bd55-46be-98a8-7723d884bxlk.shtml\" rel=\"nofollow noopener\" target=\"_blank\">Conte, in estate, aveva molto faticato per far digerire la candidatura del riformista Giani,<\/a> da sempre inviso alla base M5S, perch\u00e9 strenuo sostenitore del potenziamento dell\u2019aeroporto e favorevole ai termovalorizzatori.\u00a0<\/p>\n<p class=\"chapter-paragraph\"><b>L\u2019unico incontro pubblico tra Conte e Giani \u00e8 stato registrato lo scorso 25 settembre a un convegno dell\u2019Acli, con stretta di mano sfuggente e (sofferta) foto di rito: <\/b>\u00abSi \u00e8 messo in discussione per un nuovo progetto\u00bb, le parole dell&#8217;ex premier<b>.<\/b> La scelta di non essere al fianco di Giani ha sollevato diversi malumori nel Pd, tutti da registrare a taccuini chiusi, perch\u00e9 nessuno vuole esporsi in un momento cos\u00ec delicato:  <b>\u00abSe Conte \u00e8 cos\u00ec imbarazzato, perch\u00e9 ha sostenuto Giani?<\/b> Forse perch\u00e9 in Toscana andremo decisamente meglio che in Calabria e puntiamo a una grande vittoria con un candidato non suo?\u00bb, \u00e8 il refrain nel Pd toscano (e non). Mentre i Cinque stelle provano a gettare acqua sul fuoco. La posta in gioco \u00e8 altissima, ma ognuno sta giocando la propria partita.<\/p>\n<p>        La newsletter Diario Politico<\/p>\n<p class=\"chapter-paragraph\">Se vuoi restare aggiornato sulle notizie di politica iscriviti alla newsletter &#8220;Diario Politico&#8221;. E&#8217; dedicata agli abbonati al Corriere della Sera e arriva due volte alla settimana alle 12. Basta cliccare <a style=\"text-decoration:underline;\" href=\"https:\/\/www.corriere.it\/newsletter\/?theme=51\" rel=\"nofollow noopener\" target=\"_blank\">qui<\/a>.<\/p>\n<p class=\"is-last-update\" datetime=\"2025-10-08T18:15:46+02:00\">8 ottobre 2025 ( modifica il 8 ottobre 2025 | 18:15)<\/p>\n<p class=\"is-copyright\">\n            \u00a9 RIPRODUZIONE RISERVATA\n        <\/p>\n","protected":false},"excerpt":{"rendered":"di Claudio Bozza Il presidente M5S non ha previsto un palco con il candidato del Campo largo. Poi&hellip;\n","protected":false},"author":3,"featured_media":153733,"comment_status":"","ping_status":"","sticky":false,"template":"","format":"standard","meta":{"footnotes":""},"categories":[79],"tags":[6185,39,921,7806,2409,112,2780,631,3962,2790,95149,14,93,94,16992,451,3964,2266,30031,127,1537,90,89,7810,381,16453,95150,95151,114,58,7,15,2298,490,135,136,95152,24034,116,95153,12354,2369,11922,11,84,91,12,85,92,95148],"class_list":{"0":"post-153732","1":"post","2":"type-post","3":"status-publish","4":"format-standard","5":"has-post-thumbnail","7":"category-italia","8":"tag-calabria","9":"tag-campagna","10":"tag-campo","11":"tag-campo-largo","12":"tag-candidato","13":"tag-centrodestra","14":"tag-centrosinistra","15":"tag-cinque","16":"tag-cinque-stelle","17":"tag-conte","18":"tag-conte-giani","19":"tag-cronaca","20":"tag-cronaca-italiana","21":"tag-cronacaitaliana","22":"tag-escluso","23":"tag-evento","24":"tag-fianco","25":"tag-firenze","26":"tag-giani","27":"tag-governatore","28":"tag-it","29":"tag-italia","30":"tag-italy","31":"tag-largo","32":"tag-leader","33":"tag-lupi","34":"tag-malumori","35":"tag-malumori-pd","36":"tag-matteo","37":"tag-meloni","38":"tag-news","39":"tag-notizie","40":"tag-palco","41":"tag-pd","42":"tag-presidente","43":"tag-regionali","44":"tag-regionali-toscana","45":"tag-saluto","46":"tag-salvini","47":"tag-sparso","48":"tag-stavolta","49":"tag-stelle","50":"tag-toscana","51":"tag-ultime-notizie","52":"tag-ultime-notizie-e-news-di-oggi","53":"tag-ultime-notizie-italia","54":"tag-ultimenotizie","55":"tag-ultimenotizieenewsdioggi","56":"tag-ultimenotizieitalia","57":"tag-unitario"},"share_on_mastodon":{"url":"","error":""},"_links":{"self":[{"href":"https:\/\/www.europesays.com\/it\/wp-json\/wp\/v2\/posts\/153732","targetHints":{"allow":["GET"]}}],"collection":[{"href":"https:\/\/www.europesays.com\/it\/wp-json\/wp\/v2\/posts"}],"about":[{"href":"https:\/\/www.europesays.com\/it\/wp-json\/wp\/v2\/types\/post"}],"author":[{"embeddable":true,"href":"https:\/\/www.europesays.com\/it\/wp-json\/wp\/v2\/users\/3"}],"replies":[{"embeddable":true,"href":"https:\/\/www.europesays.com\/it\/wp-json\/wp\/v2\/comments?post=153732"}],"version-history":[{"count":0,"href":"https:\/\/www.europesays.com\/it\/wp-json\/wp\/v2\/posts\/153732\/revisions"}],"wp:featuredmedia":[{"embeddable":true,"href":"https:\/\/www.europesays.com\/it\/wp-json\/wp\/v2\/media\/153733"}],"wp:attachment":[{"href":"https:\/\/www.europesays.com\/it\/wp-json\/wp\/v2\/media?parent=153732"}],"wp:term":[{"taxonomy":"category","embeddable":true,"href":"https:\/\/www.europesays.com\/it\/wp-json\/wp\/v2\/categories?post=153732"},{"taxonomy":"post_tag","embeddable":true,"href":"https:\/\/www.europesays.com\/it\/wp-json\/wp\/v2\/tags?post=153732"}],"curies":[{"name":"wp","href":"https:\/\/api.w.org\/{rel}","templated":true}]}}