{"id":153750,"date":"2025-10-08T17:25:11","date_gmt":"2025-10-08T17:25:11","guid":{"rendered":"https:\/\/www.europesays.com\/it\/153750\/"},"modified":"2025-10-08T17:25:11","modified_gmt":"2025-10-08T17:25:11","slug":"sucic-inter-soddisfatto-dei-primi-mesi-sono-ambizioso-modric-e-chivu","status":"publish","type":"post","link":"https:\/\/www.europesays.com\/it\/153750\/","title":{"rendered":"Sucic: &#8220;Inter, soddisfatto dei primi mesi. Sono ambizioso. Modric e Chivu&#8230;&#8221;"},"content":{"rendered":"<p><a href=\"https:\/\/www.fcinter1908.it\/social\/sucic-primo-allenatore-sansiro\/\" rel=\"nofollow noopener\" target=\"_blank\">Petar Sucic<\/a>, uno dei volti nuovi dell&#8217;Inter edizione 2025\/26, ha rilasciato un&#8217;intervista ai canali ufficiali della FIFA. Il centrocampista croato si racconta, tra sogni e ambizioni, tra club e Nazionale: &#8220;Ovviamente sono molto felice che, in una fase iniziale della mia carriera, sia diventato un membro titolare di una delle migliori nazionali al mondo, una squadra che ha vinto la medaglia d&#8217;argento e quella di bronzo nelle ultime due Coppe del Mondo. So che ogni raduno della nazionale \u00e8 un&#8217;opportunit\u00e0 per imparare qualcosa di nuovo giocando al fianco di grandi calciatori, ma anche un&#8217;occasione per dimostrare il mio valore e dimostrare che merito di essere qui.<\/p>\n<p>I croati sono molto appassionati della nazionale: sappiamo cosa significa per la nostra gente. E quando vedo giocatori come Modri\u0107, Peri\u0161i\u0107, Kova\u010di\u0107 o Kramari\u0107, che hanno ottenuto i pi\u00f9 grandi successi della Croazia, dare il massimo in ogni allenamento e in ogni partita, questo \u00e8 il miglior esempio possibile di come rappresentare il nostro Paese e ottenere risultati cos\u00ec impressionanti.<\/p>\n<p>Giocare per la Croazia \u00e8 un grande onore, e so che posso guadagnarmi questo privilegio solo attraverso prestazioni costanti in campo e mantenendo l&#8217;atteggiamento e il comportamento giusti. \u00c8 cos\u00ec che funziona la nostra squadra, ed \u00e8 per questo che ha cos\u00ec tanto successo&#8221;.<\/p>\n<p class=\"is-copyright\">\u00a9 RIPRODUZIONE RISERVATA<\/p>\n","protected":false},"excerpt":{"rendered":"Petar Sucic, uno dei volti nuovi dell&#8217;Inter edizione 2025\/26, ha rilasciato un&#8217;intervista ai canali ufficiali della FIFA. Il&hellip;\n","protected":false},"author":3,"featured_media":153751,"comment_status":"","ping_status":"","sticky":false,"template":"","format":"standard","meta":{"footnotes":""},"categories":[1452],"tags":[1548,1960,35326,721,921,1902,3153,54752,1969,1970,2839,554,4021,34632,73202,4972,4297,94150,7917,7144,1278,30467,2145,1690,2606,313,3964,1740,12560,1889,95160,564,3412,229,1251,95161,11829,350,95162,1282,1537,90,89,1980,6110,18569,1285,6091,82409,2197,2051,273,4483,854,1290,4565,5389,1739,9654,245,244,1857,1886,4968],"class_list":{"0":"post-153750","1":"post","2":"type-post","3":"status-publish","4":"format-standard","5":"has-post-thumbnail","7":"category-calcio","8":"tag-allenamento","9":"tag-allenatore","10":"tag-ambizioso","11":"tag-calcio","12":"tag-campo","13":"tag-carriera","14":"tag-centrocampista","15":"tag-centrocampista-croato","16":"tag-champions","17":"tag-champions-league","18":"tag-chivu","19":"tag-club","20":"tag-compagni","21":"tag-compagni-squadra","22":"tag-competitivo","23":"tag-contento","24":"tag-coppa","25":"tag-croata","26":"tag-croato","27":"tag-croazia","28":"tag-davvero","29":"tag-dimostrare","30":"tag-dimostrato","31":"tag-domani","32":"tag-facile","33":"tag-fase","34":"tag-fianco","35":"tag-football","36":"tag-giocando","37":"tag-giocare","38":"tag-giocare-croazia","39":"tag-giocatore","40":"tag-giocatori","41":"tag-giovane","42":"tag-grandi","43":"tag-grandi-successi","44":"tag-imparare","45":"tag-inter","46":"tag-inter-ambizioso","47":"tag-intervista","48":"tag-it","49":"tag-italia","50":"tag-italy","51":"tag-league","52":"tag-livello","53":"tag-luka","54":"tag-massimo","55":"tag-mentalita","56":"tag-mentalita-vincente","57":"tag-miglior","58":"tag-migliore","59":"tag-nuova","60":"tag-nuovi","61":"tag-obiettivi","62":"tag-partita","63":"tag-possibile","64":"tag-risultati","65":"tag-soccer","66":"tag-sogni","67":"tag-sport","68":"tag-sports","69":"tag-squadra","70":"tag-successo","71":"tag-vincere"},"share_on_mastodon":{"url":"","error":""},"_links":{"self":[{"href":"https:\/\/www.europesays.com\/it\/wp-json\/wp\/v2\/posts\/153750","targetHints":{"allow":["GET"]}}],"collection":[{"href":"https:\/\/www.europesays.com\/it\/wp-json\/wp\/v2\/posts"}],"about":[{"href":"https:\/\/www.europesays.com\/it\/wp-json\/wp\/v2\/types\/post"}],"author":[{"embeddable":true,"href":"https:\/\/www.europesays.com\/it\/wp-json\/wp\/v2\/users\/3"}],"replies":[{"embeddable":true,"href":"https:\/\/www.europesays.com\/it\/wp-json\/wp\/v2\/comments?post=153750"}],"version-history":[{"count":0,"href":"https:\/\/www.europesays.com\/it\/wp-json\/wp\/v2\/posts\/153750\/revisions"}],"wp:featuredmedia":[{"embeddable":true,"href":"https:\/\/www.europesays.com\/it\/wp-json\/wp\/v2\/media\/153751"}],"wp:attachment":[{"href":"https:\/\/www.europesays.com\/it\/wp-json\/wp\/v2\/media?parent=153750"}],"wp:term":[{"taxonomy":"category","embeddable":true,"href":"https:\/\/www.europesays.com\/it\/wp-json\/wp\/v2\/categories?post=153750"},{"taxonomy":"post_tag","embeddable":true,"href":"https:\/\/www.europesays.com\/it\/wp-json\/wp\/v2\/tags?post=153750"}],"curies":[{"name":"wp","href":"https:\/\/api.w.org\/{rel}","templated":true}]}}