{"id":153794,"date":"2025-10-08T17:54:12","date_gmt":"2025-10-08T17:54:12","guid":{"rendered":"https:\/\/www.europesays.com\/it\/153794\/"},"modified":"2025-10-08T17:54:12","modified_gmt":"2025-10-08T17:54:12","slug":"una-casa-sostenibile-si-mimetizza-tra-le-sequoie-di-big-sur-in-california","status":"publish","type":"post","link":"https:\/\/www.europesays.com\/it\/153794\/","title":{"rendered":"Una casa sostenibile si mimetizza tra le sequoie di Big Sur, in California"},"content":{"rendered":"<p>La sfida era tutt\u2019altro che semplice. Big Sur \u00e8 un territorio fragile, soggetto a incendi e frane, e Palo Colorado \u00e8 uno dei suoi canyon pi\u00f9 verdi e incontaminati. \u00abLe principali difficolt\u00e0 hanno riguardato il sito molto scosceso, la protezione delle radici delle sequoie secolari e la necessit\u00e0 di mantenere la giusta distanza dal torrente locale\u00bb, racconta Schicketanz. \u00abAbbiamo anche dovuto affrontare problemi preesistenti, come un sistema settico difettoso, perdite di scarico e specie invasive, il tutto rispettando rigidi requisiti di sicurezza antincendio e normative edilizie\u00bb, spiega l\u2019architetta. La risposta \u00e8 stata <a href=\"https:\/\/www.ad-italia.it\/article\/casa-surrealista-ecologica-almaty-kazakistan\/\" rel=\"nofollow noopener\" target=\"_blank\">un progetto calibrato,<\/a> una casa sostenibile fatta di plinti su pali e travi a sbalzo per ridurre al minimo le alterazioni del terreno, di un nuovo impianto settico di terzo livello per prevenire l\u2019inquinamento e di un paesaggio ripristinato con vegetazione autoctona.<\/p>\n<p>Tradizione e modernit\u00e0 in dialogo<img decoding=\"async\" alt=\"poltrona finestra natura\" loading=\"lazy\" class=\"ResponsiveImageContainer-eNxvmU cfBbTk responsive-image__image\"   src=\"https:\/\/www.europesays.com\/it\/wp-content\/uploads\/2025\/10\/STUDIOSCHICKETANZ_CarmelCabin_DSF4030.jpg\"\/><\/p>\n<p>Un angolo lettura affacciato sul camino crea uno spazio raccolto e luminoso all\u2019interno dello studio.Joe Fletcher<\/p>\n<p>Ma rispettare il luogo non significava rinunciare al linguaggio contemporaneo. \u00abAbbiamo voluto creare una <a href=\"https:\/\/www.ad-italia.it\/article\/casa-giardino-famiglia-mid-century-costa-australiana-luminosa-sostenibile\/\" rel=\"nofollow noopener\" target=\"_blank\">casa moderna che fosse per\u00f2 profondamente connessa<\/a> al suo passato\u00bb, sottolinea Mary Ann Schicketanz. \u00abIl nostro obiettivo era rispettare il contesto storico del quartiere, in particolare la scala, i materiali e i colori. Invece di copiare le cabine rustiche, abbiamo usato materiali tradizionali come il redwood, legno di sequoia recuperato e il calcestruzzo in chiave moderna, cos\u00ec la casa appare radicata nell\u2019ambiente senza essere una semplice imitazione\u00bb.<\/p>\n<p>Il redwood come filo conduttore<img decoding=\"async\" alt=\"cucina legno\" loading=\"lazy\" class=\"ResponsiveImageContainer-eNxvmU cfBbTk responsive-image__image\"   src=\"https:\/\/www.europesays.com\/it\/wp-content\/uploads\/2025\/10\/STUDIOSCHICKETANZ_CarmelCabin_DSF4080.jpg\"\/><\/p>\n<p>La cucina si apre verso la zona di servizio, con lavanderia e bagno rivestiti in redwood.Joe Fletcher<\/p>\n","protected":false},"excerpt":{"rendered":"La sfida era tutt\u2019altro che semplice. Big Sur \u00e8 un territorio fragile, soggetto a incendi e frane, e&hellip;\n","protected":false},"author":3,"featured_media":153795,"comment_status":"","ping_status":"","sticky":false,"template":"","format":"standard","meta":{"footnotes":""},"categories":[1446],"tags":[1615,1613,1614,1611,1610,1612,203,1619,204,1537,90,89],"class_list":{"0":"post-153794","1":"post","2":"type-post","3":"status-publish","4":"format-standard","5":"has-post-thumbnail","7":"category-arte-e-design","8":"tag-arte","9":"tag-arte-e-design","10":"tag-arteedesign","11":"tag-arts","12":"tag-arts-and-design","13":"tag-design","14":"tag-entertainment","15":"tag-home-tour","16":"tag-intrattenimento","17":"tag-it","18":"tag-italia","19":"tag-italy"},"share_on_mastodon":{"url":"","error":""},"_links":{"self":[{"href":"https:\/\/www.europesays.com\/it\/wp-json\/wp\/v2\/posts\/153794","targetHints":{"allow":["GET"]}}],"collection":[{"href":"https:\/\/www.europesays.com\/it\/wp-json\/wp\/v2\/posts"}],"about":[{"href":"https:\/\/www.europesays.com\/it\/wp-json\/wp\/v2\/types\/post"}],"author":[{"embeddable":true,"href":"https:\/\/www.europesays.com\/it\/wp-json\/wp\/v2\/users\/3"}],"replies":[{"embeddable":true,"href":"https:\/\/www.europesays.com\/it\/wp-json\/wp\/v2\/comments?post=153794"}],"version-history":[{"count":0,"href":"https:\/\/www.europesays.com\/it\/wp-json\/wp\/v2\/posts\/153794\/revisions"}],"wp:featuredmedia":[{"embeddable":true,"href":"https:\/\/www.europesays.com\/it\/wp-json\/wp\/v2\/media\/153795"}],"wp:attachment":[{"href":"https:\/\/www.europesays.com\/it\/wp-json\/wp\/v2\/media?parent=153794"}],"wp:term":[{"taxonomy":"category","embeddable":true,"href":"https:\/\/www.europesays.com\/it\/wp-json\/wp\/v2\/categories?post=153794"},{"taxonomy":"post_tag","embeddable":true,"href":"https:\/\/www.europesays.com\/it\/wp-json\/wp\/v2\/tags?post=153794"}],"curies":[{"name":"wp","href":"https:\/\/api.w.org\/{rel}","templated":true}]}}