{"id":153814,"date":"2025-10-08T18:05:10","date_gmt":"2025-10-08T18:05:10","guid":{"rendered":"https:\/\/www.europesays.com\/it\/153814\/"},"modified":"2025-10-08T18:05:10","modified_gmt":"2025-10-08T18:05:10","slug":"bologna-manifestazione-per-la-flotilla-mille-persone-al-corteo-partito-da-piazza-maggiore-viali-bloccati-diretta","status":"publish","type":"post","link":"https:\/\/www.europesays.com\/it\/153814\/","title":{"rendered":"Bologna, manifestazione per la Flotilla. Mille persone al\u00a0corteo partito da piazza Maggiore, viali bloccati. Diretta\u00a0"},"content":{"rendered":"<p>Queste le motivazioni: &#8220;Di fronte all&#8217;attacco e al sequestro di questa mattina da parte di Israele delle imbarcazioni dirette verso Gaza e davanti alla violenta repressione che ha colpito nella serata del 7 ottobre, a Bologna &#8211; scrivono da Usb -, il movimento di solidariet\u00e0 per la Palestina, rilanciamo con forza la mobilitazione di stasera&#8221;. Il presidio \u00e8 iniziato attorno alle 18 in piazza Maggiore. &#8220;Continua senza tregua l&#8217;assedio di Israele nei confronti della popolazione palestinese e l&#8217;attacco alla Freedom Flotilla conferma ancora una volta la natura criminale di Israele. La violenta repressione di ieri sera a Bologna ordinata dal governo e il continuo tentativo di screditare e attaccare lo straordinario movimento di mobilitazione contro il genocidio palestinese che si \u00e8 sviluppato nell&#8217;ultimo mese, dimostrano la piena complicit\u00e0 del governo Meloni con lo Stato sionista di Israele e confermano la necessit\u00e0 di continuare la mobilitazione permanente contro il genocidio e pretendere la fine delle guerre, dell&#8217;oppressione, dello sfruttamento e dell&#8217;economia di guerra in cui ci stanno trascinando&#8221;.<\/p>\n<p> <img alt=\"Gli striscioni stesi dai manifestanti in piazza Maggiore (FotoSchicchi)\" loading=\"lazy\" width=\"1024\" height=\"682\" decoding=\"async\" data-nimg=\"1\" style=\"color:transparent;max-width:100%;height:auto\"   src=\"https:\/\/www.europesays.com\/it\/wp-content\/uploads\/2025\/10\/gli-striscioni-stesi-dai-manifestanti-in-piazza-maggiore-fotoschicchi.webp\"\/><\/p>\n<p>Gli striscioni stesi dai manifestanti in piazza Maggiore (FotoSchicchi)<\/p>\n<p>E proseguono scrivendo che le tante manifestazioni dei giorni passati &#8220;hanno fatto vedere che esiste un popolo che non \u00e8 pi\u00f9 disposto a chinare la testa e che oggi diventa protagonista, si fa &#8216;equipaggio di terra&#8217; per rimettere al centro le vere priorit\u00e0 sociali e politiche di questo Paese, contro il genocidio, contro le guerre&#8221; si legge nella nota e invitano alla mobilitazione permanente.<\/p>\n","protected":false},"excerpt":{"rendered":"Queste le motivazioni: &#8220;Di fronte all&#8217;attacco e al sequestro di questa mattina da parte di Israele delle imbarcazioni&hellip;\n","protected":false},"author":3,"featured_media":153815,"comment_status":"","ping_status":"","sticky":false,"template":"","format":"standard","meta":{"footnotes":""},"categories":[79],"tags":[37303,586,13416,14,93,94,5631,13989,1537,90,89,775,13720,61,7,15,29,5543,11,84,91,12,85,92,89939],"class_list":{"0":"post-153814","1":"post","2":"type-post","3":"status-publish","4":"format-standard","5":"has-post-thumbnail","7":"category-italia","8":"tag-bloccati","9":"tag-bologna","10":"tag-corteo","11":"tag-cronaca","12":"tag-cronaca-italiana","13":"tag-cronacaitaliana","14":"tag-diretta","15":"tag-flotilla","16":"tag-it","17":"tag-italia","18":"tag-italy","19":"tag-maggiore","20":"tag-manifestazione","21":"tag-mille","22":"tag-news","23":"tag-notizie","24":"tag-partito","25":"tag-piazza","26":"tag-ultime-notizie","27":"tag-ultime-notizie-e-news-di-oggi","28":"tag-ultime-notizie-italia","29":"tag-ultimenotizie","30":"tag-ultimenotizieenewsdioggi","31":"tag-ultimenotizieitalia","32":"tag-viali"},"share_on_mastodon":{"url":"","error":""},"_links":{"self":[{"href":"https:\/\/www.europesays.com\/it\/wp-json\/wp\/v2\/posts\/153814","targetHints":{"allow":["GET"]}}],"collection":[{"href":"https:\/\/www.europesays.com\/it\/wp-json\/wp\/v2\/posts"}],"about":[{"href":"https:\/\/www.europesays.com\/it\/wp-json\/wp\/v2\/types\/post"}],"author":[{"embeddable":true,"href":"https:\/\/www.europesays.com\/it\/wp-json\/wp\/v2\/users\/3"}],"replies":[{"embeddable":true,"href":"https:\/\/www.europesays.com\/it\/wp-json\/wp\/v2\/comments?post=153814"}],"version-history":[{"count":0,"href":"https:\/\/www.europesays.com\/it\/wp-json\/wp\/v2\/posts\/153814\/revisions"}],"wp:featuredmedia":[{"embeddable":true,"href":"https:\/\/www.europesays.com\/it\/wp-json\/wp\/v2\/media\/153815"}],"wp:attachment":[{"href":"https:\/\/www.europesays.com\/it\/wp-json\/wp\/v2\/media?parent=153814"}],"wp:term":[{"taxonomy":"category","embeddable":true,"href":"https:\/\/www.europesays.com\/it\/wp-json\/wp\/v2\/categories?post=153814"},{"taxonomy":"post_tag","embeddable":true,"href":"https:\/\/www.europesays.com\/it\/wp-json\/wp\/v2\/tags?post=153814"}],"curies":[{"name":"wp","href":"https:\/\/api.w.org\/{rel}","templated":true}]}}