{"id":153831,"date":"2025-10-08T18:16:12","date_gmt":"2025-10-08T18:16:12","guid":{"rendered":"https:\/\/www.europesays.com\/it\/153831\/"},"modified":"2025-10-08T18:16:12","modified_gmt":"2025-10-08T18:16:12","slug":"incidente-fra-bezzecchi-e-marquez-a-mandalika-cose-successo","status":"publish","type":"post","link":"https:\/\/www.europesays.com\/it\/153831\/","title":{"rendered":"Incidente fra Bezzecchi e Marquez a Mandalika: cos&#8217;\u00e8 successo?"},"content":{"rendered":"<p>Partivano distanti, Marco Bezzecchi (Aprilia Racing) e Marc Marquez (Ducati Lenovo Team), sulla griglia del Gran Premio Pertamina d&#8217;Indonesia. In pole l&#8217;italiano, grande favorito dopo un venerd\u00ec convincente e un sabato da mattatore. In nona casella lo spagnolo, che domenica scorsa in Giappone ha chiuso i giochi iridati prendendosi il settimo titolo nella classe regina.\u00a0<\/p>\n<p>Al via il romagnolo \u00e8 scattato maluccio e ha perso posizioni, mentre il numero 93 ne ha guadagnata qualcuna. Dopo qualche curva erano vicini, Marquez davanti e Bezzecchi dietro. Il pilota dell&#8217;Aprila ha tentato una manovra all&#8217;interno. Ma ha colpito la parte posteriore della Ducati del rivale, finito subito a terra, ad alta velocit\u00e0. Il romagnolo ha percorso un po&#8217; di metri nella via di fuga, poi \u00e8 caduto anche lui.<\/p>\n<p>L\u00ec per l\u00ec, si sono rialzati entrambi. Anche se lo spagnolo appariva pi\u00f9 acciaccato. A bordo pista Bezzecchi sembrava chiaramente chiedere scusa all&#8217;avversario. Che, al centro medico, ha ricevuto una brutta notizia: sospetta frattura alla clavicola destra. La scelta \u00e8 stata quindi di volare subito in Spagna per approfondire. Per l&#8217;italiano invece qualche botta, ma niente di rotto.\u00a0<\/p>\n<p>Prima di partire Marquez si \u00e8 prestato a un&#8217;intervista, mentre Bezzecchi ha saltato l&#8217;incontro con i giornalisti per rivolgersi all&#8217;ospedale locale e capire meglio le proprie condizioni. Nel paddock, Massimo Rivola, CEO di Aprilia Racing, e Davide Tardozzi, team manager del box ufficiale Ducati, hanno offerto la propria visione sull&#8217;episodio.\u00a0<\/p>\n<p>L&#8217;incidente \u00e8 sotto la lente d&#8217;ingrandimento dei FIM MotoGP Stewards. La questione, aperta, verr\u00e0 approfondita nei prossimi GP ascoltando i due piloti. Nel frattempo Marquez si \u00e8 espresso sui social invitando gli appassionati a non criticare il pilota Aprilia.\u00a0<\/p>\n<p>Tornando al fronte fisico, una volta rientrato a Madrid il numero 93 si \u00e8 sottoposto a ulteriori accertamenti che hanno confermato una frattura alla base del coracoide e una lesione ai legamenti della spalla destra. <a href=\"https:\/\/www.motogp.com\/it\/news\/2025\/10\/06\/marc-marquez-to-miss-australian-and-malaysian-grands-prix\/760716\" rel=\"nofollow noopener\" target=\"_blank\">Salter\u00e0 i GP d&#8217;Australia e Malesia<\/a>.<\/p>\n","protected":false},"excerpt":{"rendered":"Partivano distanti, Marco Bezzecchi (Aprilia Racing) e Marc Marquez (Ducati Lenovo Team), sulla griglia del Gran Premio Pertamina&hellip;\n","protected":false},"author":3,"featured_media":153832,"comment_status":"","ping_status":"","sticky":false,"template":"","format":"standard","meta":{"footnotes":""},"categories":[1455],"tags":[1537,90,89,1783,1784,245,244,47303],"class_list":{"0":"post-153831","1":"post","2":"type-post","3":"status-publish","4":"format-standard","5":"has-post-thumbnail","7":"category-moto","8":"tag-it","9":"tag-italia","10":"tag-italy","11":"tag-moto","12":"tag-motorcycle","13":"tag-sport","14":"tag-sports","15":"tag-text"},"share_on_mastodon":{"url":"","error":""},"_links":{"self":[{"href":"https:\/\/www.europesays.com\/it\/wp-json\/wp\/v2\/posts\/153831","targetHints":{"allow":["GET"]}}],"collection":[{"href":"https:\/\/www.europesays.com\/it\/wp-json\/wp\/v2\/posts"}],"about":[{"href":"https:\/\/www.europesays.com\/it\/wp-json\/wp\/v2\/types\/post"}],"author":[{"embeddable":true,"href":"https:\/\/www.europesays.com\/it\/wp-json\/wp\/v2\/users\/3"}],"replies":[{"embeddable":true,"href":"https:\/\/www.europesays.com\/it\/wp-json\/wp\/v2\/comments?post=153831"}],"version-history":[{"count":0,"href":"https:\/\/www.europesays.com\/it\/wp-json\/wp\/v2\/posts\/153831\/revisions"}],"wp:featuredmedia":[{"embeddable":true,"href":"https:\/\/www.europesays.com\/it\/wp-json\/wp\/v2\/media\/153832"}],"wp:attachment":[{"href":"https:\/\/www.europesays.com\/it\/wp-json\/wp\/v2\/media?parent=153831"}],"wp:term":[{"taxonomy":"category","embeddable":true,"href":"https:\/\/www.europesays.com\/it\/wp-json\/wp\/v2\/categories?post=153831"},{"taxonomy":"post_tag","embeddable":true,"href":"https:\/\/www.europesays.com\/it\/wp-json\/wp\/v2\/tags?post=153831"}],"curies":[{"name":"wp","href":"https:\/\/api.w.org\/{rel}","templated":true}]}}