{"id":153839,"date":"2025-10-08T18:21:11","date_gmt":"2025-10-08T18:21:11","guid":{"rendered":"https:\/\/www.europesays.com\/it\/153839\/"},"modified":"2025-10-08T18:21:11","modified_gmt":"2025-10-08T18:21:11","slug":"fra-tre-anni-a-benidorm-pronto-il-grattacielo-piu-alto-deuropa","status":"publish","type":"post","link":"https:\/\/www.europesays.com\/it\/153839\/","title":{"rendered":"Fra tre anni a Benidorm pronto il grattacielo pi\u00f9 alto d\u2019Europa"},"content":{"rendered":"<p>Ascolta la versione audio dell&#8217;articolo<\/p>\n<p class=\"atext\">Non sar\u00e0 a Madrid n\u00e8 a Barcellona il grattacielo che promette di diventare il pi\u00f9 alto d\u2019Europa. Ma a Benidorm, con i suoi cinque chilometri di spiaggia ininterrotta sulla Costa Blanca, a met\u00e0 tra Valencia e Alicante. L\u2019annuncio ufficiale di un progetto di cui si parlava da anni \u00e8 giunto dallo sviluppatore spagnolo TM.<\/p>\n<p class=\"atext\">La TM Tower raggiunger\u00e0 i 230 metri di altezza e 64 piani, per un totale di 260 abitazioni da una, due e quattro camere da letto. Oltre alle 260 unit\u00e0 abitative, la TM Tower offrir\u00e0 oltre 10mila mq di aree comuni \u2013 tra piscine riscaldate, una palestra, un cinema, aree sportive e uno skybar al 63\u00b0 piano con osservatorio astronomico, sviluppato assieme al Museo delle Scienze Jes\u00fas Carnicer.<\/p>\n<p class=\"atext\">La consegna \u00e8 prevista entro la fine del 2028, ma la commercializzazione \u00e8 gi\u00e0 iniziata (tanto che il 25% delle abitazioni sarebbe gi\u00e0 stato opzionato). Mentre i prezzi (che sinora non erano stati comunicati) \u2013 conferma TM \u2013 partono da 530mila euro, sino alle unit\u00e0 pi\u00f9 esclusive che raggiungono anche i 3,4 milioni. In tutto, per la holding, un investimento da 140 milioni di euro.<\/p>\n<p class=\"atext\">\u00abNegli ultimi dieci anni \u2013 ha spiegato \u00c1ngeles Serna, presidente di TM Real Estate Group \u2013 la societ\u00e0 ha investito oltre 400 milioni a Benidorm, trasformandola in un punto di riferimento internazionale e consentendo a migliaia di famiglie di godersi una nuova vita in riva al mare. Finora, il 25% delle unit\u00e0 \u00e8 gi\u00e0 stato prenotato, posizionando il complesso come uno dei progetti turistici pi\u00f9 importanti d\u2019Europa\u00bb.<\/p>\n<p><a class=\"aprev aprev--acor aprev--acor-small aprev--shline\" href=\"https:\/\/abbonamenti.ilsole24ore.com\/exco\/addToCart?sku=Z.SP_AXXAY8&amp;tipoAbbonamento=annuale&amp;tipoConsegna=noConsegna&amp;utm_medium=posizioni_marketing\" rel=\"nofollow noopener\" target=\"_blank\"><img decoding=\"async\" class=\"img-fluid\" src=\"https:\/\/www.europesays.com\/it\/wp-content\/uploads\/2025\/08\/258x258.png\" alt=\"Scopri di pi\u00f9\"\/><\/a><a class=\"aprev aprev--acor aprev--acor-small aprev--shline\" href=\"https:\/\/ecommerce-static.ilsole24ore.com\/newsletter\/realestateplus\/\" rel=\"nofollow noopener\" target=\"_blank\"><img decoding=\"async\" class=\"img-fluid\" src=\"https:\/\/www.europesays.com\/it\/wp-content\/uploads\/2025\/08\/258x258.png\" alt=\"Scopri di pi\u00f9\"\/><\/a><\/p>\n<p class=\"atext\">Il progetto architettonico riunisce due studi: BakPak Architects e GEA Architects. La struttura, in cemento armato ad alta rigidit\u00e0, convalidata attraverso test in galleria del vento presso il Politecnico di Madrid, si ispira alla forma di un corallo marino. La mobilit\u00e0 verticale sar\u00e0 gestita da sette ascensori ultraveloci, in grado di raggiungere una velocit\u00e0 di 6 metri al secondo.<\/p>\n","protected":false},"excerpt":{"rendered":"Ascolta la versione audio dell&#8217;articolo Non sar\u00e0 a Madrid n\u00e8 a Barcellona il grattacielo che promette di diventare&hellip;\n","protected":false},"author":3,"featured_media":153840,"comment_status":"","ping_status":"","sticky":false,"template":"","format":"standard","meta":{"footnotes":""},"categories":[1446],"tags":[1615,1613,1614,1611,1610,1612,203,204,1537,90,89],"class_list":{"0":"post-153839","1":"post","2":"type-post","3":"status-publish","4":"format-standard","5":"has-post-thumbnail","7":"category-arte-e-design","8":"tag-arte","9":"tag-arte-e-design","10":"tag-arteedesign","11":"tag-arts","12":"tag-arts-and-design","13":"tag-design","14":"tag-entertainment","15":"tag-intrattenimento","16":"tag-it","17":"tag-italia","18":"tag-italy"},"share_on_mastodon":{"url":"","error":""},"_links":{"self":[{"href":"https:\/\/www.europesays.com\/it\/wp-json\/wp\/v2\/posts\/153839","targetHints":{"allow":["GET"]}}],"collection":[{"href":"https:\/\/www.europesays.com\/it\/wp-json\/wp\/v2\/posts"}],"about":[{"href":"https:\/\/www.europesays.com\/it\/wp-json\/wp\/v2\/types\/post"}],"author":[{"embeddable":true,"href":"https:\/\/www.europesays.com\/it\/wp-json\/wp\/v2\/users\/3"}],"replies":[{"embeddable":true,"href":"https:\/\/www.europesays.com\/it\/wp-json\/wp\/v2\/comments?post=153839"}],"version-history":[{"count":0,"href":"https:\/\/www.europesays.com\/it\/wp-json\/wp\/v2\/posts\/153839\/revisions"}],"wp:featuredmedia":[{"embeddable":true,"href":"https:\/\/www.europesays.com\/it\/wp-json\/wp\/v2\/media\/153840"}],"wp:attachment":[{"href":"https:\/\/www.europesays.com\/it\/wp-json\/wp\/v2\/media?parent=153839"}],"wp:term":[{"taxonomy":"category","embeddable":true,"href":"https:\/\/www.europesays.com\/it\/wp-json\/wp\/v2\/categories?post=153839"},{"taxonomy":"post_tag","embeddable":true,"href":"https:\/\/www.europesays.com\/it\/wp-json\/wp\/v2\/tags?post=153839"}],"curies":[{"name":"wp","href":"https:\/\/api.w.org\/{rel}","templated":true}]}}