{"id":153845,"date":"2025-10-08T18:25:11","date_gmt":"2025-10-08T18:25:11","guid":{"rendered":"https:\/\/www.europesays.com\/it\/153845\/"},"modified":"2025-10-08T18:25:11","modified_gmt":"2025-10-08T18:25:11","slug":"lanteprima-alla-festa-del-cinema-di-roma","status":"publish","type":"post","link":"https:\/\/www.europesays.com\/it\/153845\/","title":{"rendered":"l&#8217;anteprima alla Festa del Cinema di Roma"},"content":{"rendered":"<p>La Festa del Cinema di Roma si avvicina ai nastri di partenza. In programma dal 15 al 26 ottobre, all&#8217;Auditorium Parco della Musica e in altri luoghi della Capitale, la ventesima edizione della kermesse si conferma specchio del presente: non solo cinema, ma anche cronaca e attualit\u00e0.<\/p>\n<p>Gioved\u00ec 23 ottobre ci sar\u00e0 l&#8217;anteprima del documentario \u201cLa verit\u00e0 migliore\u201d di Lorenza Indovina. La sera del 5 maggio 1972 un DC8 dell\u2019Alitalia in volo da Roma a Palermo si schianta contro la Montagna Longa, nei pressi dell\u2019aeroporto di Punta Raisi. Nessun superstite tra i 115 passeggeri e il caso viene presto archiviato come un incidente. Tra le vittime vi \u00e8 anche Franco Indovina, cineasta in ascesa e al centro delle cronache mondane per il suo legame con la principessa Soraya. Sua figlia Lorenza, attrice e regista del documentario, all\u2019epoca era una bambina.<\/p>\n<p>Quasi cinquant\u2019anni dopo, alla fine di uno spettacolo in cui \u00e8 in scena, Lorenza viene avvicinata da un gruppo di parenti delle vittime e scopre che la tragedia potrebbe non essere stata un semplice incidente bens\u00ec un attentato. Comincia cos\u00ec una doppia ricerca della verit\u00e0, giudiziaria e personale, e il film che ne deriva \u00e8 una meditazione sul lutto, sul tempo e sulla fragilit\u00e0 delle verit\u00e0 ufficiali.<\/p>\n","protected":false},"excerpt":{"rendered":"La Festa del Cinema di Roma si avvicina ai nastri di partenza. In programma dal 15 al 26&hellip;\n","protected":false},"author":3,"featured_media":153846,"comment_status":"","ping_status":"","sticky":false,"template":"","format":"standard","meta":{"footnotes":""},"categories":[1442],"tags":[640,203,454,204,1537,90,89,1521],"class_list":{"0":"post-153845","1":"post","2":"type-post","3":"status-publish","4":"format-standard","5":"has-post-thumbnail","7":"category-film","8":"tag-cinema","9":"tag-entertainment","10":"tag-film","11":"tag-intrattenimento","12":"tag-it","13":"tag-italia","14":"tag-italy","15":"tag-movies"},"share_on_mastodon":{"url":"","error":""},"_links":{"self":[{"href":"https:\/\/www.europesays.com\/it\/wp-json\/wp\/v2\/posts\/153845","targetHints":{"allow":["GET"]}}],"collection":[{"href":"https:\/\/www.europesays.com\/it\/wp-json\/wp\/v2\/posts"}],"about":[{"href":"https:\/\/www.europesays.com\/it\/wp-json\/wp\/v2\/types\/post"}],"author":[{"embeddable":true,"href":"https:\/\/www.europesays.com\/it\/wp-json\/wp\/v2\/users\/3"}],"replies":[{"embeddable":true,"href":"https:\/\/www.europesays.com\/it\/wp-json\/wp\/v2\/comments?post=153845"}],"version-history":[{"count":0,"href":"https:\/\/www.europesays.com\/it\/wp-json\/wp\/v2\/posts\/153845\/revisions"}],"wp:featuredmedia":[{"embeddable":true,"href":"https:\/\/www.europesays.com\/it\/wp-json\/wp\/v2\/media\/153846"}],"wp:attachment":[{"href":"https:\/\/www.europesays.com\/it\/wp-json\/wp\/v2\/media?parent=153845"}],"wp:term":[{"taxonomy":"category","embeddable":true,"href":"https:\/\/www.europesays.com\/it\/wp-json\/wp\/v2\/categories?post=153845"},{"taxonomy":"post_tag","embeddable":true,"href":"https:\/\/www.europesays.com\/it\/wp-json\/wp\/v2\/tags?post=153845"}],"curies":[{"name":"wp","href":"https:\/\/api.w.org\/{rel}","templated":true}]}}