{"id":153865,"date":"2025-10-08T18:36:21","date_gmt":"2025-10-08T18:36:21","guid":{"rendered":"https:\/\/www.europesays.com\/it\/153865\/"},"modified":"2025-10-08T18:36:21","modified_gmt":"2025-10-08T18:36:21","slug":"le-strategie-ue-per-le-applicazioni-ai-industriali-e-scientifiche","status":"publish","type":"post","link":"https:\/\/www.europesays.com\/it\/153865\/","title":{"rendered":"Le strategie Ue per le applicazioni AI industriali e scientifiche"},"content":{"rendered":"<p>Apply AI e AI for Science, le mosse della Commissione europea per favorire l\u2019adozione della tecnologia nei settori chiave<\/p>\n<p>L\u2019<strong>intelligenza artificiale <\/strong>(AI) sta avanzando a un ritmo senza precedenti in tutto il mondo. Nonostante una solida base industriale e un vivace ecosistema di startup, l\u2019adozione di questa tecnologia all\u2019interno dell\u2019Unione europea rimane limitata: nel 2024, solo il 13% delle aziende europee la utilizzava.<\/p>\n<p>Per far fronte al gap, la Commissione europea ha presentato oggi due strategie complementari finalizzate a consolidare la leadership dell\u2019Europa in questo settore tecnologico strategico: <strong><a href=\"https:\/\/digital-strategy.ec.europa.eu\/en\/policies\/apply-ai\" target=\"_blank\" rel=\"noreferrer noopener nofollow\">\u201cApplica l\u2019AI\u201d (Apply AI) e \u201cAI per la scienza\u201d (AI for Science)<\/a><\/strong>.<\/p>\n<p>Si tratta di due pilastri centrali del <strong><a href=\"https:\/\/digital-strategy.ec.europa.eu\/en\/library\/ai-continent-action-plan\" target=\"_blank\" rel=\"noreferrer noopener nofollow\">Piano d\u2019Azione per il Continente dell\u2019AI<\/a><\/strong>, varato ad aprile 2025, che puntano a fare dell\u2019Unione europea non solo un mercato di adozione, ma anche un centro mondiale di eccellenza scientifica e tecnologica.<\/p>\n<p><a href=\"https:\/\/www.spaceandunderwater.events\/\" target=\"\u201d_blank\u201d\" title=\"RFW 2025\" rel=\"nofollow noopener\"><img decoding=\"async\" src=\"https:\/\/www.europesays.com\/it\/wp-content\/uploads\/2025\/09\/ban-suw2025-300x250-1.jpg\" class=\"img-defer img-adv\" alt=\"SUW 2025\" width=\"300\"\/><\/a>  <\/p>\n<p>\u201cVoglio che il futuro dell\u2019IA sia realizzato in Europa. Perch\u00e9 quando l\u2019IA viene utilizzata, possiamo trovare soluzioni pi\u00f9 intelligenti, pi\u00f9 veloci e pi\u00f9 convenienti. L\u2019adozione dell\u2019IA deve essere diffusa e con queste strategie contribuiremo ad accelerare il processo. Mettere l\u2019intelligenza artificiale al primo posto significa anche mettere la sicurezza al primo posto. Guideremo questa mentalit\u00e0 \u201cAI first\u201d in tutti i nostri settori chiave, dalla robotica all\u2019assistenza sanitaria, all\u2019energia e all\u2019automotive\u201d, ha dichiarato la Presidente della Commissione europea, <strong>Ursula von der Leyen<\/strong>, <a href=\"https:\/\/www.key4biz.it\/ai-first-von-der-leyen-la-prossima-settimana-la-strategia-sullai-applicata\/549137\/\" target=\"_blank\" rel=\"noreferrer noopener nofollow\">che a sorpresa aveva gi\u00e0 anticipato la strategia alla Italian Tech Week di Torino<\/a>.<\/p>\n<p>Virkkunen: \u201cL\u2019Europa diventi un continente dell\u2019AI\u201d<\/p>\n<p>\u201cL\u2019Europa \u00e8 ben posizionata per diventare un continente dell\u2019AI. Con la strategia Applica l\u2019AI, aiuteremo le nostre imprese e i settori chiave, dalla produzione all\u2019assistenza sanitaria e al settore pubblico, a utilizzare l\u2019intelligenza artificiale per apportare benefici reali ai cittadini dell\u2019UE, rafforzare la nostra competitivit\u00e0 e rafforzare la nostra sovranit\u00e0 tecnologica\u201d, ha affermato <strong>Henna Virkkunen<\/strong>, Vicepresidente esecutiva per la Sovranit\u00e0 tecnologica, la sicurezza e la democrazia.<\/p>\n<p>\u201cDaremo ai nostri ricercatori, startup e PMI gli strumenti per trasformare le idee in scoperte, guidando la competitivit\u00e0 e muovendoci pi\u00f9 velocemente dal laboratorio al mercato. RAISE sar\u00e0 il catalizzatore, metter\u00e0 in comune le risorse, mobiliter\u00e0 gli investimenti e attirer\u00e0 i migliori talenti da tutta Europa e oltre\u201d, ha detto <strong>Ekaterina Zaharieva<\/strong>, Commissaria per le Startup, la ricerca e l\u2019innovazione.<\/p>\n<p>Apply AI: 1 miliardo di euro per accelerare l\u2019adozione industriale e pubblica<\/p>\n<p>La strategia <strong>Apply AI<\/strong> mira a portare l\u2019intelligenza artificiale in tutti i principali comparti dell\u2019economia europea e nella pubblica amministrazione, con un obiettivo chiaro: <strong>integrare questa tecnologia nelle operazioni quotidiane di imprese e istituzioni<\/strong>.<\/p>\n<p>I settori prioritari individuati da Bruxelles sono <strong>sanit\u00e0, farmaceutica, energia, mobilit\u00e0, manifattura, edilizia, agroalimentare, difesa, comunicazioni e cultura<\/strong>. A questi, in una seconda fase, si aggiungeranno <strong>finanza, turismo e commercio elettronico<\/strong>.<\/p>\n<p>Per sostenere l\u2019adozione della tecnologia, la Commissione <strong>mobilita circa 1 miliardo di euro<\/strong>, destinati a:<\/p>\n<ul class=\"wp-block-list\">\n<li>la <strong>creazione di centri di screening basati su AI<\/strong> per la diagnostica sanitaria avanzata;<\/li>\n<li>lo sviluppo di <strong>modelli di frontiera e di AI agentica<\/strong> su misura per settori come manifattura, ambiente e farmaceutica;<\/li>\n<li>il <strong>rafforzamento delle competenze digitali<\/strong> e della forza lavoro europea \u201cpronta per l\u2019IA\u201d;<\/li>\n<li>la <strong>trasformazione della rete dei poli europei dell\u2019innovazione digitale<\/strong> in veri e propri <strong>centri di esperienza per l\u2019<\/strong>AI.<\/li>\n<\/ul>\n<p>Un\u2019azione coordinata sar\u00e0 garantita dalla nuova <strong>Apply AI Alliance<\/strong>, un forum che riunir\u00e0 industria, pubblica amministrazione, accademia, parti sociali e societ\u00e0 civile. A supporto operativo, nasce inoltre il <strong>Service Desk della legge sull\u2019<\/strong>intelligenza artificiale, con il compito di agevolare l\u2019attuazione del regolamento europeo sull\u2019intelligenza artificiale (AI Act).<\/p>\n<p>Un <strong>Osservatorio europeo<\/strong> monitorer\u00e0 l\u2019evoluzione delle tecnologie e gli impatti settoriali, fornendo dati strategici alle imprese e ai decisori politici.<\/p>\n<p>AI for Science: 3 miliardi di euro per fare dell\u2019Europa un polo scientifico globale<\/p>\n<p>La seconda iniziativa, <strong>AI for Science<\/strong>, si concentra sul rafforzamento della capacit\u00e0 scientifica e di ricerca dell\u2019Unione europea, con l\u2019obiettivo di <strong>mettere l\u2019Europa all\u2019avanguardia nella scienza basata sull\u2019<\/strong>intelligenza artificiale.<\/p>\n<p>Al centro della strategia si colloca <strong>RAISE (Resource for AI Science in Europe)<\/strong>, un <strong>istituto europeo virtuale<\/strong> che coordiner\u00e0 infrastrutture, risorse computazionali e dati per accelerare la ricerca e le applicazioni scientifiche dell\u2019intelligenza artificiale.<\/p>\n<p>Tra le principali azioni previste:<\/p>\n<ul class=\"wp-block-list\">\n<li><strong>Eccellenza e talento:<\/strong> <strong>58 milioni di euro<\/strong> per un progetto pilota RAISE dedicato alla creazione di <strong>reti di eccellenza<\/strong> e <strong>reti di dottorato<\/strong>, con l\u2019obiettivo di attrarre e formare i migliori ricercatori e data scientist nel campo dell\u2019IA.<\/li>\n<li><strong>Potenza di calcolo:<\/strong> <strong>600 milioni di euro<\/strong> da Orizzonte Europa per <strong>ampliare l\u2019accesso alle risorse di calcolo ad alte prestazioni (HPC)<\/strong> e alle future <strong>Gigafactory dell\u2019AI<\/strong>, assicurando a scienziati e start-up un\u2019infrastruttura competitiva.<\/li>\n<li><strong>Finanziamento della ricerca:<\/strong> la Commissione intende <strong>raddoppiare gli investimenti annuali di Orizzonte Europa<\/strong> dedicati all\u2019IA, <strong>portandoli a oltre 3 miliardi di euro<\/strong>.<\/li>\n<li><strong>Dati scientifici:<\/strong> nuove misure per <strong>colmare le lacune strategiche nei dataset<\/strong> e per <strong>raccogliere, curare e integrare<\/strong> i dati necessari alle applicazioni scientifiche dell\u2019IA.<\/li>\n<\/ul>\n<p>Il <strong>Centro Comune di Ricerca (JRC)<\/strong> della Commissione avr\u00e0 un ruolo chiave nell\u2019implementazione di entrambe le strategie, con studi tecnici, valutazioni d\u2019impatto e una <strong>nuova relazione sull\u2019effetto dell\u2019IA sulla ricerca scientifica europea<\/strong>.<\/p>\n<p>Infrastrutture, dati e supercalcolo<\/p>\n<p>Solo sei anni fa l\u2019UE contava <strong>due supercomputer tra i primi dieci al mondo<\/strong>. Oggi sono <strong>quattro<\/strong>, e sono in corso lavori per la realizzazione di <strong>almeno altre 4-5 gigafactory dell\u2019AI<\/strong>.<\/p>\n<p>Questo salto infrastrutturale \u00e8 alla base della nuova ambizione europea: con una rete in espansione di centri HPC, dati di alta qualit\u00e0 e un ecosistema di start-up e ricerca dinamico, <strong>l\u2019Europa si candida a diventare il laboratorio globale dell\u2019intelligenza artificiale affidabile e responsabile<\/strong>.<\/p>\n<p>Verso l\u2019Unione dei dati, presto la Strategia<\/p>\n<p>Per completare il quadro strategico, la Commissione presenter\u00e0 <strong>entro fine ottobre 2025<\/strong> una <strong>Strategia per l\u2019Unione dei dati<\/strong>, che allineer\u00e0 le politiche europee di gestione dei dati alle esigenze di imprese, settore pubblico e ricerca.<\/p>\n<p>A seguire, il <strong>Vertice sull\u2019AI nella Scienza<\/strong>, organizzato congiuntamente dalla <strong>Commissione europea<\/strong> e dalla <strong>presidenza danese<\/strong>, si terr\u00e0 a <strong>Copenaghen il 3-4 novembre 2025<\/strong>. L\u2019evento segner\u00e0 il lancio operativo del progetto pilota <strong>RAISE<\/strong> e di una <strong>campagna di coinvolgimento del settore privato<\/strong>, destinata a rafforzare la collaborazione tra industria e mondo della ricerca.<\/p>\n<p><strong><a href=\"https:\/\/www.key4biz.it\" rel=\"nofollow noopener\" target=\"_blank\">Leggi le altre notizie sull\u2019home page di Key4biz<\/a><\/strong><\/p>\n","protected":false},"excerpt":{"rendered":"Apply AI e AI for Science, le mosse della Commissione europea per favorire l\u2019adozione della tecnologia nei settori&hellip;\n","protected":false},"author":3,"featured_media":153866,"comment_status":"","ping_status":"","sticky":false,"template":"","format":"standard","meta":{"footnotes":""},"categories":[1481],"tags":[2065,2066,239,2063,2064,1537,90,89,240],"class_list":{"0":"post-153865","1":"post","2":"type-post","3":"status-publish","4":"format-standard","5":"has-post-thumbnail","7":"category-assistenza-sanitaria","8":"tag-assistenza-sanitaria","9":"tag-assistenzasanitaria","10":"tag-health","11":"tag-health-care","12":"tag-healthcare","13":"tag-it","14":"tag-italia","15":"tag-italy","16":"tag-salute"},"share_on_mastodon":{"url":"","error":""},"_links":{"self":[{"href":"https:\/\/www.europesays.com\/it\/wp-json\/wp\/v2\/posts\/153865","targetHints":{"allow":["GET"]}}],"collection":[{"href":"https:\/\/www.europesays.com\/it\/wp-json\/wp\/v2\/posts"}],"about":[{"href":"https:\/\/www.europesays.com\/it\/wp-json\/wp\/v2\/types\/post"}],"author":[{"embeddable":true,"href":"https:\/\/www.europesays.com\/it\/wp-json\/wp\/v2\/users\/3"}],"replies":[{"embeddable":true,"href":"https:\/\/www.europesays.com\/it\/wp-json\/wp\/v2\/comments?post=153865"}],"version-history":[{"count":0,"href":"https:\/\/www.europesays.com\/it\/wp-json\/wp\/v2\/posts\/153865\/revisions"}],"wp:featuredmedia":[{"embeddable":true,"href":"https:\/\/www.europesays.com\/it\/wp-json\/wp\/v2\/media\/153866"}],"wp:attachment":[{"href":"https:\/\/www.europesays.com\/it\/wp-json\/wp\/v2\/media?parent=153865"}],"wp:term":[{"taxonomy":"category","embeddable":true,"href":"https:\/\/www.europesays.com\/it\/wp-json\/wp\/v2\/categories?post=153865"},{"taxonomy":"post_tag","embeddable":true,"href":"https:\/\/www.europesays.com\/it\/wp-json\/wp\/v2\/tags?post=153865"}],"curies":[{"name":"wp","href":"https:\/\/api.w.org\/{rel}","templated":true}]}}