{"id":153943,"date":"2025-10-08T19:26:13","date_gmt":"2025-10-08T19:26:13","guid":{"rendered":"https:\/\/www.europesays.com\/it\/153943\/"},"modified":"2025-10-08T19:26:13","modified_gmt":"2025-10-08T19:26:13","slug":"corteo-per-la-flotilla-in-diretta-a-milano-israele-nazista-meloni-gerarca-traffico-in-tilt-fra-gli-applausi","status":"publish","type":"post","link":"https:\/\/www.europesays.com\/it\/153943\/","title":{"rendered":"Corteo per la Flotilla in\u00a0diretta a Milano:\u00a0\u201cIsraele nazista, Meloni gerarca\u201d. Traffico in tilt fra gli applausi"},"content":{"rendered":"<p>Milano, 8 ottobre 2025 \u2013<strong>\u00a0Nuova manifestazione<\/strong> oggi mercoled\u00ec 8 ottobre <strong>a Milano a sostegno di Gaza e della <a rel=\"follow nofollow noopener\" href=\"https:\/\/www.ilgiorno.it\/milano\/cronaca\/attivisti-flotilla-malpensa-soakyf9a\" target=\"_blank\">Freedom Flotilla Coalition<\/a>.<\/strong>\u00a0Punto di raccolta per l\u2019inizio del corteo <strong>piazzale Lodi<\/strong>. L&#8217;appuntamento, gi\u00e0 preannunciato sui social ieri, \u00e8 stato definito dopo che le barche, su cui viaggiavano medici e infermieri con farmaci destinati alla Striscia di Gaza, sono state i<strong>ntercettate dalle forze navali israeliane<\/strong>.<\/p>\n<p>La diretta video del corteo di oggi a Milano <\/p>\n<p>&#8220;Dopo gli attacchi di stanotte alla nuova Flotilla, continuiamo a mobilitarci in continuit\u00e0 con gli scioperi generali e con la straordinaria mobilitazione popolare di queste settimane, che ha dimostrato di poter davvero bloccare tutto e mettere in crisi la complicit\u00e0 istituzionale nel nome della solidariet\u00e0 con la resistenza palestinese&#8221;, ha scritto su Instagram Potere al Popolo Milano. <strong>&#8220;Per la Palestina, per Gaza, blocchiamo tutto&#8221;, <\/strong>hanno scritto sempre sui social i Giovani Palestinesi. La locandina della manifestazione \u00e8 stata rilanciata sui social da tutte le realt\u00e0 dell&#8217;universo pro Pal: l&#8217;associazione Palestinesi in Italia, i centri sociali di Milano e i collettivi studenteschi.\u00a0<\/p>\n<p> <img alt=\"Il corteo mentre attraversa viale Lucania\" loading=\"lazy\" width=\"2048\" height=\"1365\" decoding=\"async\" data-nimg=\"1\" style=\"color:transparent;max-width:100%;height:auto\"   src=\"https:\/\/www.europesays.com\/it\/wp-content\/uploads\/2025\/10\/il-corteo-mentre-attraversa-viale-lucania.webp\"\/><\/p>\n<p>Il corteo mentre attraversa viale Lucania<\/p>\n<p><strong>La facolt\u00e0 di Scienze Politiche occupata\u00a0<\/strong> <\/p>\n<p>Le numerose adesioni lasciavano pensare <strong>in tanti avrebbero risposto all&#8217;appello<\/strong>. E cos\u00ec \u00e8 stato. Gli studenti della facolt\u00e0 di Scienze politiche della Statale, che \u00e8 ancora occupata, si sono dati appuntamento alle 17 in via Passione, per proseguire da l\u00ec insieme verso piazzale Lodi. Nella sede principale dell&#8217;ateneo, in via Festa del Perdono, nel pomeriggio era in programma un&#8217;assemblea universitaria per la Palestina, mentre alla Bicocca si \u00e8 svolto un presidio durante la riunione del Senato Accademico.\u00a0<\/p>\n<p>19:11<\/p>\n<p>De Corato: &#8220;Manifestanti pro Hamas non pro Pal&#8230;&#8221;\n<\/p>\n<p>&#8220;<strong>Sarebbe pi\u00f9 umano<\/strong>, da parte dei pro-Hamas, che nei giorni della ricorrenza in cui persero la vita migliaia di civili israeliani, quantomeno non si manifesti evitando cos\u00ec altro odio verso appunto Israele e comunit\u00e0 ebraica. Non \u00e8 pi\u00f9 tollerabile che ad ogni corteo o manifestazione <strong>pro-Hamas,<\/strong> si verifichino scontri, incidenti (vedi il mese scorso in <strong>Stazione Centrale <\/strong>o ieri sera a Bologna dove sono stati aggrediti e menati anche alcuni giornalisti) e aggressioni alle forze di polizia con numerosi feriti al seguito&#8221;, queste le parole del deputato di Fratelli d&#8217;Italia, vice presidente della commissione Affari Costituzionali ed ex vice sindaco delle Giunte di centrodestra milanesi\u00a0<strong>Riccardo De Corato.<\/strong><\/p>\n<p> <img alt=\"Molte donne appartenenti alla comunit\u00e0 araba di Milano hanno aderito alla mobilitazione\" loading=\"lazy\" width=\"2048\" height=\"1366\" decoding=\"async\" data-nimg=\"1\" style=\"color:transparent;max-width:100%;height:auto\"   src=\"https:\/\/www.europesays.com\/it\/wp-content\/uploads\/2025\/10\/molte-donne-appartenenti-alla-comunita-araba-di-milano-hanno-aderito-alla-mobilitazione.webp\"\/><\/p>\n<p>Molte donne appartenenti alla comunit\u00e0 araba di Milano hanno aderito alla mobilitazione<\/p>\n<p>18:50<\/p>\n<p>Il corteo marcia in direzione di viale Campania\n<\/p>\n<p>La testa del corteo ha ora superato il cavalcavia di Porta Vittoria e punta verso viale Campania. La manifestazione\u00a0dovrebbe terminare in piazzale Susa, ma non \u00e8 escluso che possa proseguire fino in\u00a0piazza Leonardo da Vinci davanti al Politecnico.\u00a0<\/p>\n<p> <img alt=\"La manifestazione potrebbe proseguire fino in piazza Leonardo Da Vinci\" loading=\"lazy\" width=\"2048\" height=\"1365\" decoding=\"async\" data-nimg=\"1\" style=\"color:transparent;max-width:100%;height:auto\"   src=\"https:\/\/www.europesays.com\/it\/wp-content\/uploads\/2025\/10\/la-manifestazione-potrebbe-proseguire-fino-in-piazza-leonardo-da-vinci.webp\"\/><\/p>\n<p>La manifestazione potrebbe proseguire fino in piazza Leonardo Da Vinci<\/p>\n<p>18:36<\/p>\n<p>Netanyahu ritratto come un gerarca nazista\n<\/p>\n<p>In testa al corteo, fin dall&#8217;inizio della manifestazione, \u00e8 comparso un cartello con la scritta gialla\u00a0&#8220;Criminale e intollerabile aggressione \u00a0militare alla Flotilla&#8221;, e la scritta bianca &#8220;Meloni corresponsabile&#8221;. Accanto ai due slogan, le immagini del premier israeliano\u00a0Benjamin Netanyahu e di Giorgia Meloni vestiti da gerarca nazista il primo, e da fascista la seconda. Il cartello, riproposto questa sera a Milano,\u00a0era gi\u00e0 comparso durante una manifestazione a Firenze nei giorni scorsi.<\/p>\n<p> <img alt=\"ll cartello che paragona Netanyahu e Meloni a dei gerarchi nazisti\" loading=\"lazy\" width=\"1000\" height=\"1500\" decoding=\"async\" data-nimg=\"1\" style=\"color:transparent;max-width:100%;height:auto\"   src=\"https:\/\/www.europesays.com\/it\/wp-content\/uploads\/2025\/10\/ll-cartello-che-paragona-netanyahu-e-meloni-a-dei-gerarchi-nazisti.webp\"\/><\/p>\n<p>ll cartello che paragona Netanyahu e Meloni a dei gerarchi nazisti<\/p>\n<p>18:06<\/p>\n<p>Traffico in tilt, ma dai veicoli applausi e solidariet\u00e0\n<\/p>\n<p>I manifestanti hanno &#8220;invaso&#8221; la strada bloccando il traffico, nel pieno dell&#8217;ora di punta,\u00a0fra viale Lucania e piazzale Bologna sulla direttrice per le tangenziali e l&#8217;Autostrada del Sole, oltre che sulla carreggiata opposta di viale Puglie. Una vera e propria &#8220;sfilata&#8221; fra i veicoli, accolta per\u00f2 da tanti conducenti con pazienza e anche qualche sorriso nei confronti della causa palestinese: alcuni di loro sono scesi dai veicoli e li hanno applauditi.\u00a0<\/p>\n<p>17:44<\/p>\n<p>La Stella di Davide equiparata alla svastica\u00a0\n<\/p>\n<p>Alcuni manifestanti hanno disegnato con della vernice rossa,\u00a0sulle strisce pedonali di piazzale Corvetto, una stella di Davide accanto a una svastica con il simbolo dell&#8217;uguale. Il blitz \u00e8 avvenuto mentre il corteo stava\u00a0girando attorno alla piazza per imboccare il vicino viale Lucania<\/p>\n<p> <img alt=\"La svastica equiparata alla Stella di Davide disegnata sulle zebre di piazzale Corvetto\" loading=\"lazy\" width=\"1582\" height=\"655\" decoding=\"async\" data-nimg=\"1\" style=\"color:transparent;max-width:100%;height:auto\"   src=\"https:\/\/www.europesays.com\/it\/wp-content\/uploads\/2025\/10\/la-svastica-equiparata-alla-stella-di-davide-disegnata-sulle-zebre-di-piazzale-corvetto.webp\"\/><\/p>\n<p>La svastica equiparata alla Stella di Davide disegnata sulle zebre di piazzale Corvetto<\/p>\n<p>17:34<\/p>\n<p>Universit\u00e0 Bicocca, il Senato Accademico\u00a0approva mozione su Gaza\n<\/p>\n<p>&#8220;Fino al perdurare di questa crisi, il Senato Accademico esorta tutte le componenti della comunit\u00e0\u00a0universitaria a <strong>non sottoscrivere n\u00e9\u00a0rinnovare accordi con istituzioni direttamente coinvolte nelle gravi violazioni del diritto internazionale umanitario e dei diritti umani fondamentali&#8221;.<\/strong> E&#8217; quanto si legge nella <strong>mozione su Gaza<\/strong> approvata oggi dal <strong>Senato accademico dell&#8217;Universit\u00e0\u00a0Bicocca di Milano<\/strong>.\u00a0&#8220;Ogni scelta accademica dovr\u00e0\u00a0orientarsi al rispetto dei principi di pace e giustizia &#8211; si legge ancora nel documento &#8211; allo stesso tempo, l&#8217;Ateneo esprime solidariet\u00e0\u00a0alle colleghe e ai colleghi israeliani che, a loro rischio personale, si oppongono alle azioni che il proprio governo sta portando avanti nella Striscia di Gaza e si impegnano per difendere il ruolo etico e civile della ricerca e della didattica universitaria&#8221;. Dopo la Statale di Milano, anche la Bicocca, quindi, <strong>&#8220;condanna con forza le gravi violazioni dei diritti umani fondamentali e del diritto internazionale umanitario <\/strong>perpetrate dallo Stato di Israele, compreso il massacro della popolazione civile, la distruzione indiscriminata di edifici civili, universitari e scolastici, gli ostacoli posti agli aiuti umanitari e alle missioni della Flotilla, al personale medico, ai giornalisti e ai volontari, nonch\u00e9\u00a0il ricorso intenzionale alla carestia&#8221;. Infine l&#8217;ateneo chiede &#8220;la liberazione di tutti gli ostaggi, il cessate il fuoco, l&#8217;apertura e la messa in sicurezza di corridoi umanitari, l&#8217;apertura di tutti i pertinenti valichi di frontiera, il rispetto delle risoluzioni delle Nazioni Unite che riconoscono al popolo palestinese il diritto all&#8217;autodeterminazione e l&#8217;attuazione delle Convenzioni di Ginevra nel rispetto, innanzitutto, della vita, della dignit\u00e0, del diritto alle cure e allo studio della popolazione che vive nella Striscia&#8221;. A stretto giro la replica del\u00a0<strong>presidente della Comunit\u00e0 ebraica di Milano\u00a0Walker Meghnagi:\u00a0<\/strong>&#8221;\u00c8 una vergogna che una Universit\u00e0 come la Bicocca faccia una cosa del genere. Indubbiamente \u00e8 antisemitismo, perch\u00e9 si va a colpire la popolazione israeliana normale, civile, ossia coloro che vengono qui a studiare, si tratta di uno scambio culturale che esiste da 60 anni&#8221;.<\/p>\n<p>\u00a0<\/p>\n<p>\u00a0<\/p>\n<p>16:57<\/p>\n<p>Tra i manifestanti anche il consigliere dem Paolo Romano\n<\/p>\n<p>C&#8217;\u00e8 anche <strong><a rel=\"follow nofollow noopener\" href=\"https:\/\/www.ilgiorno.it\/milano\/cronaca\/paolo-romano-flottilla-gaza-j66ven2p\" target=\"_blank\">Paolo Romano, il consigliere regionale Pd imbarcato sulla Global Sumud Flotilla<\/a>,<\/strong> tra le persone che questa sera si sono radunate in piazzale Lodi, a Milano, per esprimere solidariet\u00e0 a Gaza e alla Freedom Flotilla. &#8221;Chiediamo la liberazione degli attivisti che questa notte sono stati nuovamente fermati illegalmente, come \u00e8 successo a noi, contro il diritto internazionale, sempre in acque internazionali. Non devono subire i trattamenti disumani che abbiamo subito noi&#8221;, ha detto il consigliere dem, alla prima manifestazione a cui partecipa dopo il <a rel=\"follow nofollow noopener\" href=\"https:\/\/www.ilgiorno.it\/milano\/cronaca\/paolo-romano-flottilla-gaza-j66ven2p\" target=\"_blank\">rientro in Italia, sabato sera<\/a>. &#8221;Sono tornato per la prima volta in piazza, perch\u00e9 non \u00e8 accettabile che a Gaza continui il genocidio e che gli attivisti e le attiviste della Flotilla vengano trattati cos\u00ec&#8221;, ha spiegato, raccontando ci\u00f2 che \u00e8 accaduto nei giorni in cui \u00e8 stato trattenuto in carcere in Israele. &#8221;Stiamo raccogliendo tutto quello che ci \u00e8 accaduto, dai pestaggi alla privazione d&#8217;acqua e del sonno, alle umiliazioni, agli insulti, fino ai cani aizzati per spaventarci. Denunceremo tutto&#8221;, ha annunciato Romano, precisando &#8221;per\u00f2 con chiarezza che le vessazioni che abbiamo subito sono un milionesimo rispetto a quello che subiscono tutti i giorni i palestinesi, che pagherebbero per avere un tetto sopra la testa come lo avevamo noi in carcere, anche se eravamo venti in una stanza da otto. Pagherebbero per avere del cibo e dell&#8217;acqua, anche non potabile, come quella dei bagni che eravamo costretti a bere. Pagherebbero per ricevere da Israele solo le violenze che abbiamo subito noi&#8221;.<\/p>\n<p>16:52<\/p>\n<p>Il percorso del corteo\n<\/p>\n<p>Il corteo \u00e8 partito. I manifestanti dovrebbero percorrere corso Lodi fino al Corvetto, fare il giro e tornare indietro su corso Lodi. Poi il percorso, non preavvisato e quindi in divenire, dovrebbe poi prevedere questo tragitto: viale Bacchiglione, piazzale Bologna, viale Puglie, piazzale Cuoco, viale Molise, viale Campania e piazzale Susa.\u00a0Circa un migliaio le persone in strada al momento.\u00a0<\/p>\n<p> <img alt=\"Corteo pro Gaza a Milano\" loading=\"lazy\" width=\"1600\" height=\"1066\" decoding=\"async\" data-nimg=\"1\" style=\"color:transparent;max-width:100%;height:auto\"   src=\"https:\/\/www.europesays.com\/it\/wp-content\/uploads\/2025\/10\/corteo-pro-gaza-a-milano.webp\"\/><\/p>\n<p>Corteo pro Gaza a Milano<\/p>\n<p>16:43<\/p>\n<p>Corteo lungo corso Lodi\n<\/p>\n<p>Il corteo pro Gaza e Flottilla\u00a0sta per partire lungo corso Lodi a Milano.\u00a0I manifestanti presenti alla manifestazione (lanciata attraverso un tam tam sui social) urlano tra i vari slogan anche quello &#8220;Il 7 ottobre non \u00e8 una ricorrenza, ora e sempre resistenza&#8221;.\u00a0<\/p>\n<p>16:30<\/p>\n<p>Manifestazione pro Gaza: in centinaia in piazzale Lodi\n<\/p>\n<p>Alle 18.15 sono gi\u00e0 diverse centinaia i<strong> manifestanti pro Gaza che si sono ritrovati in piazzale Lodi <\/strong>per partecipare al presidio a <strong>sostegno della Flotilla<\/strong>, rispondendo alla chiamata arrivata via social nelle ultime ore e rilanciata da collettivi studenteschi, centri sociali e movimenti per la Palestina. Un presidio che, secondo le previsioni della vigilia, dovrebbe trasformarsi in <strong>corteo<\/strong>. Al momento, l&#8217;ipotesi \u00e8 che i manifestanti si\u00a0dirigano a sud, percorrendo corso Lodi verso Corvetto. &#8220;Palestina libera dal fiume fino al mare, <strong>Milano lo sa da che parte stare&#8221;<\/strong>, lo slogan urlato al megafono. Gi\u00e0 evidenti le ripercussioni sul traffico nella zona che ruota attorno a piazzale Lodi. L&#8217;area \u00e8 presidiata da camionette di polizia e carabinieri.\u00a0<\/p>\n<p> <img alt=\"Manifestazione pro Gaza\" loading=\"lazy\" width=\"1920\" height=\"1080\" decoding=\"async\" data-nimg=\"1\" style=\"color:transparent;max-width:100%;height:auto\"   src=\"https:\/\/www.europesays.com\/it\/wp-content\/uploads\/2025\/10\/manifestazione-pro-gaza.webp\"\/> <\/p>\n","protected":false},"excerpt":{"rendered":"Milano, 8 ottobre 2025 \u2013\u00a0Nuova manifestazione oggi mercoled\u00ec 8 ottobre a Milano a sostegno di Gaza e della&hellip;\n","protected":false},"author":3,"featured_media":153944,"comment_status":"","ping_status":"","sticky":false,"template":"","format":"standard","meta":{"footnotes":""},"categories":[79],"tags":[16468,13416,14,93,94,5631,13989,95266,72,1537,90,89,58,28,30386,7,15,22471,1780,11,84,91,12,85,92],"class_list":{"0":"post-153943","1":"post","2":"type-post","3":"status-publish","4":"format-standard","5":"has-post-thumbnail","7":"category-italia","8":"tag-applausi","9":"tag-corteo","10":"tag-cronaca","11":"tag-cronaca-italiana","12":"tag-cronacaitaliana","13":"tag-diretta","14":"tag-flotilla","15":"tag-gerarca","16":"tag-israele","17":"tag-it","18":"tag-italia","19":"tag-italy","20":"tag-meloni","21":"tag-milano","22":"tag-nazista","23":"tag-news","24":"tag-notizie","25":"tag-tilt","26":"tag-traffico","27":"tag-ultime-notizie","28":"tag-ultime-notizie-e-news-di-oggi","29":"tag-ultime-notizie-italia","30":"tag-ultimenotizie","31":"tag-ultimenotizieenewsdioggi","32":"tag-ultimenotizieitalia"},"share_on_mastodon":{"url":"","error":""},"_links":{"self":[{"href":"https:\/\/www.europesays.com\/it\/wp-json\/wp\/v2\/posts\/153943","targetHints":{"allow":["GET"]}}],"collection":[{"href":"https:\/\/www.europesays.com\/it\/wp-json\/wp\/v2\/posts"}],"about":[{"href":"https:\/\/www.europesays.com\/it\/wp-json\/wp\/v2\/types\/post"}],"author":[{"embeddable":true,"href":"https:\/\/www.europesays.com\/it\/wp-json\/wp\/v2\/users\/3"}],"replies":[{"embeddable":true,"href":"https:\/\/www.europesays.com\/it\/wp-json\/wp\/v2\/comments?post=153943"}],"version-history":[{"count":0,"href":"https:\/\/www.europesays.com\/it\/wp-json\/wp\/v2\/posts\/153943\/revisions"}],"wp:featuredmedia":[{"embeddable":true,"href":"https:\/\/www.europesays.com\/it\/wp-json\/wp\/v2\/media\/153944"}],"wp:attachment":[{"href":"https:\/\/www.europesays.com\/it\/wp-json\/wp\/v2\/media?parent=153943"}],"wp:term":[{"taxonomy":"category","embeddable":true,"href":"https:\/\/www.europesays.com\/it\/wp-json\/wp\/v2\/categories?post=153943"},{"taxonomy":"post_tag","embeddable":true,"href":"https:\/\/www.europesays.com\/it\/wp-json\/wp\/v2\/tags?post=153943"}],"curies":[{"name":"wp","href":"https:\/\/api.w.org\/{rel}","templated":true}]}}